{"id":3163,"date":"2019-08-15T13:06:20","date_gmt":"2019-08-15T13:06:20","guid":{"rendered":"http:\/\/www.fracturaexpuesta.com.ar\/tango\/?p=3163"},"modified":"2019-08-15T13:15:43","modified_gmt":"2019-08-15T13:15:43","slug":"olga-orozco-cuando-me-preguntan-que-poesia-hago-a-veces-digo-que-hago-tangos-con-categoria","status":"publish","type":"post","link":"https:\/\/www.fracturaexpuesta.com.ar\/tango\/olga-orozco-cuando-me-preguntan-que-poesia-hago-a-veces-digo-que-hago-tangos-con-categoria\/","title":{"rendered":"Olga Orozco: \u201cCuando me preguntan qu\u00e9 poes\u00eda hago, a veces digo que hago tangos con categor\u00eda\u201d"},"content":{"rendered":"\n<p class=\"wp-block-paragraph\">Poeta, escritora, periodista y por momentos tarotista, Olga Orozco (Olga Nilda Gugliotta) es una de las mayores voces dentro de las letras argentinas. <\/p>\n\n\n\n<p class=\"wp-block-paragraph\">Nacida en Toay, La Pampa, Orozco traz\u00f3 su poes\u00eda con temas centrales como el tiempo, la memoria, la fantas\u00eda, los seres imaginados y la \u201cfe en los distintos planos de la realidad\u201d.<\/p>\n\n\n\n<p class=\"wp-block-paragraph\">\u201cDir\u00eda que mi poes\u00eda es de intemperies y desamparos\u201d, dec\u00eda Olga cuando le preguntaban sobre su b\u00fasqueda. Una b\u00fasqueda que necesitaba de amuletos, talismanes y m\u00e1scaras protectoras que la sintonizaban con su fondo de creaci\u00f3n. Sin olvidar a Berenice, su gata, a la que le dedic\u00f3 un libro entero de poemas, Cantos a Berenice.<\/p>\n\n\n\n<script async=\"\" src=\"https:\/\/pagead2.googlesyndication.com\/pagead\/js\/adsbygoogle.js\"><\/script>\n<ins class=\"adsbygoogle\" style=\"display:block; text-align:center;\" data-ad-layout=\"in-article\" data-ad-format=\"fluid\" data-ad-client=\"ca-pub-2103671489020353\" data-ad-slot=\"7337250265\"><\/ins>\n<script>\n     (adsbygoogle = window.adsbygoogle || []).push({});\n<\/script>\n\n\n\n<p class=\"wp-block-paragraph\"><\/p>\n\n\n\n<p class=\"wp-block-paragraph\">\u201cYo escribo con una piedra en la mano, una piedra de San Luis en una mano y una de Sicilia en la otra; claro que no puedo escribir con las dos piedras pero las tomo alternativamente; la de San Luis, donde naci\u00f3 mi madre y una de Capo Dorlando, Sicilia, donde naci\u00f3 mi padre. Y a veces tomo una piedrecita negra que me dio un chico del que estuve enamorada cuando ten\u00eda seis a\u00f1os. Yo siento a las piedras, las siento latir como si tuviera un coraz\u00f3n de p\u00e1jaro en la mano\u201d, contaba Orozco en una entrevista ofrecida al poeta Jorge Boccanera.<\/p>\n\n\n\n<iframe loading=\"lazy\" width=\"560\" height=\"315\" src=\"https:\/\/www.youtube.com\/embed\/lOb2oZx-saU\" frameborder=\"0\" allow=\"accelerometer; autoplay; encrypted-media; gyroscope; picture-in-picture\" allowfullscreen=\"\"><\/iframe>\n\n\n\n<p class=\"wp-block-paragraph\"><\/p>\n\n\n\n<p class=\"wp-block-paragraph\">Amante del tango, la poeta confesaba precisamente en esa charla con Boccanera sus gustos por el g\u00e9nero:<\/p>\n\n\n\n<p class=\"wp-block-paragraph\"><strong>&#8211; \u00bfEs cierto que usted cantaba tangos? La periodista uruguaya Mar\u00eda Esther Gilio le adjudica una voz de musa de arrabal.<\/strong><\/p>\n\n\n\n<p class=\"wp-block-paragraph\">&#8211; Me parece un t\u00edtulo bastante honor\u00edfico. Cuando me preguntan qu\u00e9 clase de poes\u00eda hago, a veces digo que hago tangos con categor\u00eda. Me gustan Disc\u00e9polo, Manzi, Exp\u00f3sito, C\u00e1tulo Castillo. En casa de Girondo, despu\u00e9s de las dos de la ma\u00f1ana, \u00e9l, que me ten\u00eda much\u00edsimo cari\u00f1o, me permit\u00eda cantar un par de tangos. Yo por dentro me sent\u00eda un \u00e1ngel cantando pero por fuera sonaba a perro. Le ve\u00eda a todo el mundo intenciones de amordazarme.<\/p>\n\n\n\n<p class=\"wp-block-paragraph\"><strong>&#8211; N\u00f3mbreme algunos tangos de su repertorio.<\/strong><\/p>\n\n\n\n<p class=\"wp-block-paragraph\">&#8211; \u201cSur\u201d, \u201cChe bandone\u00f3n\u201d y \u201cUna canci\u00f3n\u201d.<\/p>\n\n\n\n<p class=\"wp-block-paragraph\">Orozco falleci\u00f3 en Buenos Aires el 15 de agosto de 1999. Aunque no cumpl\u00eda con el est\u00e1ndar de un libro cada dos a\u00f1os, su obra expresa una potencia inaudita que podr\u00eda condensarse para siempre con el primero de sus notables libros.<\/p>\n\n\n\n<p class=\"wp-block-paragraph\">En el micro radial de Fractura Expuesta \u201cCon un drag\u00f3n en la lengua\u201d, la poeta fue retratada por Mat\u00edas Mauricio. <\/p>\n\n\n\n<p class=\"wp-block-paragraph\">\u201cAlguna vez se debati\u00f3 sobre la ausencia de mujeres en los altos tronos del arte. Olga Orozco con un solo poema lo desmiente y lo hace valer por un trill\u00f3n de hombres\u201d, comenta Mauricio. Y agrega: \u201cCada verso invita a detenerse, a pensarlo, a so\u00f1arlo como un peque\u00f1o mundo\u201d. <\/p>\n\n\n\n<iframe id=\"audio_8800857\" frameborder=\"0\" allowfullscreen=\"\" scrolling=\"no\" height=\"200\" style=\"border:1px solid #EEE; box-sizing:border-box; width:100%;\" src=\"https:\/\/www.ivoox.com\/player_ej_8800857_4_1.html?c1=ff6600\"><\/iframe>\n","protected":false},"excerpt":{"rendered":"<p>A 20 a\u00f1os de la transmutaci\u00f3n de la poeta argentina, un repaso por sus gustos tangueros.<\/p>\n","protected":false},"author":1,"featured_media":3164,"comment_status":"open","ping_status":"open","sticky":false,"template":"","format":"standard","meta":{"footnotes":""},"categories":[3],"tags":[32,220,111],"class_list":["post-3163","post","type-post","status-publish","format-standard","has-post-thumbnail","hentry","category-noticias","tag-featured","tag-olga-orozco","tag-tango"],"_links":{"self":[{"href":"https:\/\/www.fracturaexpuesta.com.ar\/tango\/wp-json\/wp\/v2\/posts\/3163","targetHints":{"allow":["GET"]}}],"collection":[{"href":"https:\/\/www.fracturaexpuesta.com.ar\/tango\/wp-json\/wp\/v2\/posts"}],"about":[{"href":"https:\/\/www.fracturaexpuesta.com.ar\/tango\/wp-json\/wp\/v2\/types\/post"}],"author":[{"embeddable":true,"href":"https:\/\/www.fracturaexpuesta.com.ar\/tango\/wp-json\/wp\/v2\/users\/1"}],"replies":[{"embeddable":true,"href":"https:\/\/www.fracturaexpuesta.com.ar\/tango\/wp-json\/wp\/v2\/comments?post=3163"}],"version-history":[{"count":8,"href":"https:\/\/www.fracturaexpuesta.com.ar\/tango\/wp-json\/wp\/v2\/posts\/3163\/revisions"}],"predecessor-version":[{"id":3172,"href":"https:\/\/www.fracturaexpuesta.com.ar\/tango\/wp-json\/wp\/v2\/posts\/3163\/revisions\/3172"}],"wp:featuredmedia":[{"embeddable":true,"href":"https:\/\/www.fracturaexpuesta.com.ar\/tango\/wp-json\/wp\/v2\/media\/3164"}],"wp:attachment":[{"href":"https:\/\/www.fracturaexpuesta.com.ar\/tango\/wp-json\/wp\/v2\/media?parent=3163"}],"wp:term":[{"taxonomy":"category","embeddable":true,"href":"https:\/\/www.fracturaexpuesta.com.ar\/tango\/wp-json\/wp\/v2\/categories?post=3163"},{"taxonomy":"post_tag","embeddable":true,"href":"https:\/\/www.fracturaexpuesta.com.ar\/tango\/wp-json\/wp\/v2\/tags?post=3163"}],"curies":[{"name":"wp","href":"https:\/\/api.w.org\/{rel}","templated":true}]}}