{"id":3173,"date":"2019-08-18T15:27:48","date_gmt":"2019-08-18T15:27:48","guid":{"rendered":"http:\/\/www.fracturaexpuesta.com.ar\/tango\/?p=3173"},"modified":"2019-08-18T15:30:29","modified_gmt":"2019-08-18T15:30:29","slug":"pa-que-bailen-los-muertos-un-tango-circular-de-la-ot-ciudad-baigon","status":"publish","type":"post","link":"https:\/\/www.fracturaexpuesta.com.ar\/tango\/pa-que-bailen-los-muertos-un-tango-circular-de-la-ot-ciudad-baigon\/","title":{"rendered":"\u00abPa&#8217; que bailen los muertos\u00bb, un tango \u00abcircular\u00bb de la OT Ciudad Baig\u00f3n"},"content":{"rendered":"\n<p class=\"wp-block-paragraph\">La orquesta t\u00edpica dio a conocer el video de \u00abPa&#8217; que bailen los muertos\u00bb, uno de los tangos originales que integran <em>La rebeli\u00f3n de las polillas<\/em>, el CD que la formaci\u00f3n public\u00f3 a principios de 2019 y que grab\u00f3 en los legendarios estudios Abbey Road de Reino Unido.<\/p>\n\n\n\n<p class=\"wp-block-paragraph\">El material muestra a la orquesta en el formato que denominaron como concierto \u00abcircular\u00bb, una propuesta que actualmente presenta a Ciudad Baig\u00f3n en sinton\u00eda ac\u00fastica, tocando en ronda, sin escenario y con el p\u00fablico en cercan\u00eda.<\/p>\n\n\n\n<p class=\"wp-block-paragraph\"><em>La rebeli\u00f3n de las polillas<\/em> re\u00fane nuevos tangos instrumentales y cantados con m\u00fasica y letra de la dupla que conformaron el pianista Hern\u00e1n Cabrera y el violinista Gabriel Gowezniansky. \u00abQu\u00e9 soy\u00bb uno de los temas del CD, cuenta con la participaci\u00f3n de la cantante peruana Susana Baca.<\/p>\n\n\n\n<iframe loading=\"lazy\" width=\"560\" height=\"315\" src=\"https:\/\/www.youtube.com\/embed\/3rc_GKQlqz8\" frameborder=\"0\" allow=\"accelerometer; autoplay; encrypted-media; gyroscope; picture-in-picture\" allowfullscreen><\/iframe>\n\n\n\n<p class=\"wp-block-paragraph\"><\/p>\n","protected":false},"excerpt":{"rendered":"<p>La orquesta t\u00edpica dio a conocer el video de \u00abPa&#8217; que bailen los muertos\u00bb, uno de los tangos originales que integran La rebeli\u00f3n de las polillas, el CD que la formaci\u00f3n public\u00f3 a principios de 2019 y que grab\u00f3 en los legendarios estudios Abbey Road de Reino Unido. El material muestra a la orquesta en [&hellip;]<\/p>\n","protected":false},"author":1,"featured_media":3174,"comment_status":"open","ping_status":"open","sticky":false,"template":"","format":"video","meta":{"footnotes":""},"categories":[2],"tags":[221,32,111],"class_list":["post-3173","post","type-post","status-publish","format-video","has-post-thumbnail","hentry","category-videos","tag-ciudad-baigon","tag-featured","tag-tango","post_format-post-format-video"],"_links":{"self":[{"href":"https:\/\/www.fracturaexpuesta.com.ar\/tango\/wp-json\/wp\/v2\/posts\/3173","targetHints":{"allow":["GET"]}}],"collection":[{"href":"https:\/\/www.fracturaexpuesta.com.ar\/tango\/wp-json\/wp\/v2\/posts"}],"about":[{"href":"https:\/\/www.fracturaexpuesta.com.ar\/tango\/wp-json\/wp\/v2\/types\/post"}],"author":[{"embeddable":true,"href":"https:\/\/www.fracturaexpuesta.com.ar\/tango\/wp-json\/wp\/v2\/users\/1"}],"replies":[{"embeddable":true,"href":"https:\/\/www.fracturaexpuesta.com.ar\/tango\/wp-json\/wp\/v2\/comments?post=3173"}],"version-history":[{"count":3,"href":"https:\/\/www.fracturaexpuesta.com.ar\/tango\/wp-json\/wp\/v2\/posts\/3173\/revisions"}],"predecessor-version":[{"id":3177,"href":"https:\/\/www.fracturaexpuesta.com.ar\/tango\/wp-json\/wp\/v2\/posts\/3173\/revisions\/3177"}],"wp:featuredmedia":[{"embeddable":true,"href":"https:\/\/www.fracturaexpuesta.com.ar\/tango\/wp-json\/wp\/v2\/media\/3174"}],"wp:attachment":[{"href":"https:\/\/www.fracturaexpuesta.com.ar\/tango\/wp-json\/wp\/v2\/media?parent=3173"}],"wp:term":[{"taxonomy":"category","embeddable":true,"href":"https:\/\/www.fracturaexpuesta.com.ar\/tango\/wp-json\/wp\/v2\/categories?post=3173"},{"taxonomy":"post_tag","embeddable":true,"href":"https:\/\/www.fracturaexpuesta.com.ar\/tango\/wp-json\/wp\/v2\/tags?post=3173"}],"curies":[{"name":"wp","href":"https:\/\/api.w.org\/{rel}","templated":true}]}}