{"id":3183,"date":"2019-08-21T21:21:18","date_gmt":"2019-08-21T21:21:18","guid":{"rendered":"http:\/\/www.fracturaexpuesta.com.ar\/tango\/?p=3183"},"modified":"2021-10-27T02:05:27","modified_gmt":"2021-10-27T02:05:27","slug":"picadito-de-tango-4-cucuza-y-amores-tangos-federico-pierro-y-facaff-3","status":"publish","type":"post","link":"https:\/\/www.fracturaexpuesta.com.ar\/tango\/picadito-de-tango-4-cucuza-y-amores-tangos-federico-pierro-y-facaff-3\/","title":{"rendered":"Picadito de tango #4: Cucuza y Amores Tangos, Federico Pierro y FACAFF 3"},"content":{"rendered":"\n<p style=\"color:#ff0000\" class=\"has-text-color wp-block-paragraph\"><strong>Menesunda &amp; carnaval<\/strong><\/p>\n\n\n\n<p class=\"wp-block-paragraph\">Habr\u00e1 cruce gen\u00e9tico-musical el 6 de septiembre, a las 21, en La Trastienda. El cantor Cucuza Castiello y Amores Tangos ofrecer\u00e1n un concierto conjunto en donde sonar\u00e1 tango, rock nacional, murga y cumbia.<\/p>\n\n\n\n<p class=\"wp-block-paragraph\">La parte tango-rockera estar\u00e1 comandada por el cantor y\nsu Menesunda Tangolencia Rockera, el cruce de estilos que Cucuza plasm\u00f3\nrecientemente en un disco sin desperdicio.<\/p>\n\n\n\n<p class=\"wp-block-paragraph\">El carnaval tendr\u00e1 a Amores Tangos como protagonista. El\ngrupo que recientemente festej\u00f3 sus 10 a\u00f1os en el mismo espacio en el que ahora\nvuelve a subirse al escenario, regresa para desplegar su misa festiva de m\u00fasica\nrioplatense.<\/p>\n\n\n\n<p style=\"color:#ff0000\" class=\"has-text-color wp-block-paragraph\"><strong>Inmigrante: La voz del desarraigo<\/strong><\/p>\n\n\n\n<p class=\"wp-block-paragraph\">El cantante argentino Federico Pierro -radicado en\nEuropa- desembarca en la Argentina para presentar su espect\u00e1culo <em>Inmigrante:\nLa voz del desarraigo<\/em>.<\/p>\n\n\n\n<p class=\"wp-block-paragraph\">Se trata de una propuesta musical, teatral y cultural de\ntango creada e interpretada por Pierro que re\u00fane una selecci\u00f3n de tangos\ntradicionales, registros audiovisuales, voces, canciones y actuaciones en vivo,\nen las que se traza un resumen de la historia de la inmigraci\u00f3n italiana en la Argentina\nen los siglos XIX y XX y la emigraci\u00f3n actual de las nuevas generaciones en\nEuropa.<\/p>\n\n\n\n<p class=\"wp-block-paragraph\">El espect\u00e1culo se presentar\u00e1 el domingo 8 de septiembre,\na las 18, en el Auditorio Antonio Ferraiuolo de la Asociaci\u00f3n Calabresa Mutual\ny Cultural de Buenos Aires (Av. Belgrano 3965).&nbsp;\n<\/p>\n\n\n\n<p style=\"color:#ff0004\" class=\"has-text-color wp-block-paragraph\"><strong>Se acerca FACAFF 3<\/strong><\/p>\n\n\n\n<p class=\"wp-block-paragraph\">El 1 de septiembre arranca la tercera edici\u00f3n del encuentro FACAFF (Familia del Club Atl\u00e9tico Fern\u00e1ndez Fierro) en el que m\u00e1s de 80 agrupaciones ofrecer\u00e1n, durante 17 d\u00edas, una mirada aut\u00e9ntica y renovadora desde el tango actual.<\/p>\n\n\n\n<p class=\"wp-block-paragraph\">Esta vez, las sedes del festival autogestivo se ampl\u00edan y ser\u00e1n tres: el CAFF, el Espacio Cultural Benigno y La Catedral.<\/p>\n\n\n\n<p class=\"wp-block-paragraph\">Pr\u00f3ximamente, toda programaci\u00f3n en Fractura Expuesta.<\/p>\n","protected":false},"excerpt":{"rendered":"<p>Concierto doble, un espect\u00e1culo que cuenta la inmigraci\u00f3n desde el tango y la nueva edici\u00f3n del festival FACAFF.<\/p>\n","protected":false},"author":1,"featured_media":3184,"comment_status":"open","ping_status":"open","sticky":false,"template":"","format":"standard","meta":{"footnotes":""},"categories":[3],"tags":[126,119,223,32,222,201,111],"class_list":["post-3183","post","type-post","status-publish","format-standard","has-post-thumbnail","hentry","category-noticias","tag-amores-tangos","tag-cucuza-castiello","tag-facaff","tag-featured","tag-federico-pierro","tag-picadito","tag-tango"],"_links":{"self":[{"href":"https:\/\/www.fracturaexpuesta.com.ar\/tango\/wp-json\/wp\/v2\/posts\/3183","targetHints":{"allow":["GET"]}}],"collection":[{"href":"https:\/\/www.fracturaexpuesta.com.ar\/tango\/wp-json\/wp\/v2\/posts"}],"about":[{"href":"https:\/\/www.fracturaexpuesta.com.ar\/tango\/wp-json\/wp\/v2\/types\/post"}],"author":[{"embeddable":true,"href":"https:\/\/www.fracturaexpuesta.com.ar\/tango\/wp-json\/wp\/v2\/users\/1"}],"replies":[{"embeddable":true,"href":"https:\/\/www.fracturaexpuesta.com.ar\/tango\/wp-json\/wp\/v2\/comments?post=3183"}],"version-history":[{"count":2,"href":"https:\/\/www.fracturaexpuesta.com.ar\/tango\/wp-json\/wp\/v2\/posts\/3183\/revisions"}],"predecessor-version":[{"id":3186,"href":"https:\/\/www.fracturaexpuesta.com.ar\/tango\/wp-json\/wp\/v2\/posts\/3183\/revisions\/3186"}],"wp:featuredmedia":[{"embeddable":true,"href":"https:\/\/www.fracturaexpuesta.com.ar\/tango\/wp-json\/wp\/v2\/media\/3184"}],"wp:attachment":[{"href":"https:\/\/www.fracturaexpuesta.com.ar\/tango\/wp-json\/wp\/v2\/media?parent=3183"}],"wp:term":[{"taxonomy":"category","embeddable":true,"href":"https:\/\/www.fracturaexpuesta.com.ar\/tango\/wp-json\/wp\/v2\/categories?post=3183"},{"taxonomy":"post_tag","embeddable":true,"href":"https:\/\/www.fracturaexpuesta.com.ar\/tango\/wp-json\/wp\/v2\/tags?post=3183"}],"curies":[{"name":"wp","href":"https:\/\/api.w.org\/{rel}","templated":true}]}}