{"id":3195,"date":"2019-09-03T00:13:29","date_gmt":"2019-09-03T00:13:29","guid":{"rendered":"http:\/\/www.fracturaexpuesta.com.ar\/tango\/?p=3195"},"modified":"2019-09-03T00:13:33","modified_gmt":"2019-09-03T00:13:33","slug":"facaff-3-un-mapa-de-los-nuevos-aires-del-tango","status":"publish","type":"post","link":"https:\/\/www.fracturaexpuesta.com.ar\/tango\/facaff-3-un-mapa-de-los-nuevos-aires-del-tango\/","title":{"rendered":"FACAFF 3: un mapa de los nuevos aires del tango"},"content":{"rendered":"\n<p class=\"wp-block-paragraph\">Con vistas a consolidarse como uno de los encuentros que re\u00fane a una porci\u00f3n bien representativa del movimiento contempor\u00e1neo de tango, arranc\u00f3 la nueva edici\u00f3n del FACAFF que se extender\u00e1 este a\u00f1o a lo largo de 17 jornadas y en tres sedes.<\/p>\n\n\n\n<p class=\"wp-block-paragraph\">Son m\u00e1s de 80 propuestas a trav\u00e9s de las que se podr\u00e1 obtener un mapa de los sonidos que hoy circulan por la m\u00fasica urbana. Sonidos que se ofrecen ahora en tres sedes porte\u00f1as: CAFF (S\u00e1nchez de Bustamante 772), Espacio Cultural Benigno (Av. Chiclana 3045) y La Catedral (Sarmiento 4006).<\/p>\n\n\n\n<script async=\"\" src=\"https:\/\/pagead2.googlesyndication.com\/pagead\/js\/adsbygoogle.js\"><\/script>\n<ins class=\"adsbygoogle\" style=\"display:block; text-align:center;\" data-ad-layout=\"in-article\" data-ad-format=\"fluid\" data-ad-client=\"ca-pub-2103671489020353\" data-ad-slot=\"7337250265\"><\/ins>\n<script>\n     (adsbygoogle = window.adsbygoogle || []).push({});\n<\/script>\n\n\n\n<p class=\"wp-block-paragraph\"><\/p>\n\n\n\n<p class=\"wp-block-paragraph\">As\u00ed, mientras el reciente festival de tango de la ciudad ha mostrado un repliegue hacia las propuestas de corte tradicional (ver <a rel=\"noreferrer noopener\" aria-label=\"Tango BA Festival y Mundial 2019: una escena musical sin riesgo (abre en una nueva pesta\u00f1a)\" href=\"https:\/\/www.fracturaexpuesta.com.ar\/tango\/index.php\/2019\/08\/11\/tango-ba-festival-y-mundial-2019-una-escena-musical-sin-riesgo\/\" target=\"_blank\"><em>Tango BA Festival y Mundial 2019: una escena musical sin riesgo<\/em><\/a>), FACAFF concentra, desde la otra orilla, una vasta gama de agrupaciones que se nutren de la innovaci\u00f3n y el nuevo repertorio. &nbsp;<\/p>\n\n\n\n<p class=\"wp-block-paragraph\">Cuarteto La P\u00faa y Victoria Di Raimondo, Bombay Bs.As., Siniestra, Chifladas o la Orquesta T\u00edpica La Vid\u00fa son una peque\u00f1a pincelada de un grilla extensa que se gestiona con el trabajo de los propios participantes. <\/p>\n\n\n\n<p class=\"wp-block-paragraph\">\u201cEs un festival cultural autogestivo que concentra artistas a trav\u00e9s de un lenguaje que es el tango actual, vivo, alejado de los estereotipos y del tango for-export\u201d, explican los organizadores.<\/p>\n\n\n\n<p class=\"wp-block-paragraph\">Con una jornada de apertura que este domingo tuvo los conciertos de Tango de UNA, Orquesta Escuela de Tango Nuevo, Juan Pablo Gallardo Orquesta y el D\u00fao Aguirre Lorenzo, FACAFF se desarrollar\u00e1 durante tres semanas con m\u00fasica y tambi\u00e9n con feria de libros, charlas, muestras fotogr\u00e1ficas, milongas y cine.<\/p>\n\n\n\n<figure><iframe loading=\"lazy\" src=\"https:\/\/www.facebook.com\/plugins\/post.php?href=https%3A%2F%2Fwww.facebook.com%2FFACAFFoficial%2Fposts%2F781121352344120%3A0&amp;width=500\" width=\"500\" height=\"658\"><\/iframe><\/figure>\n\n\n\n<p style=\"color:#ff0000;font-size:28px\" class=\"has-text-color wp-block-paragraph\"><strong>La programaci\u00f3n completa<\/strong><\/p>\n\n\n\n<p class=\"wp-block-paragraph\" style=\"font-size:24px;text-align:center\"><strong>Del 1 al 8 de septiembre <\/strong><\/p>\n\n\n\n<p class=\"wp-block-paragraph\"><strong>Domingo 1 en el CAFF<\/strong> <br>Milonga, clases y talleres de baile a cargo de Tango Cr\u00edtico. Set de Tandas Nuevas. Murga Atrevidos por Costumbre de Palermo. Performance \u00abNo hagas caso de la gente\u00bb con Cecilia Pugin, Maximiliano \u00c1vila.<br><\/p>\n\n\n\n<p class=\"wp-block-paragraph\">A las 20.30, conciertos adentro, en el CAFF<br>Tango de UNA &#8211; Orquesta Escuela de Tango Nuevo &#8211; Juan Pablo Gallardo Orquesta &#8211; Duo Aguirre Lorenzo<\/p>\n\n\n\n<p class=\"wp-block-paragraph\"><strong>Jueves 5 en el CAFF<\/strong><br>Charla abierta \u00abDe este lado del Plata. Cantos y ritmos de Murga Argentina. Un viaje del negro al blanco pasando por el mestizo\u00bb por Ariel Prat.<br>Osvaldo Peredo con Moscato Luna &#8211; Toma Negra &#8211; Cuarteto La P\u00faa y Victoria Di Raimondo \/ Conciertos desde las 21.30 hs.<\/p>\n\n\n\n<p class=\"wp-block-paragraph\"><strong>Viernes 6 en el CAFF<\/strong><br>20.15 \u00abPeores enemigos\u00bb proyecta el documental \u00abAmar Amando\u00bb, dirigido por Yael Szmulewicz.<br>Patricia Malanca presenta \u201cPlebeyas\u201d &#8211; Orquesta Victoria &#8211; Sexteto Fantasma \/ Conciertos desde las 21.30 hs.<\/p>\n\n\n\n<figure class=\"wp-block-image\"><img loading=\"lazy\" decoding=\"async\" width=\"916\" height=\"532\" src=\"https:\/\/www.fracturaexpuesta.com.ar\/tango\/wp-content\/uploads\/bombay-e1560091360389.jpg\" alt=\"\" class=\"wp-image-2888\" srcset=\"https:\/\/www.fracturaexpuesta.com.ar\/tango\/wp-content\/uploads\/bombay-e1560091360389.jpg 916w, https:\/\/www.fracturaexpuesta.com.ar\/tango\/wp-content\/uploads\/bombay-e1560091360389-300x174.jpg 300w, https:\/\/www.fracturaexpuesta.com.ar\/tango\/wp-content\/uploads\/bombay-e1560091360389-768x446.jpg 768w\" sizes=\"auto, (max-width: 916px) 100vw, 916px\" \/><figcaption>Bombay Bs. As., uno de los grupos que estar\u00e1 en FACAFF 3.<\/figcaption><\/figure>\n\n\n\n<p class=\"wp-block-paragraph\"><strong>Viernes 6 en Benigno<\/strong><br>Madreselva &#8211; Bonviv\u00e1n &#8211; La M\u00e1quina Invisible \/ Conciertos desde las 21.30 hs.<\/p>\n\n\n\n<p class=\"wp-block-paragraph\"><strong>S\u00e1bado 7 en el CAFF<\/strong><br>Charla abierta \u00abVeinte minutos con Enrique Santos Disc\u00e9polo\u00bb por Mat\u00edas Mauricio<br>&#8211; Pablo Marchetti\/ Rafa Varela &#8211; Los Hermanos Butaca &#8211; Bombay Bs.As. &#8211; Siniestra &#8211; Musicaliza Tandas Nuevas \/ Conciertos desde las 20.30 hs.<\/p>\n\n\n\n<p class=\"wp-block-paragraph\"><strong>S\u00e1bado 7 en Benigno<\/strong><br>Bernardo Fingas D\u00fao &#8211; La Revancha &#8211; La Biaba \/ Conciertos desde las 21.30 hs.<\/p>\n\n\n\n<p class=\"wp-block-paragraph\"><strong>Domingo 8 en el CAFF<\/strong><br>Orillero Tango &#8211; Tu Vieja en Tango &#8211; Los Garciarena \/ Conciertos desde las 20.30 hs.<\/p>\n\n\n\n<p class=\"wp-block-paragraph\" style=\"font-size:24px;text-align:center\"><strong>Del 12 al 20 de septiembre<\/strong><\/p>\n\n\n\n<p class=\"wp-block-paragraph\"><strong>Jueves 12 en el CAFF<\/strong><br>Yesca &#8211; Tensi\u00f3n Tango &#8211; Ariel Prat \/ Conciertos desde las 201.30 hs.<\/p>\n\n\n\n<p class=\"wp-block-paragraph\"><strong>Viernes 13 en el CAFF<\/strong><br>Victoria Di Raimondo y Paula Gandino &#8211; Bordonasnocromo &#8211; Va De Nuevo &#8211; La Hoguera \/ Conciertos desde las 20.30 hs.<\/p>\n\n\n\n<figure class=\"wp-block-image\"><img loading=\"lazy\" decoding=\"async\" width=\"960\" height=\"960\" src=\"https:\/\/www.fracturaexpuesta.com.ar\/tango\/wp-content\/uploads\/chifladas-tango-1.jpg\" alt=\"\" class=\"wp-image-3203\" srcset=\"https:\/\/www.fracturaexpuesta.com.ar\/tango\/wp-content\/uploads\/chifladas-tango-1.jpg 960w, https:\/\/www.fracturaexpuesta.com.ar\/tango\/wp-content\/uploads\/chifladas-tango-1-150x150.jpg 150w, https:\/\/www.fracturaexpuesta.com.ar\/tango\/wp-content\/uploads\/chifladas-tango-1-300x300.jpg 300w, https:\/\/www.fracturaexpuesta.com.ar\/tango\/wp-content\/uploads\/chifladas-tango-1-768x768.jpg 768w, https:\/\/www.fracturaexpuesta.com.ar\/tango\/wp-content\/uploads\/chifladas-tango-1-100x100.jpg 100w\" sizes=\"auto, (max-width: 960px) 100vw, 960px\" \/><figcaption>Chifladas tocar\u00e1 el domingo 15.<\/figcaption><\/figure>\n\n\n\n<p class=\"wp-block-paragraph\"><strong>Viernes 13 en Benigno<\/strong><br>Lucrecia Merico &#8211; Eiriz \/ Nishihara &#8211; Ventarr\u00f3n &amp; Varela \/ Conciertos desde las 21.30 hs.<\/p>\n\n\n\n<p class=\"wp-block-paragraph\"><strong>S\u00e1bado 14 en el CAFF<\/strong><br>Lim\u00f3n Garc\u00eda y m\u00fasicos invitados &#8211; La Vagabunda &#8211; La Martino Orquesta T\u00edpica &#8211; Musicaliza Tandas Nuevas \/ Conciertos desde las 21.30 hs.<\/p>\n\n\n\n<p class=\"wp-block-paragraph\"><strong>S\u00e1bado 14 en Benigno<\/strong><br>Dominga &#8211; El Derrumbe &#8211; Gabriela Novaro &#8211; Calavera Acid Tango \/ Conciertos desde las 20.30 hs.<\/p>\n\n\n\n<p class=\"wp-block-paragraph\"><strong>Domingo 15 en el CAFF<\/strong><br>Mariana Mazu &#8211; Del Bajo Quinteto &#8211; Chifladas &#8211; Sin Sacrificio \/ Conciertos desde las 20.30 hs.<\/p>\n\n\n\n<p class=\"wp-block-paragraph\"><strong>Jueves 19 en el CAFF<\/strong><br>Desde El Sur Del Litoral &#8211; Juan Pablo Greco y Sonoro Rioplatense &#8211; El Enganche \/ Conciertos desde las 21.30 hs.<\/p>\n\n\n\n<p class=\"wp-block-paragraph\"><strong>Viernes 20 en el CAFF<\/strong><br>Tango Chino &#8211; La Modesta Orquesta T\u00edpica &#8211; Tangorra Orquesta At\u00edpica \/ Conciertos desde las 21.30 hs.<\/p>\n\n\n\n<p class=\"wp-block-paragraph\"><strong>Viernes 20 en Benigno<\/strong><br>Claudia Levy &#8211; El Mot\u00edn &#8211; Roman Vergagni Cuarteto \/ Conciertos desde las 21.30 hs.<\/p>\n\n\n\n<p class=\"wp-block-paragraph\" style=\"font-size:24px;text-align:center\"><strong>Del 21 al 29 de septiembre <\/strong><\/p>\n\n\n\n<p class=\"wp-block-paragraph\"><strong>S\u00e1bado 21 en el CAFF<br><\/strong>La Rantifusa &#8211; Quiero 24 &#8211; Orquesta T\u00edpica La Vid\u00fa \/ Musicaliza Tandas Nuevas \/ Conciertos desde las 21.30 hs.<\/p>\n\n\n\n<p class=\"wp-block-paragraph\"><strong>S\u00e1bado 21 en Benigno<br><\/strong>Mostro Inanimado &#8211; Alejandra Latosinski &#8211; Jacqueline Sigaut \/ Conciertos desde las 21.30 hs.<\/p>\n\n\n\n<figure class=\"wp-block-image\"><img decoding=\"async\" src=\"http:\/\/www.fracturaexpuesta.com.ar\/portada\/wp-content\/uploads\/la-vidu.jpg\" alt=\"\"\/><figcaption>La Vid\u00fa, una de las orquestas que incluye la grilla.<\/figcaption><\/figure>\n\n\n\n<p class=\"wp-block-paragraph\"><strong>Domingo 22 en el CAFF<br><\/strong>Masm\u00e9dula &#8211; Targo &#8211; Sexteto Visceral \/ Conciertos desde las 20.30 hs.<\/p>\n\n\n\n<p class=\"wp-block-paragraph\"><strong>Jueves 26 en el CAFF<br><\/strong>Presentaci\u00f3n del Libro \u201cMirada de Mujer \u201d Letristas del Siglo XXI<br>Sud &#8211; Barsut &#8211; Quinteto Del Rev\u00e9s (Chile) \/ Charla y Conciertos desde las 20.30 hs.<\/p>\n\n\n\n<p class=\"wp-block-paragraph\"><strong>Viernes 27 en el CAFF<br><\/strong>Charla abierta \u00abHomero Exp\u00f3sito: el poeta del asombro\u00bb por Mat\u00edas Mauricio.<br>Juan Seren y Los \u00daltimos Floristas &#8211; Finisterre &#8211; Malevaje Ensamble de Guitarras \/ Conciertos desde las 21.30 hs.<\/p>\n\n\n\n<p class=\"wp-block-paragraph\"><strong>Viernes 27 en Benigno<br><\/strong>D\u00fao Scherbosky Gonzalez &#8211; Ana Sof\u00eda Stamponi &#8211; Furacero Quinteto \/ Conciertos desde las 21.30 hs.<\/p>\n\n\n\n<p class=\"wp-block-paragraph\">S<strong>\u00e1bado 28 en el CAFF<\/strong><br>Dipi Kvitko Trio &#8211; Dema y su Orquesta Petitera &#8211; Orquesta T\u00edpica &#8211; Caracter\u00edstica Cambio de Frente &#8211; Musicaliza Tandas Nuevas \/ Conciertos desde las 21.30 hs.<\/p>\n\n\n\n<p class=\"wp-block-paragraph\"><strong>S\u00e1bado 28 en Benigno<\/strong><br>Bernardo Monk &#8211; Tr\u00edo Barbarie &#8211; Marisa V\u00e1zquez y las cuarenta \/ Conciertos desde las 21.30 hs.<\/p>\n\n\n\n<p class=\"wp-block-paragraph\"><strong>Domingo 29 en el CAFF<\/strong><br>ZrTango presenta: performance \u00abBrindis final\u00bb con Cecila Pugin, Maximiliano \u00c1vila.<br>Mari\u00e1n Farias Gomez &#8211; Rub\u00edn-Lacruz-Heler-Nikitoff &#8211; Quinteto Negro La Boca \/ Conciertos desde las 20.30 hs.<\/p>\n","protected":false},"excerpt":{"rendered":"<p>Hasta el 29 de septiembre se llevar\u00e1 adelante la tercera edici\u00f3n del festival FACAFF (Familia del Club Atl\u00e9tico Fern\u00e1ndez Fierro). <\/p>\n","protected":false},"author":1,"featured_media":3197,"comment_status":"open","ping_status":"open","sticky":false,"template":"","format":"standard","meta":{"footnotes":""},"categories":[3],"tags":[223,32,210,111],"class_list":["post-3195","post","type-post","status-publish","format-standard","has-post-thumbnail","hentry","category-noticias","tag-facaff","tag-featured","tag-fernandez-fierro","tag-tango"],"_links":{"self":[{"href":"https:\/\/www.fracturaexpuesta.com.ar\/tango\/wp-json\/wp\/v2\/posts\/3195","targetHints":{"allow":["GET"]}}],"collection":[{"href":"https:\/\/www.fracturaexpuesta.com.ar\/tango\/wp-json\/wp\/v2\/posts"}],"about":[{"href":"https:\/\/www.fracturaexpuesta.com.ar\/tango\/wp-json\/wp\/v2\/types\/post"}],"author":[{"embeddable":true,"href":"https:\/\/www.fracturaexpuesta.com.ar\/tango\/wp-json\/wp\/v2\/users\/1"}],"replies":[{"embeddable":true,"href":"https:\/\/www.fracturaexpuesta.com.ar\/tango\/wp-json\/wp\/v2\/comments?post=3195"}],"version-history":[{"count":16,"href":"https:\/\/www.fracturaexpuesta.com.ar\/tango\/wp-json\/wp\/v2\/posts\/3195\/revisions"}],"predecessor-version":[{"id":3213,"href":"https:\/\/www.fracturaexpuesta.com.ar\/tango\/wp-json\/wp\/v2\/posts\/3195\/revisions\/3213"}],"wp:featuredmedia":[{"embeddable":true,"href":"https:\/\/www.fracturaexpuesta.com.ar\/tango\/wp-json\/wp\/v2\/media\/3197"}],"wp:attachment":[{"href":"https:\/\/www.fracturaexpuesta.com.ar\/tango\/wp-json\/wp\/v2\/media?parent=3195"}],"wp:term":[{"taxonomy":"category","embeddable":true,"href":"https:\/\/www.fracturaexpuesta.com.ar\/tango\/wp-json\/wp\/v2\/categories?post=3195"},{"taxonomy":"post_tag","embeddable":true,"href":"https:\/\/www.fracturaexpuesta.com.ar\/tango\/wp-json\/wp\/v2\/tags?post=3195"}],"curies":[{"name":"wp","href":"https:\/\/api.w.org\/{rel}","templated":true}]}}