{"id":3234,"date":"2019-09-06T17:25:51","date_gmt":"2019-09-06T17:25:51","guid":{"rendered":"http:\/\/www.fracturaexpuesta.com.ar\/tango\/?p=3234"},"modified":"2020-01-05T21:28:57","modified_gmt":"2020-01-05T21:28:57","slug":"alto-bondi-presenta-a-su-nueva-cantante-con-tipica","status":"publish","type":"post","link":"https:\/\/www.fracturaexpuesta.com.ar\/tango\/alto-bondi-presenta-a-su-nueva-cantante-con-tipica\/","title":{"rendered":"Alto Bondi presenta nueva voz y video con \u00abT\u00edpica\u00bb"},"content":{"rendered":"\n<p class=\"wp-block-paragraph\">A modo de adelanto de lo que ser\u00e1 su tercer disco, el grupo lanz\u00f3 el video de \u00abT\u00edpica\u00bb.<\/p>\n\n\n\n<p class=\"wp-block-paragraph\">As\u00ed tambi\u00e9n presentaron formalmente a su nueva voz, Ivo Colonna, quien tras la salida de Natalia Lagos -pas\u00f3 a las filas de Fern\u00e1ndez Fierro- ahora comanda las palabras de una de las bandas m\u00e1s originales de circuito contempor\u00e1neo de tango.<\/p>\n\n\n\n<script async=\"\" src=\"https:\/\/pagead2.googlesyndication.com\/pagead\/js\/adsbygoogle.js\"><\/script>\n<ins class=\"adsbygoogle\" style=\"display:block; text-align:center;\" data-ad-layout=\"in-article\" data-ad-format=\"fluid\" data-ad-client=\"ca-pub-2103671489020353\" data-ad-slot=\"7337250265\"><\/ins>\n<script>\n     (adsbygoogle = window.adsbygoogle || []).push({});\n<\/script>\n\n\n\n<p class=\"wp-block-paragraph\"><\/p>\n\n\n\n<p class=\"wp-block-paragraph\">Realizado por Alejandro Diez, cuyo trabajo es conocido por los videos que dirigi\u00f3 para Astillero, \u00abT\u00edpica\u00bb combina im\u00e1genes de los integrantes de Alto Bondi en distintos espacios mar\u00edtimos bajo un tema que reafirma \u00ab<em>no te preocupes \/ estamos locos \/ re\u00edmos fuerte \/ lloramos todo\u00bb<\/em>.<\/p>\n\n\n\n<iframe loading=\"lazy\" src=\"https:\/\/www.facebook.com\/plugins\/post.php?href=https%3A%2F%2Fwww.facebook.com%2FAltoBondiTango%2Fposts%2F2649097718434836&#038;width=500\" width=\"500\" height=\"446\" style=\"border:none;overflow:hidden\" scrolling=\"no\" frameborder=\"0\" allowTransparency=\"true\" allow=\"encrypted-media\"><\/iframe>\n\n\n\n<p class=\"wp-block-paragraph\">Alto Bondi se presentar\u00e1 en concierto el viernes 27 de septiembre, a las 21, en Caf\u00e9 Vinilo (Gorriti 3780). Consult\u00e1 m\u00e1s conciertos en <a href=\"https:\/\/www.fracturaexpuesta.com.ar\/tango\/index.php\/agenda-de-tango\/\" target=\"_blank\" rel=\"noreferrer noopener\" aria-label=\"la agenda de Fractura Expuesta (abre en una nueva pesta\u00f1a)\">la agenda de Fractura Expuesta<\/a>.<\/p>\n","protected":false},"excerpt":{"rendered":"<p>Se trata de Ivo Colonna. Adem\u00e1s, adelantan material de su pr\u00f3ximo CD.<\/p>\n","protected":false},"author":1,"featured_media":3235,"comment_status":"open","ping_status":"open","sticky":false,"template":"","format":"standard","meta":{"footnotes":""},"categories":[2],"tags":[225,131,32,111],"class_list":["post-3234","post","type-post","status-publish","format-standard","has-post-thumbnail","hentry","category-videos","tag-alto-bondi","tag-astillero","tag-featured","tag-tango"],"_links":{"self":[{"href":"https:\/\/www.fracturaexpuesta.com.ar\/tango\/wp-json\/wp\/v2\/posts\/3234","targetHints":{"allow":["GET"]}}],"collection":[{"href":"https:\/\/www.fracturaexpuesta.com.ar\/tango\/wp-json\/wp\/v2\/posts"}],"about":[{"href":"https:\/\/www.fracturaexpuesta.com.ar\/tango\/wp-json\/wp\/v2\/types\/post"}],"author":[{"embeddable":true,"href":"https:\/\/www.fracturaexpuesta.com.ar\/tango\/wp-json\/wp\/v2\/users\/1"}],"replies":[{"embeddable":true,"href":"https:\/\/www.fracturaexpuesta.com.ar\/tango\/wp-json\/wp\/v2\/comments?post=3234"}],"version-history":[{"count":6,"href":"https:\/\/www.fracturaexpuesta.com.ar\/tango\/wp-json\/wp\/v2\/posts\/3234\/revisions"}],"predecessor-version":[{"id":3641,"href":"https:\/\/www.fracturaexpuesta.com.ar\/tango\/wp-json\/wp\/v2\/posts\/3234\/revisions\/3641"}],"wp:featuredmedia":[{"embeddable":true,"href":"https:\/\/www.fracturaexpuesta.com.ar\/tango\/wp-json\/wp\/v2\/media\/3235"}],"wp:attachment":[{"href":"https:\/\/www.fracturaexpuesta.com.ar\/tango\/wp-json\/wp\/v2\/media?parent=3234"}],"wp:term":[{"taxonomy":"category","embeddable":true,"href":"https:\/\/www.fracturaexpuesta.com.ar\/tango\/wp-json\/wp\/v2\/categories?post=3234"},{"taxonomy":"post_tag","embeddable":true,"href":"https:\/\/www.fracturaexpuesta.com.ar\/tango\/wp-json\/wp\/v2\/tags?post=3234"}],"curies":[{"name":"wp","href":"https:\/\/api.w.org\/{rel}","templated":true}]}}