{"id":3248,"date":"2019-09-09T21:34:43","date_gmt":"2019-09-09T21:34:43","guid":{"rendered":"http:\/\/www.fracturaexpuesta.com.ar\/tango\/?p=3248"},"modified":"2019-09-09T21:39:07","modified_gmt":"2019-09-09T21:39:07","slug":"daniel-ruggiero-el-tango-no-va-a-morir-nunca-estamos-nosotros-para-defenderlo","status":"publish","type":"post","link":"https:\/\/www.fracturaexpuesta.com.ar\/tango\/daniel-ruggiero-el-tango-no-va-a-morir-nunca-estamos-nosotros-para-defenderlo\/","title":{"rendered":"Daniel Ruggiero: \u00abEl tango no va a morir nunca, estamos nosotros para defenderlo\u00bb"},"content":{"rendered":"\n<p class=\"wp-block-paragraph\"><strong>\u00bfUn disco, un libro, una pel\u00edcula?<\/strong><\/p>\n\n\n\n<p class=\"wp-block-paragraph\"><em>Artaud<\/em>, de Spinetta. <br><em>Rayuela<\/em>, de Cort\u00e1zar o <em>Ficciones<\/em>, de Borges. <br><em>Ojos bien cerrados<\/em>, de Stanley Kubrick.<\/p>\n\n\n\n<p class=\"wp-block-paragraph\"><strong>\u00bfUn tango imprescindible?<\/strong><\/p>\n\n\n\n<p class=\"wp-block-paragraph\">\u201cLa yumba\u201d.<\/p>\n\n\n\n<p class=\"wp-block-paragraph\"><strong>\u00bfQu\u00e9 artista o disco recomienda para conocer lo que suena hoy en el tango?<\/strong><\/p>\n\n\n\n<p class=\"wp-block-paragraph\">Entre muchos proyectos muy interesantes destacar\u00eda el nuevo proyecto que se viene de Adri\u00e1n Ruggiero, m\u00fasica nueva y original. Juan Pablo Gallardo, Agust\u00edn Guerrero, Gabriel Lombardo y, por supuesto, Quasimodo tr\u00edo.<\/p>\n\n\n\n<script async=\"\" src=\"https:\/\/pagead2.googlesyndication.com\/pagead\/js\/adsbygoogle.js\"><\/script>\n<ins class=\"adsbygoogle\" style=\"display:block; text-align:center;\" data-ad-layout=\"in-article\" data-ad-format=\"fluid\" data-ad-client=\"ca-pub-2103671489020353\" data-ad-slot=\"7337250265\"><\/ins>\n<script>\n     (adsbygoogle = window.adsbygoogle || []).push({});\n<\/script>\n\n\n\n<p class=\"wp-block-paragraph\"><\/p>\n\n\n\n<p class=\"wp-block-paragraph\"><strong>\u00bfUn referente cl\u00e1sico que no hay que dejar de escuchar?<\/strong><\/p>\n\n\n\n<p class=\"wp-block-paragraph\">Pugliese, Troilo, Salg\u00e1n, Piazzolla. <\/p>\n\n\n\n<p class=\"wp-block-paragraph\"><strong>\u00bfC\u00f3mo y cu\u00e1ndo oye m\u00fasica? \u00bfVinilo, CD, mp3 o plataformas digitales?<\/strong><\/p>\n\n\n\n<p class=\"wp-block-paragraph\">M\u00fasica trato de escuchar en el d\u00eda o bien en los viajes.\nY generalmente en CD o plataformas. <\/p>\n\n\n\n<p class=\"wp-block-paragraph\"><strong>\u00bfQu\u00e9 ama del tango?<\/strong><\/p>\n\n\n\n<p class=\"wp-block-paragraph\">\u00a1Que nos habla en argentino! Tanto la m\u00fasica instrumental\ncomo los tangos con letras tienen un lenguaje y una atm\u00f3sfera ciento por ciento\nporte\u00f1a y eso es lo m\u00e1gico de este g\u00e9nero. Est\u00e9s donde est\u00e9s, toque quien lo\ntoque, siempre se siente Buenos Aires.<\/p>\n\n\n\n<p class=\"wp-block-paragraph\"><strong>\u00bfQu\u00e9 detesta del tango?<\/strong><\/p>\n\n\n\n<p class=\"wp-block-paragraph\">La tendencia a los grandes \u00e9xitos y las bandas tributo.\nNo niego la importancia del rescate hist\u00f3rico de ciertas orquestas y estilos, y\nentiendo que cumplen con muchos requisitos en cuanto a ese homenaje y por\nsupuesto a la labor diaria de una agrupaci\u00f3n. Pero considero que no ayuda al\ndesarrollo del g\u00e9nero ni mucho menos a su avance que es, sin dudas, lo que har\u00e1\nque el g\u00e9nero perdure en ese estado de ebullici\u00f3n creativa. Eso es lo que\nsiempre lo ha caracterizado. <\/p>\n\n\n\n<iframe loading=\"lazy\" width=\"560\" height=\"315\" src=\"https:\/\/www.youtube.com\/embed\/dqccJLAUrk0\" frameborder=\"0\" allow=\"accelerometer; autoplay; encrypted-media; gyroscope; picture-in-picture\" allowfullscreen><\/iframe>\n\n\n\n<p class=\"wp-block-paragraph\"><\/p>\n\n\n\n<p class=\"wp-block-paragraph\"><strong>Si no se dedicara al tango \u00bfser\u00eda\u2026?<\/strong><\/p>\n\n\n\n<p class=\"wp-block-paragraph\">Dudo que algo por fuera de la m\u00fasica\u2026 escribir bandas\nsonoras para pel\u00edculas, tal vez. O quiz\u00e1s algo vinculado a la literatura o las\nletras.<\/p>\n\n\n\n<p class=\"wp-block-paragraph\"><strong>\u00bfCu\u00e1l fue su \u00faltimo sue\u00f1o?<\/strong><\/p>\n\n\n\n<p class=\"wp-block-paragraph\">No s\u00e9 si fue el \u00faltimo pero es uno que se hace realidad este a\u00f1o. Y es ser convocado por una orquesta argentina para tocar una mis obras. He estado programado con mis composiciones en varios lugares del planeta y la oportunidad en la Argentina se hac\u00eda esperar. Si bien siempre presento lo nuevo en Buenos Aires, lo hago de forma independiente, nunca en espacios oficiales, ni mucho menos con organismos oficiales, ni en sus programaciones, pero esta vez se ha hecho realidad y la convocatoria lleg\u00f3 por parte de una de las m\u00e1s prestigiosas orquestas del pa\u00eds, la Filarm\u00f3nica de Buenos Aires, junto a Noam Zur, joven y experimentado director. As\u00ed que hoy estoy con los sue\u00f1os al d\u00eda, ma\u00f1ana seguramente no.<\/p>\n\n\n\n<p class=\"wp-block-paragraph\"><strong>Diga lo que tenga ganas de expresar en este momento\u2026<\/strong><\/p>\n\n\n\n<p class=\"wp-block-paragraph\">El tango no ha muerto, no va a morir nunca, porque ac\u00e1\nestamos nosotros para defenderlo. Desde las aulas de un conservatorio, desde\nlas pistas de baile o cortando calles para armar alg\u00fan festival, siempre\nindependiente. No solamente desde el cuidado de sus referentes, ni enmarcando\nrostros de grandes artistas o rindiendo tributo ciego, muchas veces sordo, ni\nponiendo m\u00fasica de los \u201840 en las radios, ni fotos de Gardel. Ellos ya lo\nhicieron, no s\u00f3lo son parte, son la historia. Que se entienda bien, no negamos\nesa historia, ni mucho menos a sus protagonistas. Mi padre es uno de ellos,\ntiene su lugar y bien ganado pero \u00e9l tambi\u00e9n me ense\u00f1\u00f3 que cada uno defiende al\ntango a su forma. Nosotros lo defendemos justamente falt\u00e1ndole el respeto, como\nlo hicieron quienes lo han hecho grande, grande e inmortal. Ellos nos ense\u00f1aron\na faltarle el respeto, a vestirlo de jeans, de jazz o de contempor\u00e1neo. Y a\nseguir corriendo ese l\u00edmite que nos ponen los obtusos, los des-generados, los\nque nunca entendieron que el tango no est\u00e1 quieto, que nunca lo estuvo. El\ntango no es un g\u00e9nero, es un movimiento como tal abarca y abraza, no excluye. Y,\npor sobre todo, se reinventa paso a paso y sigue hablando de nosotros, para\nnosotros, en nuestro lenguaje, aunque parezca que tiene zapatillas de lona y ya\nno usara m\u00e1s funyi. No hay distancia real, s\u00f3lo la peque\u00f1a, la que hacen los\na\u00f1os, los casi 150 a\u00f1os de historia de este g\u00e9nero que comenz\u00f3 como m\u00fasica\nmarginal en casas de noche, burdeles, y que en muy poco tiempo pas\u00f3 de ser esa\nm\u00fasica precaria, intuitiva, a convertirse en la m\u00fasica popular de mayor\ndesarrollo. Y, como no puede ser de otra manera, pueden seguir bufando los\neunucos, ac\u00e1 estaremos nosotros para dar esa pelea, sin campo de batalla ni\ndeclaraci\u00f3n de guerra, simplemente como necesidad \u00edntima de expresi\u00f3n.<\/p>\n\n\n\n<iframe loading=\"lazy\" width=\"560\" height=\"315\" src=\"https:\/\/www.youtube.com\/embed\/n3Fun43_Ypc\" frameborder=\"0\" allow=\"accelerometer; autoplay; encrypted-media; gyroscope; picture-in-picture\" allowfullscreen><\/iframe>\n\n\n\n<p class=\"wp-block-paragraph\"><\/p>\n\n\n\n<p class=\"has-background has-very-light-gray-background-color wp-block-paragraph\"><strong>Concierto especial de Ruggiero<\/strong><br><br>El jueves 19 a las 20, en la Usina del Arte (A. Caffarena 1), Daniel Ruggiero ser\u00e1 uno de los invitados especiales de la Filarm\u00f3nica de Buenos Aires. <br><br>All\u00ed, en el marco del Ciclo \u00abEl Col\u00f3n en la Usina\u00bb, el m\u00fasico presentar\u00e1 su obra \u201cDoble concierto para viol\u00edn, bandone\u00f3n y orquesta\u00bb junto a toda la formaci\u00f3n dirigida por Noam Zur.<br><br><em>Doble concierto\u2026 <\/em>es una composici\u00f3n en tres movimientos, \u00fanica en su formaci\u00f3n y con un lenguaje de vanguardia. A la vez, es la primera parte de la trilog\u00eda \u201cBandone\u00f3n de Concierto\u201d, tres obras concertantes especialmente escritas por Ruggiero para el instrumento que completan \u201cBando y Banda\u201d (para bandone\u00f3n y ensamble) y la in\u00e9dita \u201cDe n\u00e1car\u201d (para dos bandoneones y orquesta).<\/p>\n","protected":false},"excerpt":{"rendered":"<p>Con 20 a\u00f1os de carrera y el ADN tanguero desde la cuna, Ruggiero es parte de una generaci\u00f3n que defiende y prolonga la vida del tango con un destacado trabajo art\u00edstico.<\/p>\n","protected":false},"author":1,"featured_media":3249,"comment_status":"open","ping_status":"open","sticky":false,"template":"","format":"standard","meta":{"footnotes":""},"categories":[159],"tags":[226,32,111],"class_list":["post-3248","post","type-post","status-publish","format-standard","has-post-thumbnail","hentry","category-cuestionario-fractura-expuesta","tag-daniel-ruggiero","tag-featured","tag-tango"],"_links":{"self":[{"href":"https:\/\/www.fracturaexpuesta.com.ar\/tango\/wp-json\/wp\/v2\/posts\/3248","targetHints":{"allow":["GET"]}}],"collection":[{"href":"https:\/\/www.fracturaexpuesta.com.ar\/tango\/wp-json\/wp\/v2\/posts"}],"about":[{"href":"https:\/\/www.fracturaexpuesta.com.ar\/tango\/wp-json\/wp\/v2\/types\/post"}],"author":[{"embeddable":true,"href":"https:\/\/www.fracturaexpuesta.com.ar\/tango\/wp-json\/wp\/v2\/users\/1"}],"replies":[{"embeddable":true,"href":"https:\/\/www.fracturaexpuesta.com.ar\/tango\/wp-json\/wp\/v2\/comments?post=3248"}],"version-history":[{"count":9,"href":"https:\/\/www.fracturaexpuesta.com.ar\/tango\/wp-json\/wp\/v2\/posts\/3248\/revisions"}],"predecessor-version":[{"id":3258,"href":"https:\/\/www.fracturaexpuesta.com.ar\/tango\/wp-json\/wp\/v2\/posts\/3248\/revisions\/3258"}],"wp:featuredmedia":[{"embeddable":true,"href":"https:\/\/www.fracturaexpuesta.com.ar\/tango\/wp-json\/wp\/v2\/media\/3249"}],"wp:attachment":[{"href":"https:\/\/www.fracturaexpuesta.com.ar\/tango\/wp-json\/wp\/v2\/media?parent=3248"}],"wp:term":[{"taxonomy":"category","embeddable":true,"href":"https:\/\/www.fracturaexpuesta.com.ar\/tango\/wp-json\/wp\/v2\/categories?post=3248"},{"taxonomy":"post_tag","embeddable":true,"href":"https:\/\/www.fracturaexpuesta.com.ar\/tango\/wp-json\/wp\/v2\/tags?post=3248"}],"curies":[{"name":"wp","href":"https:\/\/api.w.org\/{rel}","templated":true}]}}