{"id":3264,"date":"2019-09-13T18:03:49","date_gmt":"2019-09-13T18:03:49","guid":{"rendered":"http:\/\/www.fracturaexpuesta.com.ar\/tango\/?p=3264"},"modified":"2020-07-03T02:21:24","modified_gmt":"2020-07-03T02:21:24","slug":"especial-de-doble-a-radio-con-daniel-ruggiero","status":"publish","type":"post","link":"https:\/\/www.fracturaexpuesta.com.ar\/tango\/especial-de-doble-a-radio-con-daniel-ruggiero\/","title":{"rendered":"Especial de Doble A Radio con Daniel Ruggiero"},"content":{"rendered":"\n<p class=\"wp-block-paragraph\">El <strong>mi\u00e9rcoles 18 desde las 20<\/strong>, <em>Doble A<\/em>, la radio online de tango de Fractura Expuesta, emitir\u00e1 un nuevo programa especial que tendr\u00e1 como protagonista al bandoneonista Daniel Ruggiero.<\/p>\n\n\n\n<p class=\"wp-block-paragraph\">Previo a su <a href=\"https:\/\/www.fracturaexpuesta.com.ar\/tango\/index.php\/2019\/09\/09\/daniel-ruggiero-el-tango-no-va-a-morir-nunca-estamos-nosotros-para-defenderlo\/\" target=\"_blank\" rel=\"noreferrer noopener\" aria-label=\"concierto del jueves 19 como invitado especial de la Orquesta Filarm\u00f3nica de Buenos Aires (abre en una nueva pesta\u00f1a)\">concierto del jueves 19 como invitado especial de la Orquesta Filarm\u00f3nica de Buenos Aires<\/a>, <em>Doble A<\/em> presentar\u00e1 una emisi\u00f3n en donde se podr\u00e1n escuchar dos de las piezas que forman parte de la trilog\u00eda \u201cBandone\u00f3n de concierto\u201d.<\/p>\n\n\n\n<script async=\"\" src=\"https:\/\/pagead2.googlesyndication.com\/pagead\/js\/adsbygoogle.js\"><\/script>\n<ins class=\"adsbygoogle\" style=\"display:block; text-align:center;\" data-ad-layout=\"in-article\" data-ad-format=\"fluid\" data-ad-client=\"ca-pub-2103671489020353\" data-ad-slot=\"7337250265\"><\/ins>\n<script>\n     (adsbygoogle = window.adsbygoogle || []).push({});\n<\/script>\n\n\n\n<p class=\"wp-block-paragraph\"><\/p>\n\n\n\n<p class=\"wp-block-paragraph\">\u00abDoble concierto para viol\u00edn, bandone\u00f3n y orquesta\u00bb -la pieza que Ruggiero presenta junto a la filarm\u00f3nica- y \u201cBando y Banda\u201d sonar\u00e1n en <em>Doble A<\/em> a trav\u00e9s de registros en vivo realizados junto a la orquesta de cuerdas Elvino Vardaro y Daniel Ruggiero Ensamble, respectivamente.<\/p>\n\n\n\n<iframe loading=\"lazy\" width=\"600\" height=\"355\" src=\"https:\/\/www.youtube.com\/embed\/rn-Dl8QJe44\" frameborder=\"0\" allow=\"accelerometer; autoplay; encrypted-media; gyroscope; picture-in-picture\" allowfullscreen><\/iframe>\n\n\n\n<p class=\"wp-block-paragraph\"><\/p>\n\n\n\n<p class=\"wp-block-paragraph\">La trilog\u00eda de Ruggiero, hijo del legendario Osvaldo Ruggiero y uno de los m\u00fasicos m\u00e1s representativos del movimiento contempor\u00e1neo de tango, se completa con la a\u00fan in\u00e9dita \u201cDe N\u00e1car\u201d, para dos bandoneones y orquesta.<\/p>\n\n\n\n<p class=\"wp-block-paragraph\"><strong>Doble A<\/strong> se escucha en <a rel=\"noreferrer noopener\" aria-label=\" (abre en una nueva pesta\u00f1a)\" href=\"http:\/\/www.fracturaexpuesta.com.ar\/doblearadio\/ \" target=\"_blank\">http:\/\/www.fracturaexpuesta.com.ar\/doblearadio\/<\/a><\/p>\n\n\n\n<figure class=\"wp-block-image\"><img loading=\"lazy\" decoding=\"async\" width=\"1024\" height=\"576\" src=\"https:\/\/www.fracturaexpuesta.com.ar\/tango\/wp-content\/uploads\/ESPECIALrugigero-1024x576.png\" alt=\"\" class=\"wp-image-3265\" srcset=\"https:\/\/www.fracturaexpuesta.com.ar\/tango\/wp-content\/uploads\/ESPECIALrugigero-1024x576.png 1024w, https:\/\/www.fracturaexpuesta.com.ar\/tango\/wp-content\/uploads\/ESPECIALrugigero-300x169.png 300w, https:\/\/www.fracturaexpuesta.com.ar\/tango\/wp-content\/uploads\/ESPECIALrugigero-768x432.png 768w, https:\/\/www.fracturaexpuesta.com.ar\/tango\/wp-content\/uploads\/ESPECIALrugigero.png 1280w\" sizes=\"auto, (max-width: 1024px) 100vw, 1024px\" \/><figcaption>Especial de Doble A con Daniel Ruggiero, mi\u00e9rcoles 18, desde las 20.<\/figcaption><\/figure>\n","protected":false},"excerpt":{"rendered":"<p>La se\u00f1al difundir\u00e1 parte de la trilog\u00eda \u201cBandone\u00f3n de concierto\u201d, una obra del bandoneonista que ser\u00e1 presentada por primera vez junto a la Orquesta Filarm\u00f3nica de Buenos Aires.<\/p>\n","protected":false},"author":1,"featured_media":3265,"comment_status":"open","ping_status":"open","sticky":false,"template":"","format":"standard","meta":{"footnotes":""},"categories":[298,3],"tags":[226,32,111],"class_list":["post-3264","post","type-post","status-publish","format-standard","has-post-thumbnail","hentry","category-doble-a","category-noticias","tag-daniel-ruggiero","tag-featured","tag-tango"],"_links":{"self":[{"href":"https:\/\/www.fracturaexpuesta.com.ar\/tango\/wp-json\/wp\/v2\/posts\/3264","targetHints":{"allow":["GET"]}}],"collection":[{"href":"https:\/\/www.fracturaexpuesta.com.ar\/tango\/wp-json\/wp\/v2\/posts"}],"about":[{"href":"https:\/\/www.fracturaexpuesta.com.ar\/tango\/wp-json\/wp\/v2\/types\/post"}],"author":[{"embeddable":true,"href":"https:\/\/www.fracturaexpuesta.com.ar\/tango\/wp-json\/wp\/v2\/users\/1"}],"replies":[{"embeddable":true,"href":"https:\/\/www.fracturaexpuesta.com.ar\/tango\/wp-json\/wp\/v2\/comments?post=3264"}],"version-history":[{"count":6,"href":"https:\/\/www.fracturaexpuesta.com.ar\/tango\/wp-json\/wp\/v2\/posts\/3264\/revisions"}],"predecessor-version":[{"id":3271,"href":"https:\/\/www.fracturaexpuesta.com.ar\/tango\/wp-json\/wp\/v2\/posts\/3264\/revisions\/3271"}],"wp:featuredmedia":[{"embeddable":true,"href":"https:\/\/www.fracturaexpuesta.com.ar\/tango\/wp-json\/wp\/v2\/media\/3265"}],"wp:attachment":[{"href":"https:\/\/www.fracturaexpuesta.com.ar\/tango\/wp-json\/wp\/v2\/media?parent=3264"}],"wp:term":[{"taxonomy":"category","embeddable":true,"href":"https:\/\/www.fracturaexpuesta.com.ar\/tango\/wp-json\/wp\/v2\/categories?post=3264"},{"taxonomy":"post_tag","embeddable":true,"href":"https:\/\/www.fracturaexpuesta.com.ar\/tango\/wp-json\/wp\/v2\/tags?post=3264"}],"curies":[{"name":"wp","href":"https:\/\/api.w.org\/{rel}","templated":true}]}}