{"id":3294,"date":"2019-09-26T20:17:48","date_gmt":"2019-09-26T20:17:48","guid":{"rendered":"http:\/\/www.fracturaexpuesta.com.ar\/tango\/?p=3294"},"modified":"2021-10-27T02:05:07","modified_gmt":"2021-10-27T02:05:07","slug":"picadito-de-tango-5-sandra-marquez-alejandro-bettinotti-y-analia-goldberg","status":"publish","type":"post","link":"https:\/\/www.fracturaexpuesta.com.ar\/tango\/picadito-de-tango-5-sandra-marquez-alejandro-bettinotti-y-analia-goldberg\/","title":{"rendered":"Picadito de tango #5: Sandra M\u00e1rquez, Alejandro Bettinotti y Anal\u00eda Goldberg"},"content":{"rendered":"\n<p style=\"color:#ff0509\" class=\"has-text-color wp-block-paragraph\"><strong>Evita y Gardel<\/strong><\/p>\n\n\n\n<p class=\"wp-block-paragraph\">La cantante Sandra M\u00e1rquez lanz\u00f3 su disco <em>Revelaciones de una ilusi\u00f3n, Eva canta Gardel<\/em>. Guiado conceptualmente por el encuentro imaginario entre ambos emblemas nacionales, M\u00e1rquez recrea un repertorio de tangos, valses y canciones de Gardel y repertorio y m\u00fasica original de plumas como las de Luis Longhi, Federico Mizrahi, Guillermo Fern\u00e1ndez y Agust\u00edn Guerrero.<\/p>\n\n\n\n<p class=\"wp-block-paragraph\">\u201c\u00bfSobre qu\u00e9 hubiesen conversado estos dos \u00edconos de la\ncultura popular argentina?\u201d, se pregunta M\u00e1rquez para luego abordar temas como\nel ascenso social, los sue\u00f1os y el amor en un disco multifac\u00e9tico en el que se\nsuman las voces del Chino Laborde y Juan Villareal.<\/p>\n\n\n\n<p class=\"wp-block-paragraph\">No faltan gui\u00f1os al rock con la inclusi\u00f3n de un popurr\u00ed\nspinetteano o el mix entre \u201cPiano Bar\u201d de Charly Garc\u00eda y \u201cRubias de New York\u201d\nde Le Pera y Gardel.<\/p>\n\n\n\n<p class=\"wp-block-paragraph\">El disco forma parte de una idea m\u00e1s amplia de M\u00e1rquez\nque se encuadra en un \u201cconcierto perform\u00e1tico\u201d con vistas a ser representado\npr\u00f3ximamente.<\/p>\n\n\n\n<iframe loading=\"lazy\" width=\"600\" height=\"355\" src=\"https:\/\/www.youtube.com\/embed\/IwkiQn_omFk\" frameborder=\"0\" allow=\"accelerometer; autoplay; encrypted-media; gyroscope; picture-in-picture\" allowfullscreen><\/iframe>\n\n\n\n<p class=\"wp-block-paragraph\"><\/p>\n\n\n\n<p style=\"color:#ff0307\" class=\"has-text-color wp-block-paragraph\"><strong>Tango, canci\u00f3n y rock<\/strong><\/p>\n\n\n\n<p class=\"wp-block-paragraph\">El s\u00e1bado 5 de octubre, en el Teatro del Globo, Alejandro\nBettinotti presentar\u00e1 su nuevo disco Armas de la paz.<\/p>\n\n\n\n<p class=\"wp-block-paragraph\">En permanente b\u00fasqueda expresiva en torno a la canci\u00f3n,\nel rock y el tango, el pianista y cantante explora cuestiones como la\nidentidad, el paso del tiempo, las relaciones de pareja y las contradicciones\ndel cuerpo social a trav\u00e9s de temas como \u201cArgentina\u201d, \u201cMirame igual\u201d, \u201cEl\ncinco\u201d y \u201cDespu\u00e9s de amar\u201d <\/p>\n\n\n\n<p class=\"wp-block-paragraph\">Las canciones que integran <em>Armas de la paz<\/em> son el giro m\u00e1s actual de una trayectoria de casi tres d\u00e9cadas y 14 discos de Bettinotti.<\/p>\n\n\n\n<iframe loading=\"lazy\" width=\"600\" height=\"355\" src=\"https:\/\/www.youtube.com\/embed\/jYXlJduRob4\" frameborder=\"0\" allow=\"accelerometer; autoplay; encrypted-media; gyroscope; picture-in-picture\" allowfullscreen><\/iframe>\n\n\n\n<p class=\"wp-block-paragraph\"><\/p>\n\n\n\n<p style=\"color:#ff0004\" class=\"has-text-color wp-block-paragraph\"><strong>Tan Goldberg<\/strong><\/p>\n\n\n\n<p class=\"wp-block-paragraph\">La pianista y compositora Anal\u00eda Goldberg dio a conocer <em>Tan Goldberg<\/em>, su primer disco de obras propias, instrumentales y tangos canci\u00f3n. <\/p>\n\n\n\n<p class=\"wp-block-paragraph\">Junto a una orquesta conformada por m\u00fasicos como el\nbandoneonista Horacio Romo y el violinista Pablo Agri, Goldberg transita una\nlista de 11 temas que incluye composiciones como \u201cMurguita\u201d, \u201cMilongadeus\u201d y \u201cLa\npucha\u201d, una obra en la que la pianista no solo se encarga del piano sino que\ntambi\u00e9n pone su voz.<\/p>\n\n\n\n<p class=\"wp-block-paragraph\">El disco tuvo su presentaci\u00f3n oficial en concierto en el\nCCK y pr\u00f3ximamente estar\u00e1 disponible en todas las plataformas digitales.<\/p>\n\n\n\n<iframe loading=\"lazy\" width=\"600\" height=\"355\" src=\"https:\/\/www.youtube.com\/embed\/ju7UyLrwnwQ\" frameborder=\"0\" allow=\"accelerometer; autoplay; encrypted-media; gyroscope; picture-in-picture\" allowfullscreen><\/iframe>\n\n\n\n<p class=\"wp-block-paragraph\"><\/p>\n","protected":false},"excerpt":{"rendered":"<p>Tres lanzamientos recientes de discos de tango.<\/p>\n","protected":false},"author":1,"featured_media":3296,"comment_status":"open","ping_status":"open","sticky":false,"template":"","format":"standard","meta":{"footnotes":""},"categories":[3],"tags":[228,229,32,201,227,111],"class_list":["post-3294","post","type-post","status-publish","format-standard","has-post-thumbnail","hentry","category-noticias","tag-alejandro-bettinotti","tag-analia-goldberg","tag-featured","tag-picadito","tag-sandra-marquez","tag-tango"],"_links":{"self":[{"href":"https:\/\/www.fracturaexpuesta.com.ar\/tango\/wp-json\/wp\/v2\/posts\/3294","targetHints":{"allow":["GET"]}}],"collection":[{"href":"https:\/\/www.fracturaexpuesta.com.ar\/tango\/wp-json\/wp\/v2\/posts"}],"about":[{"href":"https:\/\/www.fracturaexpuesta.com.ar\/tango\/wp-json\/wp\/v2\/types\/post"}],"author":[{"embeddable":true,"href":"https:\/\/www.fracturaexpuesta.com.ar\/tango\/wp-json\/wp\/v2\/users\/1"}],"replies":[{"embeddable":true,"href":"https:\/\/www.fracturaexpuesta.com.ar\/tango\/wp-json\/wp\/v2\/comments?post=3294"}],"version-history":[{"count":2,"href":"https:\/\/www.fracturaexpuesta.com.ar\/tango\/wp-json\/wp\/v2\/posts\/3294\/revisions"}],"predecessor-version":[{"id":3298,"href":"https:\/\/www.fracturaexpuesta.com.ar\/tango\/wp-json\/wp\/v2\/posts\/3294\/revisions\/3298"}],"wp:featuredmedia":[{"embeddable":true,"href":"https:\/\/www.fracturaexpuesta.com.ar\/tango\/wp-json\/wp\/v2\/media\/3296"}],"wp:attachment":[{"href":"https:\/\/www.fracturaexpuesta.com.ar\/tango\/wp-json\/wp\/v2\/media?parent=3294"}],"wp:term":[{"taxonomy":"category","embeddable":true,"href":"https:\/\/www.fracturaexpuesta.com.ar\/tango\/wp-json\/wp\/v2\/categories?post=3294"},{"taxonomy":"post_tag","embeddable":true,"href":"https:\/\/www.fracturaexpuesta.com.ar\/tango\/wp-json\/wp\/v2\/tags?post=3294"}],"curies":[{"name":"wp","href":"https:\/\/api.w.org\/{rel}","templated":true}]}}