{"id":3318,"date":"2019-10-02T20:44:26","date_gmt":"2019-10-02T20:44:26","guid":{"rendered":"http:\/\/www.fracturaexpuesta.com.ar\/tango\/?p=3318"},"modified":"2019-10-02T20:47:52","modified_gmt":"2019-10-02T20:47:52","slug":"latin-grammy-2019-los-nominados-en-tango","status":"publish","type":"post","link":"https:\/\/www.fracturaexpuesta.com.ar\/tango\/latin-grammy-2019-los-nominados-en-tango\/","title":{"rendered":"Latin Grammy 2019: los nominados en tango"},"content":{"rendered":"\n<p class=\"wp-block-paragraph\">La Academia Latina de la Grabaci\u00f3n dio a conocer los \u00e1lbumes y artistas de tango nominados para mejor producci\u00f3n musical de 2019.<\/p>\n\n\n\n<p class=\"wp-block-paragraph\">Daniel Binelli y Nick Danielson, Enrique Campos, Bernardo Monk, el Quinteto Astor Piazzolla y Pablo Ziegler Chamber Quartet competir\u00e1n en la categor\u00eda reservada al tango.<\/p>\n\n\n\n<p class=\"wp-block-paragraph\">Los premios se entregar\u00e1n el 14 de noviembre en Las Vegas.<\/p>\n\n\n\n<script async=\"\" src=\"https:\/\/pagead2.googlesyndication.com\/pagead\/js\/adsbygoogle.js\"><\/script>\n<ins class=\"adsbygoogle\" style=\"display:block; text-align:center;\" data-ad-layout=\"in-article\" data-ad-format=\"fluid\" data-ad-client=\"ca-pub-2103671489020353\" data-ad-slot=\"7337250265\"><\/ins>\n<script>\n     (adsbygoogle = window.adsbygoogle || []).push({});\n<\/script>\n\n\n\n<p class=\"wp-block-paragraph\"><\/p>\n\n\n\n<p style=\"color:#ff0004\" class=\"has-text-color wp-block-paragraph\"><strong>Los nominados<\/strong><\/p>\n\n\n\n<p class=\"wp-block-paragraph\"><strong><em>MARR\u00d3N Y AZUL<\/em><\/strong><br>Daniel Binelli y Nick Danielson<\/p>\n\n\n\n<p class=\"wp-block-paragraph\">Realizado junto al violinista norteamericano Nick Danielson, primer viol\u00edn de la Opera de Nueva York. Binelli  ya hab\u00eda sido nominado en la edici\u00f3n anterior del premio.<\/p>\n\n\n\n<iframe loading=\"lazy\" width=\"600\" height=\"355\" src=\"https:\/\/www.youtube.com\/embed\/JN2-x7Lyhfw\" frameborder=\"0\" allow=\"accelerometer; autoplay; encrypted-media; gyroscope; picture-in-picture\" allowfullscreen><\/iframe>\n\n\n\n<p class=\"wp-block-paragraph\"><\/p>\n\n\n\n<p class=\"wp-block-paragraph\"><strong><em>ROTO<\/em><\/strong><br>Enrique Campos<\/p>\n\n\n\n<p class=\"wp-block-paragraph\">Primer disco solista de Enrique Campos, nominado como mejor \u00e1lbum artista masculino de tango en los Premios Gardel 2019. Un abordaje diferencial y personal con tangos tradicionales, canciones del rock nacional y algunos temas in\u00e9ditos.<\/p>\n\n\n\n<iframe loading=\"lazy\" width=\"600\" height=\"355\" src=\"https:\/\/www.youtube.com\/embed\/7aFtLLB1EtQ\" frameborder=\"0\" allow=\"accelerometer; autoplay; encrypted-media; gyroscope; picture-in-picture\" allowfullscreen><\/iframe>\n\n\n\n<p class=\"wp-block-paragraph\"><\/p>\n\n\n\n<p class=\"wp-block-paragraph\"><strong><em>AT\u00cdPICO<\/em><\/strong><br>Bernardo Monk<\/p>\n\n\n\n<p class=\"wp-block-paragraph\">Sexto material en la trayectoria del m\u00fasico. Tangos propios y arreglos originales en una b\u00fasqueda que combina la tradici\u00f3n y la innovaci\u00f3n  junto a una orquesta de 12 integrantes.<\/p>\n\n\n\n<figure class=\"wp-block-embed-spotify wp-block-embed is-type-rich is-provider-spotify wp-embed-aspect-9-16 wp-has-aspect-ratio\"><div class=\"wp-block-embed__wrapper\">\n<iframe title=\"Spotify Embed: At\u00edpico\" style=\"border-radius: 12px\" width=\"100%\" height=\"352\" frameborder=\"0\" allowfullscreen allow=\"autoplay; clipboard-write; encrypted-media; fullscreen; picture-in-picture\" loading=\"lazy\" src=\"https:\/\/open.spotify.com\/embed\/album\/136ClDHafXhwFq5wK80reN?utm_source=oembed\"><\/iframe>\n<\/div><\/figure>\n\n\n\n<p class=\"wp-block-paragraph\"><\/p>\n\n\n\n<p class=\"wp-block-paragraph\"><strong><em>REVOLUCIONARIO<\/em><\/strong> <br>Quinteto Astor Piazzolla<\/p>\n\n\n\n<p class=\"wp-block-paragraph\">Contiene obras escritas por Piazzolla entre 1950 y finales de los 80 y resalta los aspectos innovadores del bandoneonista. Interpretadas por Lautaro Greco en el bandone\u00f3n, Sergio Rivas en el contrabajo, Germ\u00e1n Mart\u00ednez en la guitarra, Sebasti\u00e1n Prusak en el viol\u00edn y Christian Z\u00e1rate en el piano, bajo la direcci\u00f3n del saxofonista y flautista Juli\u00e1n Vat.<\/p>\n\n\n\n<iframe loading=\"lazy\" width=\"600\" height=\"355\" src=\"https:\/\/www.youtube.com\/embed\/q9cuyGHnTz4\" frameborder=\"0\" allow=\"accelerometer; autoplay; encrypted-media; gyroscope; picture-in-picture\" allowfullscreen><\/iframe>\n\n\n\n<p class=\"wp-block-paragraph\"><\/p>\n\n\n\n<p class=\"wp-block-paragraph\"><strong><em>RADIOTANGO <\/em><\/strong><br>Pablo Ziegler Chamber Quartet<\/p>\n\n\n\n<p class=\"wp-block-paragraph\">Composiciones originales de Ziegler junto a cuarteto de c\u00e1mara, con el esp\u00edritu revitalizante del pianista hacia el tango. Junto a H\u00e9ctor Del Curto en bandone\u00f3n, Jisoo Ok en violonchelo y Pedro Giraudo en contrabajo.<\/p>\n\n\n\n<iframe loading=\"lazy\" width=\"600\" height=\"355\" src=\"https:\/\/www.youtube.com\/embed\/XCE71zPm_PE\" frameborder=\"0\" allow=\"accelerometer; autoplay; encrypted-media; gyroscope; picture-in-picture\" allowfullscreen><\/iframe>\n\n\n\n<p class=\"wp-block-paragraph\"><\/p>\n","protected":false},"excerpt":{"rendered":"<p>El ganador se conocer\u00e1 en la ceremonia que se realizar\u00e1 en noviembre, en Las Vegas.<\/p>\n","protected":false},"author":1,"featured_media":3334,"comment_status":"open","ping_status":"open","sticky":false,"template":"","format":"standard","meta":{"footnotes":""},"categories":[3],"tags":[138,238,236,32,234,239,241,240,111],"class_list":["post-3318","post","type-post","status-publish","format-standard","has-post-thumbnail","hentry","category-noticias","tag-bernardo-monk","tag-daniel-binelli","tag-enrique-campos","tag-featured","tag-grammy","tag-nick-danielson","tag-pablo-ziegler","tag-quinteto-astor-piazzolla","tag-tango"],"_links":{"self":[{"href":"https:\/\/www.fracturaexpuesta.com.ar\/tango\/wp-json\/wp\/v2\/posts\/3318","targetHints":{"allow":["GET"]}}],"collection":[{"href":"https:\/\/www.fracturaexpuesta.com.ar\/tango\/wp-json\/wp\/v2\/posts"}],"about":[{"href":"https:\/\/www.fracturaexpuesta.com.ar\/tango\/wp-json\/wp\/v2\/types\/post"}],"author":[{"embeddable":true,"href":"https:\/\/www.fracturaexpuesta.com.ar\/tango\/wp-json\/wp\/v2\/users\/1"}],"replies":[{"embeddable":true,"href":"https:\/\/www.fracturaexpuesta.com.ar\/tango\/wp-json\/wp\/v2\/comments?post=3318"}],"version-history":[{"count":17,"href":"https:\/\/www.fracturaexpuesta.com.ar\/tango\/wp-json\/wp\/v2\/posts\/3318\/revisions"}],"predecessor-version":[{"id":3338,"href":"https:\/\/www.fracturaexpuesta.com.ar\/tango\/wp-json\/wp\/v2\/posts\/3318\/revisions\/3338"}],"wp:featuredmedia":[{"embeddable":true,"href":"https:\/\/www.fracturaexpuesta.com.ar\/tango\/wp-json\/wp\/v2\/media\/3334"}],"wp:attachment":[{"href":"https:\/\/www.fracturaexpuesta.com.ar\/tango\/wp-json\/wp\/v2\/media?parent=3318"}],"wp:term":[{"taxonomy":"category","embeddable":true,"href":"https:\/\/www.fracturaexpuesta.com.ar\/tango\/wp-json\/wp\/v2\/categories?post=3318"},{"taxonomy":"post_tag","embeddable":true,"href":"https:\/\/www.fracturaexpuesta.com.ar\/tango\/wp-json\/wp\/v2\/tags?post=3318"}],"curies":[{"name":"wp","href":"https:\/\/api.w.org\/{rel}","templated":true}]}}