{"id":3350,"date":"2019-10-08T18:04:52","date_gmt":"2019-10-08T18:04:52","guid":{"rendered":"http:\/\/www.fracturaexpuesta.com.ar\/tango\/?p=3350"},"modified":"2019-10-08T18:16:57","modified_gmt":"2019-10-08T18:16:57","slug":"alorsa-no-se-va-un-video-colectivo-para-homenajear-al-cantor-y-poeta-de-la-guardia-hereje","status":"publish","type":"post","link":"https:\/\/www.fracturaexpuesta.com.ar\/tango\/alorsa-no-se-va-un-video-colectivo-para-homenajear-al-cantor-y-poeta-de-la-guardia-hereje\/","title":{"rendered":"\u201cAlorsa no se va\u201d, un video colectivo para homenajear al cantor y poeta de La Guardia Hereje"},"content":{"rendered":"\n<p class=\"wp-block-paragraph\">El 31 de agosto se cumpli\u00f3 una d\u00e9cada sin Alorsa. Hombre\nnoble, artista de buena madera y coraz\u00f3n solidario y creativo, Jorge Pandelucos\ndej\u00f3 su sabia impronta en un contexto de reverdecimiento del tango. Lo hizo con\nLa Guardia Hereje, el grupo que, desde Tolosa -su base de operaciones- fue una\nde las plataformas para el despegue contempor\u00e1neo del g\u00e9nero.<\/p>\n\n\n\n<p class=\"wp-block-paragraph\">Alorsa se fue temprano. Con tan solo 38 a\u00f1os, una sorpresiva descompensaci\u00f3n card\u00edaca le arrebat\u00f3 los d\u00edas de la vida. \u00abMe gustar\u00eda, si se puede, que vuestra atenci\u00f3n no se centrara sobre m\u00ed sino sobre La Guardia Hereje que es un proyecto art\u00edstico m\u00e1s rico e interesante, digo, de pronto, me parece\u201d, comentaba \u00abel gordo\u00bb en un texto autobiogr\u00e1fico.<\/p>\n\n\n\n<p class=\"wp-block-paragraph\">En esa confesi\u00f3n escrita, y siempre con su humor encima, Alorsa tambi\u00e9n contaba: \u201cFui integrante peregrino de coros y bandas rockers y bluseras, saxofonista, viaj\u00e9 a Europa con unas pistas de tangos cl\u00e1sicos grabadas (\u00a1tipo karaoke\u2026 una verg\u00fcenza!) y ahora me quiero salvar con La Guardia Hereje, que se est\u00e1 transformando de un hobby a un proyecto de vida\u201d.<\/p>\n\n\n\n<script async=\"\" src=\"https:\/\/pagead2.googlesyndication.com\/pagead\/js\/adsbygoogle.js\"><\/script>\n<ins class=\"adsbygoogle\" style=\"display:block; text-align:center;\" data-ad-layout=\"in-article\" data-ad-format=\"fluid\" data-ad-client=\"ca-pub-2103671489020353\" data-ad-slot=\"7337250265\"><\/ins>\n<script>\n     (adsbygoogle = window.adsbygoogle || []).push({});\n<\/script>\n\n\n\n<p class=\"wp-block-paragraph\"><\/p>\n\n\n\n<p class=\"wp-block-paragraph\">Hoy, a 10 a\u00f1os de aquel agosto traicionero, m\u00e1s de una veintena de artistas y amigos de Alorsa se reunieron para participar de un video coral que retoma uno de los textos del cantor. Un escrito que se convirti\u00f3 en lema fundacional de la nueva generaci\u00f3n tanguera.<\/p>\n\n\n\n<p class=\"wp-block-paragraph\">\u00abVuelve el tango\u00bb, una declaraci\u00f3n de\nprincipios que escribi\u00f3 Pandelucos para retratar los nuevos tiempos de esa\nexpresi\u00f3n, toma cuerpo a partir de la voz e imagen de quienes reconocen en\nAlorsa a uno de los artistas del tango m\u00e1s genuinos de los \u00faltimos a\u00f1os.<\/p>\n\n\n\n<p class=\"wp-block-paragraph\">El material -ideado por Ildefonso Pereyra e impulsado y realizado por \u00abCucuza\u00bb Castiello y Romina Mazzone- cuenta con la participaci\u00f3n Fernando Tato, Sebasti\u00e1n Mar\u00edn y Leonardo Gianibelli, los m\u00fasicos que acompa\u00f1aban a Alorsa en La Guardia Hereje. <\/p>\n\n\n\n<p class=\"wp-block-paragraph\">A ellos se suma una extensa lista de gente cercana y admiradora de la obra de Alorsa que incluye la participaci\u00f3n de Acho Estol, Hern\u00e1n Casciari, \u201cCucuza\u201d Castiello, Mart\u00edn \u201cPitu\u201d Frontera, Dema, Germ\u00e1n Marcos, Alfredo \u201cTape\u201d Rub\u00edn, Facundo Radice, Cristian \u201cCholo\u201d Castelo, Guillermo Fern\u00e1ndez, Raimundo Rosales, Maxi Senkiw (Fractura Expuesta), Pablo Jofr\u00e9, Natalia Mart\u00ednez, Karina Beorlegui, Mart\u00edn Ota\u00f1o, Lucio Arce, Miguel Pe\u00f1alba, Talo Beraza, \u201cLim\u00f3n\u201d Garc\u00eda, Walter Alegre, Juan Villareal, B\u00e1rbara Grabinski, Ildefonso Pereyra, Juan Hermelo y Osvaldo Peredo.<\/p>\n\n\n\n<p class=\"wp-block-paragraph\">Y como siempre, Alorsa.<\/p>\n\n\n\n<iframe loading=\"lazy\" width=\"600\" height=\"355\" src=\"https:\/\/www.youtube.com\/embed\/yb1012Lg-JQ\" frameborder=\"0\" allow=\"accelerometer; autoplay; encrypted-media; gyroscope; picture-in-picture\" allowfullscreen><\/iframe>\n\n\n\n<p class=\"wp-block-paragraph\"><\/p>\n","protected":false},"excerpt":{"rendered":"<p>A 10 a\u00f1os de su temprana partida y para recordar al artista platense, m\u00fasicos, cantores, amigos y allegados de Jorge \u00abAlorsa\u00bb Pandelucos reinterpretan el texto \u00abVuelve el tango\u00bb.<\/p>\n","protected":false},"author":1,"featured_media":3351,"comment_status":"open","ping_status":"open","sticky":false,"template":"","format":"standard","meta":{"footnotes":""},"categories":[3],"tags":[243,32,244,111],"class_list":["post-3350","post","type-post","status-publish","format-standard","has-post-thumbnail","hentry","category-noticias","tag-alorsa","tag-featured","tag-la-guardia-hereje","tag-tango"],"_links":{"self":[{"href":"https:\/\/www.fracturaexpuesta.com.ar\/tango\/wp-json\/wp\/v2\/posts\/3350","targetHints":{"allow":["GET"]}}],"collection":[{"href":"https:\/\/www.fracturaexpuesta.com.ar\/tango\/wp-json\/wp\/v2\/posts"}],"about":[{"href":"https:\/\/www.fracturaexpuesta.com.ar\/tango\/wp-json\/wp\/v2\/types\/post"}],"author":[{"embeddable":true,"href":"https:\/\/www.fracturaexpuesta.com.ar\/tango\/wp-json\/wp\/v2\/users\/1"}],"replies":[{"embeddable":true,"href":"https:\/\/www.fracturaexpuesta.com.ar\/tango\/wp-json\/wp\/v2\/comments?post=3350"}],"version-history":[{"count":5,"href":"https:\/\/www.fracturaexpuesta.com.ar\/tango\/wp-json\/wp\/v2\/posts\/3350\/revisions"}],"predecessor-version":[{"id":3356,"href":"https:\/\/www.fracturaexpuesta.com.ar\/tango\/wp-json\/wp\/v2\/posts\/3350\/revisions\/3356"}],"wp:featuredmedia":[{"embeddable":true,"href":"https:\/\/www.fracturaexpuesta.com.ar\/tango\/wp-json\/wp\/v2\/media\/3351"}],"wp:attachment":[{"href":"https:\/\/www.fracturaexpuesta.com.ar\/tango\/wp-json\/wp\/v2\/media?parent=3350"}],"wp:term":[{"taxonomy":"category","embeddable":true,"href":"https:\/\/www.fracturaexpuesta.com.ar\/tango\/wp-json\/wp\/v2\/categories?post=3350"},{"taxonomy":"post_tag","embeddable":true,"href":"https:\/\/www.fracturaexpuesta.com.ar\/tango\/wp-json\/wp\/v2\/tags?post=3350"}],"curies":[{"name":"wp","href":"https:\/\/api.w.org\/{rel}","templated":true}]}}