{"id":3363,"date":"2019-10-16T14:28:57","date_gmt":"2019-10-16T14:28:57","guid":{"rendered":"http:\/\/www.fracturaexpuesta.com.ar\/tango\/?p=3363"},"modified":"2019-11-05T16:47:27","modified_gmt":"2019-11-05T16:47:27","slug":"fernando-otero-el-tango-me-permite-canalizar-emociones-de-lo-mas-diversas","status":"publish","type":"post","link":"https:\/\/www.fracturaexpuesta.com.ar\/tango\/fernando-otero-el-tango-me-permite-canalizar-emociones-de-lo-mas-diversas\/","title":{"rendered":"Fernando Otero: \u201cEl tango me permite canalizar emociones de lo m\u00e1s diversas\u201d"},"content":{"rendered":"\n<p class=\"wp-block-paragraph\"><strong>\u00bfUn disco, un\nlibro, una pel\u00edcula?<\/strong><\/p>\n\n\n\n<p class=\"wp-block-paragraph\">Un compilado de la Orquesta de Osvaldo Pugliese que me\ncompr\u00e9 de curioso en una caminata adolescente por la avenida Corrientes y que\nme hizo descubrir un universo sonoro y emocional que, hasta ese momento, yo no\nhab\u00eda podido identificar en esa \u00abm\u00fasica para gente mayor\u201d. Era mi visi\u00f3n\ndel tango, especialmente durante mis a\u00f1os de escuela secundaria.<\/p>\n\n\n\n<p class=\"wp-block-paragraph\"><em>El Aleph<\/em>, de Jorge Luis Borges. Siento que ah\u00ed hay una gran descripci\u00f3n de la mente, la telara\u00f1a psicol\u00f3gica y la personalidad porte\u00f1a que fue capaz de generar un estilo musical y literario como el del tango.<\/p>\n\n\n\n<p class=\"wp-block-paragraph\">Nunca supe c\u00f3mo se llama. Una pel\u00edcula que tiene a Tita\nMerello cantando milongas. Tremenda actitud, ritmo y picard\u00eda. Descripci\u00f3n pura\ndel tango.<\/p>\n\n\n\n<p class=\"wp-block-paragraph\"><strong>\u00bfUn tango\nimprescindible?<\/strong><\/p>\n\n\n\n<p class=\"wp-block-paragraph\">\u201cLa Cachila\u201d. Encuentro todos los aspectos que, para m\u00ed,\ndescriben al tango como g\u00e9nero en su totalidad. Si le tuviera que mostrar a\nalg\u00fan extraterrestre c\u00f3mo es el tango en el planeta le pasar\u00eda ese tema de\nArolas.<\/p>\n\n\n\n<script async=\"\" src=\"https:\/\/pagead2.googlesyndication.com\/pagead\/js\/adsbygoogle.js\"><\/script>\n<ins class=\"adsbygoogle\" style=\"display:block; text-align:center;\" data-ad-layout=\"in-article\" data-ad-format=\"fluid\" data-ad-client=\"ca-pub-2103671489020353\" data-ad-slot=\"7337250265\"><\/ins>\n<script>\n     (adsbygoogle = window.adsbygoogle || []).push({});\n<\/script>\n\n\n\n<p class=\"wp-block-paragraph\"><\/p>\n\n\n\n<p class=\"wp-block-paragraph\"><strong>\u00bfQu\u00e9 artista o\ndisco recomienda para conocer lo que suena hoy en el tango?<\/strong><\/p>\n\n\n\n<p class=\"wp-block-paragraph\">No me puedo quedar con un solo exponente. Suenan\nmuch\u00edsimas expresiones, todas desde el mismo punto de partida que es la m\u00fasica\nde Buenos Aires pero plasmadas en formas tan diferentes que me siento muy incompleto\nnombrando solo una.&nbsp; <\/p>\n\n\n\n<p class=\"wp-block-paragraph\"><strong>\u00bfUn referente\ncl\u00e1sico que no hay que dejar de escuchar?<\/strong><\/p>\n\n\n\n<p class=\"wp-block-paragraph\">La Orquesta de Osvaldo Pugliese.<\/p>\n\n\n\n<p class=\"wp-block-paragraph\"><strong>\u00bfC\u00f3mo y cu\u00e1ndo oye\nm\u00fasica? \u00bfVinilo, CD, mp3 o plataformas digitales?<\/strong><\/p>\n\n\n\n<p class=\"wp-block-paragraph\">La computadora ocupa el primer puesto, por el r\u00e1pido\nacceso a cualquier \u00e1lbum o pieza. Las plataformas digitales est\u00e1n m\u00e1s\nrelacionadas a descubrimientos de nueva m\u00fasica. Tambi\u00e9n tengo algunos momentos\nm\u00e1s ceremoniales, en los cuales escucho CDs o vinilos, buscando recrearme con\nesa especie de ritual mec\u00e1nico de poner el disco y la sensaci\u00f3n de un audio\ndiferente.<\/p>\n\n\n\n<figure class=\"wp-block-image\"><img loading=\"lazy\" decoding=\"async\" width=\"633\" height=\"520\" src=\"https:\/\/www.fracturaexpuesta.com.ar\/tango\/wp-content\/uploads\/fernando-otero-1-e1571235746840.jpg\" alt=\"\" class=\"wp-image-3365\" srcset=\"https:\/\/www.fracturaexpuesta.com.ar\/tango\/wp-content\/uploads\/fernando-otero-1-e1571235746840.jpg 633w, https:\/\/www.fracturaexpuesta.com.ar\/tango\/wp-content\/uploads\/fernando-otero-1-e1571235746840-300x246.jpg 300w\" sizes=\"auto, (max-width: 633px) 100vw, 633px\" \/><figcaption>Fernando Otero: \u00abEl tango como veh\u00edculo\u00bb.<\/figcaption><\/figure>\n\n\n\n<p class=\"wp-block-paragraph\"><\/p>\n\n\n\n<p class=\"wp-block-paragraph\"><strong>\u00bfQu\u00e9 ama del\ntango?<\/strong><\/p>\n\n\n\n<p class=\"wp-block-paragraph\">La condici\u00f3n que ofrece como veh\u00edculo -muy generoso,\nvers\u00e1til, adaptable- a la hora de componer e interpretar, y que me permite\ncanalizar emociones de lo m\u00e1s diversas, a veces hasta opuestas, siempre\nhablando con un lenguaje materno.<\/p>\n\n\n\n<p class=\"wp-block-paragraph\"><strong>\u00bfQu\u00e9 detesta del\ntango?<\/strong><\/p>\n\n\n\n<p class=\"wp-block-paragraph\">Nada. No encuentro algo que podr\u00eda detestar del tango. Es\nque \u00faltimamente no me ando detestando a m\u00ed mismo (risas).<\/p>\n\n\n\n<p class=\"wp-block-paragraph\"><strong>Si no se dedicara\nal tango \u00bfser\u00eda\u2026?<\/strong><\/p>\n\n\n\n<p class=\"wp-block-paragraph\">Seguramente otra persona. Siempre quise ser otra persona, luch\u00e9 hasta el d\u00eda de hoy para conseguirlo, hice todo lo posible y no result\u00f3.<\/p>\n\n\n\n<p class=\"wp-block-paragraph\"><strong>\u00bfCu\u00e1l fue su\n\u00faltimo sue\u00f1o?<\/strong><\/p>\n\n\n\n<p class=\"wp-block-paragraph\">Que descubr\u00eda el \u00abpor qu\u00e9\u00bb de todo esto.<\/p>\n\n\n\n<p class=\"wp-block-paragraph\"><strong>Diga lo que tenga\nganas de expresar en este momento\u2026<\/strong><\/p>\n\n\n\n<p class=\"wp-block-paragraph\">Me voy a dormir todas las noches con el entusiasmo de\npensar en todo lo que se viene al d\u00eda siguiente. Con pasi\u00f3n, alegr\u00eda. Por ah\u00ed\nsuena un poco cursi.<\/p>\n\n\n\n<iframe loading=\"lazy\" width=\"600\" height=\"355\" src=\"https:\/\/www.youtube.com\/embed\/BYnozmKYjxU\" frameborder=\"0\" allow=\"accelerometer; autoplay; encrypted-media; gyroscope; picture-in-picture\" allowfullscreen=\"\"><\/iframe>\n\n\n\n<p class=\"wp-block-paragraph\"><\/p>\n","protected":false},"excerpt":{"rendered":"<p>El pianista, director y arreglador argentino, radicado en Nueva York, comparte su mirada y sus gustos musicales  en el \u201cCuestionario Fractura Expuesta\u201d. <\/p>\n","protected":false},"author":1,"featured_media":3364,"comment_status":"open","ping_status":"open","sticky":false,"template":"","format":"standard","meta":{"footnotes":""},"categories":[159],"tags":[32,245,111],"class_list":["post-3363","post","type-post","status-publish","format-standard","has-post-thumbnail","hentry","category-cuestionario-fractura-expuesta","tag-featured","tag-fernando-otero","tag-tango"],"_links":{"self":[{"href":"https:\/\/www.fracturaexpuesta.com.ar\/tango\/wp-json\/wp\/v2\/posts\/3363","targetHints":{"allow":["GET"]}}],"collection":[{"href":"https:\/\/www.fracturaexpuesta.com.ar\/tango\/wp-json\/wp\/v2\/posts"}],"about":[{"href":"https:\/\/www.fracturaexpuesta.com.ar\/tango\/wp-json\/wp\/v2\/types\/post"}],"author":[{"embeddable":true,"href":"https:\/\/www.fracturaexpuesta.com.ar\/tango\/wp-json\/wp\/v2\/users\/1"}],"replies":[{"embeddable":true,"href":"https:\/\/www.fracturaexpuesta.com.ar\/tango\/wp-json\/wp\/v2\/comments?post=3363"}],"version-history":[{"count":4,"href":"https:\/\/www.fracturaexpuesta.com.ar\/tango\/wp-json\/wp\/v2\/posts\/3363\/revisions"}],"predecessor-version":[{"id":3420,"href":"https:\/\/www.fracturaexpuesta.com.ar\/tango\/wp-json\/wp\/v2\/posts\/3363\/revisions\/3420"}],"wp:featuredmedia":[{"embeddable":true,"href":"https:\/\/www.fracturaexpuesta.com.ar\/tango\/wp-json\/wp\/v2\/media\/3364"}],"wp:attachment":[{"href":"https:\/\/www.fracturaexpuesta.com.ar\/tango\/wp-json\/wp\/v2\/media?parent=3363"}],"wp:term":[{"taxonomy":"category","embeddable":true,"href":"https:\/\/www.fracturaexpuesta.com.ar\/tango\/wp-json\/wp\/v2\/categories?post=3363"},{"taxonomy":"post_tag","embeddable":true,"href":"https:\/\/www.fracturaexpuesta.com.ar\/tango\/wp-json\/wp\/v2\/tags?post=3363"}],"curies":[{"name":"wp","href":"https:\/\/api.w.org\/{rel}","templated":true}]}}