{"id":3373,"date":"2019-10-20T22:24:31","date_gmt":"2019-10-20T22:24:31","guid":{"rendered":"http:\/\/www.fracturaexpuesta.com.ar\/tango\/?p=3373"},"modified":"2021-10-27T02:04:53","modified_gmt":"2021-10-27T02:04:53","slug":"picadito-de-tango-7-barbara-grabinski-bombay-bsas-siniestra-y-la-empoderada","status":"publish","type":"post","link":"https:\/\/www.fracturaexpuesta.com.ar\/tango\/picadito-de-tango-7-barbara-grabinski-bombay-bsas-siniestra-y-la-empoderada\/","title":{"rendered":"Picadito de tango #7: B\u00e1rbara Grabinski, Bombay BsAs, Siniestra y La Empoderada"},"content":{"rendered":"\n<p style=\"color:#ff0004\" class=\"has-text-color wp-block-paragraph\"><strong>Grabinski: entre el tango la m\u00fasica del litoral<\/strong><\/p>\n\n\n\n<p class=\"wp-block-paragraph\">La cantante B\u00e1rbara Grabinski presentar\u00e1 su nuevo proyecto musical junto a Ariel Hagman en la direcci\u00f3n musical.<\/p>\n\n\n\n<p class=\"wp-block-paragraph\">Se trata de \u201cDesde el sur del litoral\u201d, una iniciativa que transita el camino que une al tango con la m\u00fasica litorale\u00f1a a trav\u00e9s de canciones de Ram\u00f3n Ayala, Teresa Parodi, C\u00e1tulo Castillo, Jorge Luis Borges, Astor Piazzolla y letristas actuales como Juan Lorenzo y Coni Ban\u00fas.<\/p>\n\n\n\n<p class=\"wp-block-paragraph\">La agrupaci\u00f3n se completa con Clara Stern en bandone\u00f3n, Virginia Morillas en guitarra y Mat\u00edas Keller Sarmiento en vibr\u00e1fono y percusi\u00f3n.<\/p>\n\n\n\n<p class=\"wp-block-paragraph\">Grabinski lo presentar\u00e1 el jueves 24 de octubre, a las 21, en Torquato Tasso.<\/p>\n\n\n\n<script async=\"\" src=\"https:\/\/pagead2.googlesyndication.com\/pagead\/js\/adsbygoogle.js\"><\/script>\n<ins class=\"adsbygoogle\" style=\"display:block; text-align:center;\" data-ad-layout=\"in-article\" data-ad-format=\"fluid\" data-ad-client=\"ca-pub-2103671489020353\" data-ad-slot=\"7337250265\"><\/ins>\n<script>\n     (adsbygoogle = window.adsbygoogle || []).push({});\n<\/script>\n\n\n\n<p class=\"wp-block-paragraph\"><\/p>\n\n\n\n<iframe loading=\"lazy\" width=\"600\" height=\"355\" src=\"https:\/\/www.youtube.com\/embed\/dhJdXJtWuk8\" frameborder=\"0\" allow=\"accelerometer; autoplay; encrypted-media; gyroscope; picture-in-picture\" allowfullscreen=\"\"><\/iframe>\n\n\n\n<p class=\"wp-block-paragraph\"><\/p>\n\n\n\n<p style=\"color:#ff0004\" class=\"has-text-color wp-block-paragraph\"><strong>Doble concierto<\/strong><\/p>\n\n\n\n<p class=\"wp-block-paragraph\">Bombay BsAs y Siniestra, dos de los grupos m\u00e1s representativos de la escena actual del tango, compartir\u00e1n escenario el s\u00e1bado 16 de noviembre en el CAFF.<\/p>\n\n\n\n<p class=\"wp-block-paragraph\">Juntos por primera vez, estas dos agrupaciones se re\u00fanen en un concierto continuo -como si fuera un solo track- sumando la t\u00edmbrica de cada grupo en la obra del otro.<\/p>\n\n\n\n<p class=\"wp-block-paragraph\">Bombay BsAs, ganadora del Premio Gardel 2018, adelantar\u00e1 nuevo material y presentar\u00e1 los temas de su reciente vinilo <em>Laeiszhalle. En vivo en Hamburgo<\/em>. <\/p>\n\n\n\n<p class=\"wp-block-paragraph\">El septeto Siniestra continuar\u00e1 celebrando sus 15 a\u00f1os con invitados y tocar\u00e1 los temas de su \u00faltimo trabajo de estudio <em>Depredamor<\/em>.<\/p>\n\n\n\n<iframe loading=\"lazy\" width=\"600\" height=\"355\" src=\"https:\/\/www.youtube.com\/embed\/OY0mdV2Rda8\" frameborder=\"0\" allow=\"accelerometer; autoplay; encrypted-media; gyroscope; picture-in-picture\" allowfullscreen=\"\"><\/iframe>\n\n\n\n<p class=\"wp-block-paragraph\"><\/p>\n\n\n\n<p style=\"color:#ff0004\" class=\"has-text-color wp-block-paragraph\"><strong>Concierto especial de La Empoderada<\/strong><\/p>\n\n\n\n<p class=\"wp-block-paragraph\">La orquesta \u201cat\u00edpica\u201d conformada por m\u00e1s de 30 mujeres -provenientes de diversos puntos del pa\u00eds y del extranjero- anunci\u00f3 un concierto especial para el cierre de 2019.<\/p>\n\n\n\n<p class=\"wp-block-paragraph\">La Empoderada estrenar\u00e1 un repertorio compuesto por tangos, valses y milongas contempor\u00e1neas escrito \u00edntegramente por mujeres y disidencias.<\/p>\n\n\n\n<p class=\"wp-block-paragraph\">El concierto se realizar\u00e1 el jueves 5 de diciembre en ND Teatro y contar\u00e1 con la presencia de distintos artistas invitados.<\/p>\n\n\n\n<iframe loading=\"lazy\" width=\"600\" height=\"355\" src=\"https:\/\/www.youtube.com\/embed\/KJRBttNgFok\" frameborder=\"0\" allow=\"accelerometer; autoplay; encrypted-media; gyroscope; picture-in-picture\" allowfullscreen=\"\"><\/iframe>\n\n\n\n<p class=\"wp-block-paragraph\"><\/p>\n\n\n\n<p class=\"wp-block-paragraph\"><em>Consult\u00e1 m\u00e1s conciertos en<\/em> <em><a rel=\"noreferrer noopener\" aria-label=\"la agenda de Fractura Expuesta (abre en una nueva pesta\u00f1a)\" href=\"https:\/\/www.fracturaexpuesta.com.ar\/tango\/index.php\/agenda-de-tango\/\" target=\"_blank\">la agenda de Fractura Expuesta<\/a><\/em><\/p>\n\n\n\n<p class=\"wp-block-paragraph\"><\/p>\n","protected":false},"excerpt":{"rendered":"<p>Noticias breves pero contundentes para conocer todo lo que pasa hoy en el tango.<\/p>\n","protected":false},"author":1,"featured_media":3375,"comment_status":"open","ping_status":"open","sticky":false,"template":"","format":"standard","meta":{"footnotes":""},"categories":[3],"tags":[246,199,32,164,201,123,111],"class_list":["post-3373","post","type-post","status-publish","format-standard","has-post-thumbnail","hentry","category-noticias","tag-barbara-grabinski","tag-bombay-buenos-aires","tag-featured","tag-la-empoderada","tag-picadito","tag-siniestra","tag-tango"],"_links":{"self":[{"href":"https:\/\/www.fracturaexpuesta.com.ar\/tango\/wp-json\/wp\/v2\/posts\/3373","targetHints":{"allow":["GET"]}}],"collection":[{"href":"https:\/\/www.fracturaexpuesta.com.ar\/tango\/wp-json\/wp\/v2\/posts"}],"about":[{"href":"https:\/\/www.fracturaexpuesta.com.ar\/tango\/wp-json\/wp\/v2\/types\/post"}],"author":[{"embeddable":true,"href":"https:\/\/www.fracturaexpuesta.com.ar\/tango\/wp-json\/wp\/v2\/users\/1"}],"replies":[{"embeddable":true,"href":"https:\/\/www.fracturaexpuesta.com.ar\/tango\/wp-json\/wp\/v2\/comments?post=3373"}],"version-history":[{"count":9,"href":"https:\/\/www.fracturaexpuesta.com.ar\/tango\/wp-json\/wp\/v2\/posts\/3373\/revisions"}],"predecessor-version":[{"id":3386,"href":"https:\/\/www.fracturaexpuesta.com.ar\/tango\/wp-json\/wp\/v2\/posts\/3373\/revisions\/3386"}],"wp:featuredmedia":[{"embeddable":true,"href":"https:\/\/www.fracturaexpuesta.com.ar\/tango\/wp-json\/wp\/v2\/media\/3375"}],"wp:attachment":[{"href":"https:\/\/www.fracturaexpuesta.com.ar\/tango\/wp-json\/wp\/v2\/media?parent=3373"}],"wp:term":[{"taxonomy":"category","embeddable":true,"href":"https:\/\/www.fracturaexpuesta.com.ar\/tango\/wp-json\/wp\/v2\/categories?post=3373"},{"taxonomy":"post_tag","embeddable":true,"href":"https:\/\/www.fracturaexpuesta.com.ar\/tango\/wp-json\/wp\/v2\/tags?post=3373"}],"curies":[{"name":"wp","href":"https:\/\/api.w.org\/{rel}","templated":true}]}}