{"id":3407,"date":"2019-11-01T18:19:53","date_gmt":"2019-11-01T18:19:53","guid":{"rendered":"http:\/\/www.fracturaexpuesta.com.ar\/tango\/?p=3407"},"modified":"2019-11-01T18:21:01","modified_gmt":"2019-11-01T18:21:01","slug":"juan-pablo-navarro-y-fito-paez-unidos-por-el-universo-de-juan-carlos-cobian","status":"publish","type":"post","link":"https:\/\/www.fracturaexpuesta.com.ar\/tango\/juan-pablo-navarro-y-fito-paez-unidos-por-el-universo-de-juan-carlos-cobian\/","title":{"rendered":"Juan Pablo Navarro y Fito P\u00e1ez unidos por el universo de Juan Carlos Cobi\u00e1n"},"content":{"rendered":"\n<p class=\"wp-block-paragraph\">Hacia 2018, el contrabajista, compositor y arreglador\nJuan Pablo Navarro encar\u00f3 la tarea de poner nuevamente en valor la obra de Juan\nCarlos Cobi\u00e1n, el director, pianista y autor de tangos emblem\u00e1ticos como \u201cLos\nMareados\u201d (originalmente \u201cLos dopados\u201d) y \u201cNostalgias\u201d.<\/p>\n\n\n\n<p class=\"wp-block-paragraph\">Por aquel tiempo, Navarro realiz\u00f3 un ciclo bajo el t\u00edtulo de \u201cProyecto Cobi\u00e1n\u201d en el que invit\u00f3 a diversos artistas para interpretar la obra del reconocido autor. All\u00ed pasaron Noelia Moncada, Bruno Arias y Fito P\u00e1ez.<\/p>\n\n\n\n<figure class=\"wp-block-image\"><img loading=\"lazy\" decoding=\"async\" width=\"700\" height=\"467\" src=\"https:\/\/www.fracturaexpuesta.com.ar\/tango\/wp-content\/uploads\/124_afs_usina_juanpablonavarrosepteto_fitopaez_mg_8836.jpg\" alt=\"\" class=\"wp-image-3408\" srcset=\"https:\/\/www.fracturaexpuesta.com.ar\/tango\/wp-content\/uploads\/124_afs_usina_juanpablonavarrosepteto_fitopaez_mg_8836.jpg 700w, https:\/\/www.fracturaexpuesta.com.ar\/tango\/wp-content\/uploads\/124_afs_usina_juanpablonavarrosepteto_fitopaez_mg_8836-300x200.jpg 300w\" sizes=\"auto, (max-width: 700px) 100vw, 700px\" \/><figcaption>El a\u00f1o pasado, Navarro y P\u00e1ez en vivo interpretando a Cobi\u00e1n.<\/figcaption><\/figure>\n\n\n\n<p class=\"wp-block-paragraph\">Ahora, tras aquel primer acercamiento, Juan Pablo Navarro y su septeto presentaron el primer adelanto de <em>Los dopados &#8211; La m\u00fasica de Juan Carlos Cobi\u00e1n.<\/em><\/p>\n\n\n\n<p class=\"wp-block-paragraph\">El disco, seg\u00fan explic\u00f3 el contrabajista, re\u00fane composiciones de las m\u00e1s representativas, recreadas a trav\u00e9s de distintos estilos y con abordajes cl\u00e1sicos y contempor\u00e1neos. Se trata, en s\u00edntesis, de una mirada hist\u00f3rica pero tambi\u00e9n de una nueva \u00f3ptica sobre la obra de Cobi\u00e1n bajo la destacada pluma de Juan Pablo.<\/p>\n\n\n\n<div class=\"wp-block-image\"><figure class=\"aligncenter\"><img loading=\"lazy\" decoding=\"async\" width=\"416\" height=\"590\" src=\"https:\/\/www.fracturaexpuesta.com.ar\/tango\/wp-content\/uploads\/Juan-Carlos-Cobi\u00e1n-e1572631946915.jpg\" alt=\"\" class=\"wp-image-3409\" srcset=\"https:\/\/www.fracturaexpuesta.com.ar\/tango\/wp-content\/uploads\/Juan-Carlos-Cobi\u00e1n-e1572631946915.jpg 416w, https:\/\/www.fracturaexpuesta.com.ar\/tango\/wp-content\/uploads\/Juan-Carlos-Cobi\u00e1n-e1572631946915-212x300.jpg 212w\" sizes=\"auto, (max-width: 416px) 100vw, 416px\" \/><figcaption> Juan Carlos Cobi\u00e1n, uno de los notables de la historia musical del tango. <\/figcaption><\/figure><\/div>\n\n\n\n<p class=\"wp-block-paragraph\">\u201cLos Mareados\u201d es el tango que Navarro reinterpreta con Fito P\u00e1ez en el single lanzado recientemente. <\/p>\n\n\n\n<p class=\"wp-block-paragraph\">\u201cFito es el nexo con la canci\u00f3n, \u00e9l es un gran compositor de canciones como lo fue Cobi\u00e1n en su momento. Fito es el m\u00e1s rockero de los tangueros\u201d, comentaba el contrabajista sobre su encuentro con el rosarino.<\/p>\n\n\n\n<iframe loading=\"lazy\" width=\"600\" height=\"355\" src=\"https:\/\/www.youtube.com\/embed\/0EBS0eH6CZA\" frameborder=\"0\" allow=\"accelerometer; autoplay; encrypted-media; gyroscope; picture-in-picture\" allowfullscreen><\/iframe>\n\n\n\n<p class=\"wp-block-paragraph\"><\/p>\n","protected":false},"excerpt":{"rendered":"<p>El contrabajista present\u00f3 un adelanto de su nuevo disco con la participaci\u00f3n de Fito P\u00e1ez.<\/p>\n","protected":false},"author":1,"featured_media":3410,"comment_status":"open","ping_status":"open","sticky":false,"template":"","format":"standard","meta":{"footnotes":""},"categories":[4],"tags":[32,248,172,111],"class_list":["post-3407","post","type-post","status-publish","format-standard","has-post-thumbnail","hentry","category-discos","tag-featured","tag-fito-paez","tag-juan-pablo-navarro","tag-tango"],"_links":{"self":[{"href":"https:\/\/www.fracturaexpuesta.com.ar\/tango\/wp-json\/wp\/v2\/posts\/3407","targetHints":{"allow":["GET"]}}],"collection":[{"href":"https:\/\/www.fracturaexpuesta.com.ar\/tango\/wp-json\/wp\/v2\/posts"}],"about":[{"href":"https:\/\/www.fracturaexpuesta.com.ar\/tango\/wp-json\/wp\/v2\/types\/post"}],"author":[{"embeddable":true,"href":"https:\/\/www.fracturaexpuesta.com.ar\/tango\/wp-json\/wp\/v2\/users\/1"}],"replies":[{"embeddable":true,"href":"https:\/\/www.fracturaexpuesta.com.ar\/tango\/wp-json\/wp\/v2\/comments?post=3407"}],"version-history":[{"count":3,"href":"https:\/\/www.fracturaexpuesta.com.ar\/tango\/wp-json\/wp\/v2\/posts\/3407\/revisions"}],"predecessor-version":[{"id":3413,"href":"https:\/\/www.fracturaexpuesta.com.ar\/tango\/wp-json\/wp\/v2\/posts\/3407\/revisions\/3413"}],"wp:featuredmedia":[{"embeddable":true,"href":"https:\/\/www.fracturaexpuesta.com.ar\/tango\/wp-json\/wp\/v2\/media\/3410"}],"wp:attachment":[{"href":"https:\/\/www.fracturaexpuesta.com.ar\/tango\/wp-json\/wp\/v2\/media?parent=3407"}],"wp:term":[{"taxonomy":"category","embeddable":true,"href":"https:\/\/www.fracturaexpuesta.com.ar\/tango\/wp-json\/wp\/v2\/categories?post=3407"},{"taxonomy":"post_tag","embeddable":true,"href":"https:\/\/www.fracturaexpuesta.com.ar\/tango\/wp-json\/wp\/v2\/tags?post=3407"}],"curies":[{"name":"wp","href":"https:\/\/api.w.org\/{rel}","templated":true}]}}