{"id":3426,"date":"2019-11-11T18:36:28","date_gmt":"2019-11-11T18:36:28","guid":{"rendered":"http:\/\/www.fracturaexpuesta.com.ar\/tango\/?p=3426"},"modified":"2021-10-27T02:04:40","modified_gmt":"2021-10-27T02:04:40","slug":"picadito-de-tango-8-tres-festivales-tres-panoramas","status":"publish","type":"post","link":"https:\/\/www.fracturaexpuesta.com.ar\/tango\/picadito-de-tango-8-tres-festivales-tres-panoramas\/","title":{"rendered":"Picadito de tango #8: tres festivales, tres panoramas"},"content":{"rendered":"\n<p style=\"color:#ff0004\" class=\"has-text-color wp-block-paragraph\"><strong>Festival Internacional de Tango Queer<\/strong><\/p>\n\n\n\n<p class=\"wp-block-paragraph\">Del 13 al 17 de noviembre tendr\u00e1 lugar la nueva entrega del Festival Internacional de Tango Queer.<\/p>\n\n\n\n<p class=\"wp-block-paragraph\">La propuesta, creada en 2007, volver\u00e1 a reunir a profesores, organizadores, intelectuales, m\u00fasicos, bailarines y alumnos de todas partes del mundo para abordar la cuesti\u00f3n de los roles. <\/p>\n\n\n\n<p class=\"wp-block-paragraph\">El festival desarrollar\u00e1 4 milongas y 12 workshops y \u201cno est\u00e1 orientado exclusivamente a parejas del mismo sexo sino a todas las personas y espacios que apoyen la propuesta y que promuevan el respeto por la diversidad en y desde el tango\u201d, aclaran los impulsores.<\/p>\n\n\n\n<p class=\"wp-block-paragraph\">La programaci\u00f3n se puede consultar en  <a rel=\"noreferrer noopener\" aria-label=\"https:\/\/festivaltangoqueer.com.ar\/category\/programacion\/ (abre en una nueva pesta\u00f1a)\" href=\"https:\/\/festivaltangoqueer.com.ar\/category\/programacion\/\" target=\"_blank\">https:\/\/festivaltangoqueer.com.ar\/category\/programacion\/<\/a><\/p>\n\n\n\n<script async=\"\" src=\"https:\/\/pagead2.googlesyndication.com\/pagead\/js\/adsbygoogle.js\"><\/script>\n<ins class=\"adsbygoogle\" style=\"display:block; text-align:center;\" data-ad-layout=\"in-article\" data-ad-format=\"fluid\" data-ad-client=\"ca-pub-2103671489020353\" data-ad-slot=\"7337250265\"><\/ins>\n<script>\n     (adsbygoogle = window.adsbygoogle || []).push({});\n<\/script>\n\n\n\n<p class=\"wp-block-paragraph\"><\/p>\n\n\n\n<p style=\"color:#ff0004\" class=\"has-text-color wp-block-paragraph\"><strong>Cuatro barrios, un solo coraz\u00f3n<\/strong><\/p>\n\n\n\n<p class=\"wp-block-paragraph\">\u201cM\u00e1s all\u00e1 de las fronteras geogr\u00e1ficas, a estos cuatro barrios los une una misma identidad tanguera y del sentir porte\u00f1o\u201d, cuentan los organizadores del Festival de Tango de Urchasdon\u00eda que se pondr\u00e1 en marcha con su tercera edici\u00f3n. Ser\u00e1 desde el viernes 15 hasta el lunes 18.<\/p>\n\n\n\n<p class=\"wp-block-paragraph\">Villa Urquiza, Parque Chas, Villa Pueyrred\u00f3n y Agronom\u00eda son los barrios que se congregan nuevamente para impulsar este festival que contar\u00e1 con milongas, conciertos, recaladas, homenajes tangueros, pr\u00e1cticas, clases de tango, pe\u00f1a y certamen de cantores.<\/p>\n\n\n\n<p class=\"wp-block-paragraph\">\u201cEn un mundo donde todo se globaliza, las culturas, la producci\u00f3n, las formas de ver y experimentar, lo barrial es un refugio y resguardo de peque\u00f1os universos atesorados\u201d, reafirman desde Urchasdon\u00eda.<\/p>\n\n\n\n<figure class=\"wp-block-image\"><img loading=\"lazy\" decoding=\"async\" width=\"897\" height=\"847\" src=\"https:\/\/www.fracturaexpuesta.com.ar\/tango\/wp-content\/uploads\/urchasdonia-e1573497015727.png\" alt=\"\" class=\"wp-image-3428\" srcset=\"https:\/\/www.fracturaexpuesta.com.ar\/tango\/wp-content\/uploads\/urchasdonia-e1573497015727.png 897w, https:\/\/www.fracturaexpuesta.com.ar\/tango\/wp-content\/uploads\/urchasdonia-e1573497015727-300x283.png 300w, https:\/\/www.fracturaexpuesta.com.ar\/tango\/wp-content\/uploads\/urchasdonia-e1573497015727-768x725.png 768w\" sizes=\"auto, (max-width: 897px) 100vw, 897px\" \/><figcaption>La programaci\u00f3n del Festival de Tango de Urchasdon\u00eda. <\/figcaption><\/figure>\n\n\n\n<p style=\"color:#ff0004\" class=\"has-text-color wp-block-paragraph\"><strong>Tango y criollismo<\/strong><\/p>\n\n\n\n<p class=\"wp-block-paragraph\">Payadores, orquestas, guitarras y cantores se presentar\u00e1n en la tercera edici\u00f3n del Festival de tango y criollismo.<\/p>\n\n\n\n<p class=\"wp-block-paragraph\">El s\u00e1bado 16 y el domingo 17 de noviembre, desde las 19, se presentar\u00e1n agrupaciones y solistas de tango y m\u00fasica criolla, adem\u00e1s de payadores de Argentina y Uruguay.<\/p>\n\n\n\n<p class=\"wp-block-paragraph\">Ser\u00e1 en el Auditorio de Radio Urbe (Laprida 1166) de Lomas de Zamora.<\/p>\n\n\n\n<p class=\"wp-block-paragraph\">Entre los grupos y artistas del festival est\u00e1n programados Madreselva, Natalia Lagos, Leonel Capitano, Astillero, Jos\u00e9 Silvio Curbelo, Emanuel Gabotto, Sabalaje ensamble, Casiana Torres, Tu vieja en tango, La empoderada y Omar Moreno Palacios (padrino del festival).<\/p>\n\n\n\n<p class=\"wp-block-paragraph\">La programaci\u00f3n completa se consulta en <a href=\"https:\/\/www.facebook.com\/tangoycriollismo\/\" target=\"_blank\" rel=\"noreferrer noopener\" aria-label=\"https:\/\/www.facebook.com\/tangoycriollismo\/ (abre en una nueva pesta\u00f1a)\">https:\/\/www.facebook.com\/tangoycriollismo\/<\/a><\/p>\n","protected":false},"excerpt":{"rendered":"<p>A lo largo de una semana, tres festivales de tango en Buenos Aires que ofrecen distintas miradas sobre la expresi\u00f3n porte\u00f1a.<\/p>\n","protected":false},"author":1,"featured_media":3427,"comment_status":"open","ping_status":"open","sticky":false,"template":"","format":"standard","meta":{"footnotes":""},"categories":[3],"tags":[32,201,111,250,151],"class_list":["post-3426","post","type-post","status-publish","format-standard","has-post-thumbnail","hentry","category-noticias","tag-featured","tag-picadito","tag-tango","tag-tango-queer","tag-urchasdonia"],"_links":{"self":[{"href":"https:\/\/www.fracturaexpuesta.com.ar\/tango\/wp-json\/wp\/v2\/posts\/3426","targetHints":{"allow":["GET"]}}],"collection":[{"href":"https:\/\/www.fracturaexpuesta.com.ar\/tango\/wp-json\/wp\/v2\/posts"}],"about":[{"href":"https:\/\/www.fracturaexpuesta.com.ar\/tango\/wp-json\/wp\/v2\/types\/post"}],"author":[{"embeddable":true,"href":"https:\/\/www.fracturaexpuesta.com.ar\/tango\/wp-json\/wp\/v2\/users\/1"}],"replies":[{"embeddable":true,"href":"https:\/\/www.fracturaexpuesta.com.ar\/tango\/wp-json\/wp\/v2\/comments?post=3426"}],"version-history":[{"count":2,"href":"https:\/\/www.fracturaexpuesta.com.ar\/tango\/wp-json\/wp\/v2\/posts\/3426\/revisions"}],"predecessor-version":[{"id":3430,"href":"https:\/\/www.fracturaexpuesta.com.ar\/tango\/wp-json\/wp\/v2\/posts\/3426\/revisions\/3430"}],"wp:featuredmedia":[{"embeddable":true,"href":"https:\/\/www.fracturaexpuesta.com.ar\/tango\/wp-json\/wp\/v2\/media\/3427"}],"wp:attachment":[{"href":"https:\/\/www.fracturaexpuesta.com.ar\/tango\/wp-json\/wp\/v2\/media?parent=3426"}],"wp:term":[{"taxonomy":"category","embeddable":true,"href":"https:\/\/www.fracturaexpuesta.com.ar\/tango\/wp-json\/wp\/v2\/categories?post=3426"},{"taxonomy":"post_tag","embeddable":true,"href":"https:\/\/www.fracturaexpuesta.com.ar\/tango\/wp-json\/wp\/v2\/tags?post=3426"}],"curies":[{"name":"wp","href":"https:\/\/api.w.org\/{rel}","templated":true}]}}