{"id":3465,"date":"2019-11-21T07:27:41","date_gmt":"2019-11-21T07:27:41","guid":{"rendered":"http:\/\/www.fracturaexpuesta.com.ar\/tango\/?p=3465"},"modified":"2020-02-17T13:01:31","modified_gmt":"2020-02-17T13:01:31","slug":"la-lirica-pasion-del-sexteto-fantasma","status":"publish","type":"post","link":"https:\/\/www.fracturaexpuesta.com.ar\/tango\/la-lirica-pasion-del-sexteto-fantasma\/","title":{"rendered":"\u201cLa l\u00edrica pasi\u00f3n\u201d, del Sexteto Fantasma"},"content":{"rendered":"\n<p class=\"wp-block-paragraph\">Mientras llevan adelante su cuarta gira por Europa, el Sexteto Fantasma lanz\u00f3 paralelamente el video de \u201cLa l\u00edrica pasi\u00f3n\u201d, uno de los temas propios que forma parte del disco <em>Fuego bohemio<\/em>.<\/p>\n\n\n\n<p class=\"wp-block-paragraph\">Con autor\u00eda compartida entre el guitarrista Guido Iacopetti (m\u00fasica) y el cantautor Mart\u00edn \u201cPitu\u201d Frontera (letra), el video -realizado por Yael Szmulewicz y Tan Kurttekin- muestra im\u00e1genes del grupo y de distintas postales de \u201cla bohemia tanguera de nuestra ciudad\u201d, contaron los integrantes a trav\u00e9s de sus redes sociales.<\/p>\n\n\n\n<script async=\"\" src=\"https:\/\/pagead2.googlesyndication.com\/pagead\/js\/adsbygoogle.js\"><\/script>\n<ins class=\"adsbygoogle\" style=\"display:block; text-align:center;\" data-ad-layout=\"in-article\" data-ad-format=\"fluid\" data-ad-client=\"ca-pub-2103671489020353\" data-ad-slot=\"7337250265\"><\/ins>\n<script>\n     (adsbygoogle = window.adsbygoogle || []).push({});\n<\/script>\n\n\n\n<p class=\"wp-block-paragraph\"><\/p>\n\n\n\n<p class=\"wp-block-paragraph\">El sexteto est\u00e1 compuesto por Rodrigo Perelsztein (voz), Ezequiel Ag\u00fcero (piano), Mat\u00edas D&#8217;Amico (contrabajo), Daniel Mayor (trompeta), Oscar Ismael Yemha (bandone\u00f3n) y Guido Iacopetti (guitarra y direcci\u00f3n).<\/p>\n\n\n\n<iframe loading=\"lazy\" src=\"https:\/\/www.facebook.com\/plugins\/video.php?href=https%3A%2F%2Fwww.facebook.com%2FSextetoFantasma%2Fvideos%2F791881314583150%2F&#038;show_text=0&#038;width=560\" width=\"600\" height=\"336\" style=\"border:none;overflow:hidden\" scrolling=\"no\" frameborder=\"0\" allowTransparency=\"true\" allowFullScreen=\"true\"><\/iframe>\n\n\n\n<p class=\"wp-block-paragraph\"><\/p>\n","protected":false},"excerpt":{"rendered":"<p>Una mirada de la bohemia tanguera desde la m\u00fasica del sexteto porte\u00f1o.<\/p>\n","protected":false},"author":1,"featured_media":3466,"comment_status":"open","ping_status":"open","sticky":false,"template":"","format":"video","meta":{"footnotes":""},"categories":[2],"tags":[32,255,111],"class_list":["post-3465","post","type-post","status-publish","format-video","has-post-thumbnail","hentry","category-videos","tag-featured","tag-sexteto-fantasma","tag-tango","post_format-post-format-video"],"_links":{"self":[{"href":"https:\/\/www.fracturaexpuesta.com.ar\/tango\/wp-json\/wp\/v2\/posts\/3465","targetHints":{"allow":["GET"]}}],"collection":[{"href":"https:\/\/www.fracturaexpuesta.com.ar\/tango\/wp-json\/wp\/v2\/posts"}],"about":[{"href":"https:\/\/www.fracturaexpuesta.com.ar\/tango\/wp-json\/wp\/v2\/types\/post"}],"author":[{"embeddable":true,"href":"https:\/\/www.fracturaexpuesta.com.ar\/tango\/wp-json\/wp\/v2\/users\/1"}],"replies":[{"embeddable":true,"href":"https:\/\/www.fracturaexpuesta.com.ar\/tango\/wp-json\/wp\/v2\/comments?post=3465"}],"version-history":[{"count":3,"href":"https:\/\/www.fracturaexpuesta.com.ar\/tango\/wp-json\/wp\/v2\/posts\/3465\/revisions"}],"predecessor-version":[{"id":3520,"href":"https:\/\/www.fracturaexpuesta.com.ar\/tango\/wp-json\/wp\/v2\/posts\/3465\/revisions\/3520"}],"wp:featuredmedia":[{"embeddable":true,"href":"https:\/\/www.fracturaexpuesta.com.ar\/tango\/wp-json\/wp\/v2\/media\/3466"}],"wp:attachment":[{"href":"https:\/\/www.fracturaexpuesta.com.ar\/tango\/wp-json\/wp\/v2\/media?parent=3465"}],"wp:term":[{"taxonomy":"category","embeddable":true,"href":"https:\/\/www.fracturaexpuesta.com.ar\/tango\/wp-json\/wp\/v2\/categories?post=3465"},{"taxonomy":"post_tag","embeddable":true,"href":"https:\/\/www.fracturaexpuesta.com.ar\/tango\/wp-json\/wp\/v2\/tags?post=3465"}],"curies":[{"name":"wp","href":"https:\/\/api.w.org\/{rel}","templated":true}]}}