{"id":3531,"date":"2019-11-26T20:43:01","date_gmt":"2019-11-26T20:43:01","guid":{"rendered":"http:\/\/www.fracturaexpuesta.com.ar\/tango\/?p=3531"},"modified":"2019-11-26T21:45:38","modified_gmt":"2019-11-26T21:45:38","slug":"alberto-fernandez-tenemos-que-prestarles-mucha-atencion-a-los-creadores","status":"publish","type":"post","link":"https:\/\/www.fracturaexpuesta.com.ar\/tango\/alberto-fernandez-tenemos-que-prestarles-mucha-atencion-a-los-creadores\/","title":{"rendered":"Alberto Fern\u00e1ndez: \u201cTenemos que prestarles mucha atenci\u00f3n a los creadores\u201d"},"content":{"rendered":"\n<p class=\"wp-block-paragraph\">El presidente electo Alberto Fern\u00e1ndez ofreci\u00f3 una entrevista en el programa <em>El horno est\u00e1 para bollos<\/em> de Radio Con Vos.<\/p>\n\n\n\n<p class=\"wp-block-paragraph\">All\u00ed, consultado por el invitado Alejandro Dolina sobre la definici\u00f3n\nde una pol\u00edtica cultural en su gobierno, Fern\u00e1ndez ofreci\u00f3 algunas aproximaciones\ny visiones para encarar la gesti\u00f3n del sector. <\/p>\n\n\n\n<p class=\"wp-block-paragraph\">\u201cSiento que la pol\u00edtica hace un mal uso de la cultura, hace un uso capitalista. Hace \u2018uso\u2019. Y la cultura es otra cosa\u201d, sostuvo Fern\u00e1ndez al momento de diferenciar las concepciones de la producci\u00f3n cultural. <\/p>\n\n\n\n<script async=\"\" src=\"https:\/\/pagead2.googlesyndication.com\/pagead\/js\/adsbygoogle.js\"><\/script>\n<ins class=\"adsbygoogle\" style=\"display:block; text-align:center;\" data-ad-layout=\"in-article\" data-ad-format=\"fluid\" data-ad-client=\"ca-pub-2103671489020353\" data-ad-slot=\"7337250265\"><\/ins>\n<script>\n     (adsbygoogle = window.adsbygoogle || []).push({});\n<\/script>\n\n\n\n<p class=\"wp-block-paragraph\"><\/p>\n\n\n\n<p class=\"wp-block-paragraph\">\u201cLa cultura alimenta el esp\u00edritu de los pueblos. Un ser humano es carne y esp\u00edritu. Y alimentar el esp\u00edritu es tan importante como alimentar la carne. Los pueblos, cuyo esp\u00edritu est\u00e1 bien alimentado, son pueblos de otra calidad\u201d, destac\u00f3 el dirigente.<\/p>\n\n\n\n<blockquote class=\"wp-block-quote is-style-large is-layout-flow wp-block-quote-is-layout-flow\"><p><em>\u00abHay un manejo de la cultura, muy capitalista\u00bb.<\/em><\/p><\/blockquote>\n\n\n\n<p class=\"wp-block-paragraph\"><\/p>\n\n\n\n<p class=\"wp-block-paragraph\">El presidente electo tambi\u00e9n se refiri\u00f3 al acceso y la\ncalidad de la cultura en los consumos de los sectores populares y cuestion\u00f3 el\nuso econ\u00f3mico que se \u201cimpone\u201d al momento de crear bienes culturales desde la\nindustria. \u201c\u00bfPor qu\u00e9 a los sectores populares les imponen cierta m\u00fasica? Es una\ndefinici\u00f3n econ\u00f3mica\u201d, analiz\u00f3 Fern\u00e1ndez. Y agreg\u00f3: \u201c\u00bfPor qu\u00e9 quieren aturdir a\nlos pobres? \u00bfPor qu\u00e9 no los quieren hacer reflexionar con la cultura? Hay un manejo\nde la cultura, muy capitalista, que sirve para eso. Y sirve para dominar esp\u00edritus\u201d.<\/p>\n\n\n\n<p style=\"color:#ff0004\" class=\"has-text-color wp-block-paragraph\"><strong>Los creadores<\/strong><\/p>\n\n\n\n<p class=\"wp-block-paragraph\">Como un tema central, Fern\u00e1ndez, quien confirm\u00f3 que la Secretar\u00eda de Cultura volver\u00e1 a tener rango de ministerio, subray\u00f3 la cuesti\u00f3n de los derechos de los creadores. \u201cEl mayor problema es el maltrato que recibe el que crea, que cada vez tiene menos derechos\u201d.<\/p>\n\n\n\n<blockquote class=\"wp-block-quote is-style-large is-layout-flow wp-block-quote-is-layout-flow\"><p> <em>\u201cLa Argentina tiene mucho contenido para generar la mejor cultura\u00bb. <\/em><\/p><\/blockquote>\n\n\n\n<p class=\"wp-block-paragraph\"><\/p>\n\n\n\n<figure class=\"wp-block-image\"><img loading=\"lazy\" decoding=\"async\" width=\"1024\" height=\"576\" src=\"https:\/\/www.fracturaexpuesta.com.ar\/tango\/wp-content\/uploads\/alberto-fernandez-spinetta-1024x576.jpg\" alt=\"\" class=\"wp-image-3533\" srcset=\"https:\/\/www.fracturaexpuesta.com.ar\/tango\/wp-content\/uploads\/alberto-fernandez-spinetta-1024x576.jpg 1024w, https:\/\/www.fracturaexpuesta.com.ar\/tango\/wp-content\/uploads\/alberto-fernandez-spinetta-300x169.jpg 300w, https:\/\/www.fracturaexpuesta.com.ar\/tango\/wp-content\/uploads\/alberto-fernandez-spinetta-768x432.jpg 768w, https:\/\/www.fracturaexpuesta.com.ar\/tango\/wp-content\/uploads\/alberto-fernandez-spinetta.jpg 1280w\" sizes=\"auto, (max-width: 1024px) 100vw, 1024px\" \/><figcaption>Luis Alberto Spinetta y Alberto Fern\u00e1ndez, en el Sal\u00f3n Blanco de la Casa Rosada.<\/figcaption><\/figure>\n\n\n\n<p class=\"wp-block-paragraph\"><\/p>\n\n\n\n<p class=\"wp-block-paragraph\">\u201cTenemos que prestarles mucha atenci\u00f3n a los creadores, a\nlos derechos de los que crean. Porque ese es el mayor incentivo para que sigan creando\ny para que haya otras generaciones de creadores\u201d, dijo el dirigente.<\/p>\n\n\n\n<p class=\"wp-block-paragraph\">En tal sentido, Fern\u00e1ndez ejemplific\u00f3 su posici\u00f3n aludiendo a la distribuci\u00f3n de m\u00fasica en plataformas: \u201cCuando habl\u00e1s con los m\u00fasicos te cuentan c\u00f3mo las grandes plataformas musicales les arruinaron la vida porque no saben lo que cobran, no saben lo que se escucha. Se perdi\u00f3 control sobre eso\u201d.<\/p>\n\n\n\n<p class=\"wp-block-paragraph\"><\/p>\n\n\n\n<p class=\"wp-block-paragraph\">El presidente que asumir\u00e1 el pr\u00f3ximo 10 de diciembre, finalmente valor\u00f3 el caudal actual y el acervo cultural del pa\u00eds e indic\u00f3 que \u201cla Argentina tiene mucho contenido para generar la mejor cultura. Tuvimos una generaci\u00f3n del tango, del folclore, del rock. M\u00fasicos impresionantes en cada uno de esos lugares\u201d.<\/p>\n","protected":false},"excerpt":{"rendered":"<p>El presidente electo reconoci\u00f3 tambi\u00e9n que \u201cla pol\u00edtica hace un mal uso de la cultura\u201d.<\/p>\n","protected":false},"author":1,"featured_media":3537,"comment_status":"open","ping_status":"open","sticky":false,"template":"","format":"standard","meta":{"footnotes":""},"categories":[3],"tags":[257,259,32,258,111],"class_list":["post-3531","post","type-post","status-publish","format-standard","has-post-thumbnail","hentry","category-noticias","tag-alberto-fernandez","tag-cultura","tag-featured","tag-politica-cultural","tag-tango"],"_links":{"self":[{"href":"https:\/\/www.fracturaexpuesta.com.ar\/tango\/wp-json\/wp\/v2\/posts\/3531","targetHints":{"allow":["GET"]}}],"collection":[{"href":"https:\/\/www.fracturaexpuesta.com.ar\/tango\/wp-json\/wp\/v2\/posts"}],"about":[{"href":"https:\/\/www.fracturaexpuesta.com.ar\/tango\/wp-json\/wp\/v2\/types\/post"}],"author":[{"embeddable":true,"href":"https:\/\/www.fracturaexpuesta.com.ar\/tango\/wp-json\/wp\/v2\/users\/1"}],"replies":[{"embeddable":true,"href":"https:\/\/www.fracturaexpuesta.com.ar\/tango\/wp-json\/wp\/v2\/comments?post=3531"}],"version-history":[{"count":9,"href":"https:\/\/www.fracturaexpuesta.com.ar\/tango\/wp-json\/wp\/v2\/posts\/3531\/revisions"}],"predecessor-version":[{"id":3545,"href":"https:\/\/www.fracturaexpuesta.com.ar\/tango\/wp-json\/wp\/v2\/posts\/3531\/revisions\/3545"}],"wp:featuredmedia":[{"embeddable":true,"href":"https:\/\/www.fracturaexpuesta.com.ar\/tango\/wp-json\/wp\/v2\/media\/3537"}],"wp:attachment":[{"href":"https:\/\/www.fracturaexpuesta.com.ar\/tango\/wp-json\/wp\/v2\/media?parent=3531"}],"wp:term":[{"taxonomy":"category","embeddable":true,"href":"https:\/\/www.fracturaexpuesta.com.ar\/tango\/wp-json\/wp\/v2\/categories?post=3531"},{"taxonomy":"post_tag","embeddable":true,"href":"https:\/\/www.fracturaexpuesta.com.ar\/tango\/wp-json\/wp\/v2\/tags?post=3531"}],"curies":[{"name":"wp","href":"https:\/\/api.w.org\/{rel}","templated":true}]}}