{"id":3556,"date":"2019-11-28T13:17:47","date_gmt":"2019-11-28T13:17:47","guid":{"rendered":"http:\/\/www.fracturaexpuesta.com.ar\/tango\/?p=3556"},"modified":"2019-11-28T13:21:57","modified_gmt":"2019-11-28T13:21:57","slug":"con-homenajes-a-osvaldo-bayer-arranca-el-festival-de-tango-de-la-republica-de-la-boca","status":"publish","type":"post","link":"https:\/\/www.fracturaexpuesta.com.ar\/tango\/con-homenajes-a-osvaldo-bayer-arranca-el-festival-de-tango-de-la-republica-de-la-boca\/","title":{"rendered":"Con homenajes a Osvaldo Bayer, arranca el Festival de Tango de la Rep\u00fablica de La Boca"},"content":{"rendered":"\n<p class=\"wp-block-paragraph\">En el marco de sus 10 a\u00f1os, este jueves inicia una nueva edici\u00f3n del  Festival de Tango de la Rep\u00fablica de La Boca.<\/p>\n\n\n\n<p class=\"wp-block-paragraph\">Esta vez, el festival llevar\u00e1 tambi\u00e9n el nombre de Osvaldo Bayer, en homenaje al escritor que colabor\u00f3 en varias ocasiones con la iniciativa y con el Quinteto Negro La Boca que lleva adelante sus tangos libertarios.<\/p>\n\n\n\n<p class=\"wp-block-paragraph\">Milongas, clases de baile, m\u00e1s de 20 grupos en escena y actividades tem\u00e1ticas vinculadas a Bayer conforman la grilla del festival que se extender\u00e1 hasta el s\u00e1bado 30.<\/p>\n\n\n\n<figure class=\"wp-block-image\"><img loading=\"lazy\" decoding=\"async\" width=\"960\" height=\"720\" src=\"https:\/\/www.fracturaexpuesta.com.ar\/tango\/wp-content\/uploads\/festival-tango-la-boca-bayer.jpg\" alt=\"\" class=\"wp-image-3558\" srcset=\"https:\/\/www.fracturaexpuesta.com.ar\/tango\/wp-content\/uploads\/festival-tango-la-boca-bayer.jpg 960w, https:\/\/www.fracturaexpuesta.com.ar\/tango\/wp-content\/uploads\/festival-tango-la-boca-bayer-300x225.jpg 300w, https:\/\/www.fracturaexpuesta.com.ar\/tango\/wp-content\/uploads\/festival-tango-la-boca-bayer-768x576.jpg 768w\" sizes=\"auto, (max-width: 960px) 100vw, 960px\" \/><figcaption>Osvaldo Bayer y Pablo Bernaba (Quinteto Negro La Boca) en una de las ediciones del festival. (Foto: gentileza Patra Garc\u00eda).<\/figcaption><\/figure>\n\n\n\n<p class=\"wp-block-paragraph\">Un \u201corquestazo\u201d, la proyecci\u00f3n de la pel\u00edcula \u201cMi viejo rebelde\u201d de la hija de Osvaldo Bayer, tres milongas y la participaci\u00f3n de grupos como Chifladas, La Vid\u00fa y la Orquesta Cambio de Frente son algunas de las propuestas del encuentro porte\u00f1o.<\/p>\n\n\n\n<p class=\"wp-block-paragraph\"><strong>JUEVES 28\/11<\/strong><\/p>\n\n\n\n<p class=\"wp-block-paragraph\">Inauguraci\u00f3n del festival<br>En Malevaje Arte-Club (Garibaldi 1670) <br>Milonga apertura del festival (Edici\u00f3n especial organizada por Tango Cr\u00edtico)<\/p>\n\n\n\n<p class=\"wp-block-paragraph\">20 hs. | Clase a cargo de  taller de \u201cTango Cr\u00edtico\u201d<br>21.30 a 2 hs.| Milonga con tandas Dj Dar\u00edo Garcia y m\u00fasica en vivo<br>Vero Koufati acompa\u00f1ada por Gast\u00f3n Ruiz<br>Lul\u00fa acompa\u00f1ada por Guillermo Martel<br>Proyecto \u201cCoraz\u00f3n de Mujer\u201d  con las voces de Daniela de Rito y Fernanda Yamil acompa\u00f1adas por las guitarras de Leandro Garcia, Hern\u00e1n P\u00e9rez y Juan iruzubieta.<br>El Macanazo (Lola V\u00e1zquez, Laura Cort\u00e9z y Valeria Vilaseca)<br>Exhibici\u00f3n a cargo de Diego Balbi <br>Presentaci\u00f3n a cargo de Marita Monteleone<\/p>\n\n\n\n<script async=\"\" src=\"https:\/\/pagead2.googlesyndication.com\/pagead\/js\/adsbygoogle.js\"><\/script>\n<ins class=\"adsbygoogle\" style=\"display:block; text-align:center;\" data-ad-layout=\"in-article\" data-ad-format=\"fluid\" data-ad-client=\"ca-pub-2103671489020353\" data-ad-slot=\"7337250265\"><\/ins>\n<script>\n     (adsbygoogle = window.adsbygoogle || []).push({});\n<\/script>\n\n\n\n<p class=\"wp-block-paragraph\"><\/p>\n\n\n\n<p class=\"wp-block-paragraph\"><strong>VIERNES 29\/11<\/strong><\/p>\n\n\n\n<p class=\"wp-block-paragraph\">Homenaje a Osvaldo bayer y milonga libertaria<br>En Malevaje Arte-Club (Garibaldi 1670)<\/p>\n\n\n\n<p class=\"wp-block-paragraph\">19:30 hs | Se realizar\u00e1 en las paredes del Malevaje un mural Homenaje a Osvaldo Bayer a cargo de \u201cColectivo de Muralistas O.B.R.A\u201d<br>21:15 | Homenaje del Quinteto Negro La Boca a Osvaldo Bayer y sus Tangos Libertarios<br>22:15 l Arrancan la Milonga Libertaria con las tandas milongueras a cargo de DJ Fernado Bietti M\u00fasica en vivo:<br>Ana Sof\u00eda Stamponi acompa\u00f1ada por Rodrigo Ruiz D\u00edaz<br>Tango Negro<br>Quiero 24<br>Exhibici\u00f3n Folklore Danza | Andrea Hammerschmidt y Adri\u00e1n Bernal<\/p>\n\n\n\n<p class=\"wp-block-paragraph\"><strong>SABADO  30\/11<\/strong><\/p>\n\n\n\n<p class=\"wp-block-paragraph\">Homenaje a Osvaldo Bayer  y Orquestazo <br>Cine Teatro Brown (Alte. Brown 1375)<\/p>\n\n\n\n<p class=\"wp-block-paragraph\">19 hs. | Proyecci\u00f3n de la pel\u00edcula \u201cMI VIEJO REBELDE\u201d realizada por su hija Ana Bayer  (qui\u00e9n estar\u00e1 presente)<br>20:30 hs | Clase de tango a cargo de Alejandro Lucaci y Andre Etchepare de  \u201cTango Inclusivo\u201d<br>21:30 hs l Gran orquestazo como cierre del festival<br>Orquesta t\u00edpica Cambio De Frente<br>Orquesta At\u00edpica Tangorra<br>Las Chifladas<br>Sindicato de Borrachos del Abasto<br>Orquesta t\u00edpica La Vid\u00fa<br>Orquesta t\u00edpica Esquina Sur<br>Intervenciones entre orquesta y orquesta del \u201cSindicato de Borrachos del Abasto\u201d <br>Coordinadora: Andre Etchepare<br>Tandas de DJ milongueras a cargo de Susana Aguilar (MFT)<br>Presentaci\u00f3n: Lorena Pilar Chasco<\/p>\n","protected":false},"excerpt":{"rendered":"<p>Milongas, conciertos y diversas actividades conforman la d\u00e9cima edici\u00f3n del festival porte\u00f1o.<\/p>\n","protected":false},"author":1,"featured_media":3559,"comment_status":"open","ping_status":"open","sticky":false,"template":"","format":"standard","meta":{"footnotes":""},"categories":[5],"tags":[32,158,111],"class_list":["post-3556","post","type-post","status-publish","format-standard","has-post-thumbnail","hentry","category-buzon","tag-featured","tag-festival-de-tango-de-la-boca","tag-tango"],"_links":{"self":[{"href":"https:\/\/www.fracturaexpuesta.com.ar\/tango\/wp-json\/wp\/v2\/posts\/3556","targetHints":{"allow":["GET"]}}],"collection":[{"href":"https:\/\/www.fracturaexpuesta.com.ar\/tango\/wp-json\/wp\/v2\/posts"}],"about":[{"href":"https:\/\/www.fracturaexpuesta.com.ar\/tango\/wp-json\/wp\/v2\/types\/post"}],"author":[{"embeddable":true,"href":"https:\/\/www.fracturaexpuesta.com.ar\/tango\/wp-json\/wp\/v2\/users\/1"}],"replies":[{"embeddable":true,"href":"https:\/\/www.fracturaexpuesta.com.ar\/tango\/wp-json\/wp\/v2\/comments?post=3556"}],"version-history":[{"count":3,"href":"https:\/\/www.fracturaexpuesta.com.ar\/tango\/wp-json\/wp\/v2\/posts\/3556\/revisions"}],"predecessor-version":[{"id":3564,"href":"https:\/\/www.fracturaexpuesta.com.ar\/tango\/wp-json\/wp\/v2\/posts\/3556\/revisions\/3564"}],"wp:featuredmedia":[{"embeddable":true,"href":"https:\/\/www.fracturaexpuesta.com.ar\/tango\/wp-json\/wp\/v2\/media\/3559"}],"wp:attachment":[{"href":"https:\/\/www.fracturaexpuesta.com.ar\/tango\/wp-json\/wp\/v2\/media?parent=3556"}],"wp:term":[{"taxonomy":"category","embeddable":true,"href":"https:\/\/www.fracturaexpuesta.com.ar\/tango\/wp-json\/wp\/v2\/categories?post=3556"},{"taxonomy":"post_tag","embeddable":true,"href":"https:\/\/www.fracturaexpuesta.com.ar\/tango\/wp-json\/wp\/v2\/tags?post=3556"}],"curies":[{"name":"wp","href":"https:\/\/api.w.org\/{rel}","templated":true}]}}