{"id":3572,"date":"2019-12-03T20:05:56","date_gmt":"2019-12-03T20:05:56","guid":{"rendered":"http:\/\/www.fracturaexpuesta.com.ar\/tango\/?p=3572"},"modified":"2021-10-27T02:04:23","modified_gmt":"2021-10-27T02:04:23","slug":"picadito-de-tango-9-la-rantifusa-juan-pablo-navarro-y-un-domingo-con-alorsa","status":"publish","type":"post","link":"https:\/\/www.fracturaexpuesta.com.ar\/tango\/picadito-de-tango-9-la-rantifusa-juan-pablo-navarro-y-un-domingo-con-alorsa\/","title":{"rendered":"Picadito de tango #9: La Rantifusa, Juan Pablo Navarro y Un domingo con Alorsa"},"content":{"rendered":"\n<p style=\"color:#ff0004\" class=\"has-text-color wp-block-paragraph\"><strong>La Rantifusa estrena y presenta su primer disco<\/strong><\/p>\n\n\n\n<p class=\"wp-block-paragraph\"><em>Con y sin permiso<\/em> es el primer disco de la orquesta de mujeres La Rantifusa.<\/p>\n\n\n\n<p class=\"wp-block-paragraph\">Con referencias a la cuesti\u00f3n de g\u00e9nero, de corte milonguero y cierto tono teatral y picaresco en las interpretaciones, el disco debut re\u00fane la po\u00e9tica de los tangos del pasado con los del presente en una revisi\u00f3n contempor\u00e1nea.<\/p>\n\n\n\n<p class=\"wp-block-paragraph\">Bajo ese encuadre se suman adaptaciones con otros g\u00e9neros como el rock, el folklore y la cumbia en un disco que no pierde de vista la pregunta acerca de \u201cser mujeres\u00bb en la sociedad y en el tango.<br><\/p>\n\n\n\n<p class=\"wp-block-paragraph\">\u201cLa idea es intervenir los tangos cl\u00e1sicos, haci\u00e9ndolos dialogar con la forma de vida actual\u201d, dicen las integrantes de La Rantifusa que presentar\u00e1 su material el viernes 6, a las 21, en el CAFF (<a href=\"https:\/\/www.fracturaexpuesta.com.ar\/tango\/index.php\/agenda-de-tango\/\" target=\"_blank\" rel=\"noreferrer noopener\" aria-label=\"consultar agenda (abre en una nueva pesta\u00f1a)\">consultar agenda<\/a>).<\/p>\n\n\n\n<iframe loading=\"lazy\" width=\"600\" height=\"355\" src=\"https:\/\/www.youtube.com\/embed\/SJCEB-9tD14\" frameborder=\"0\" allow=\"accelerometer; autoplay; encrypted-media; gyroscope; picture-in-picture\" allowfullscreen><\/iframe>\n\n\n\n<p class=\"wp-block-paragraph\"><\/p>\n\n\n\n<p style=\"color:#ff0004\" class=\"has-text-color wp-block-paragraph\"><strong>Juan Pablo Navarro estrena \u201cAvalancha\u201d<\/strong><\/p>\n\n\n\n<p class=\"wp-block-paragraph\">El viernes 6 de diciembre, a las 20, en la Sala Argentina\ndel Centro Cultural Kirchner, se estrenar\u00e1 \u201cAvalancha\u201d, una obra concebida\nespecialmente por el compositor y contrabajista Juan Pablo Navarro para su\nsepteto junto a la Orquesta Nacional de M\u00fasica Argentina Juan de Dios\nFiliberto. La direcci\u00f3n estar\u00e1 a cargo del maestro Javier Mas.<\/p>\n\n\n\n<p class=\"wp-block-paragraph\">\u00abAvalancha\u00bb es una obra de car\u00e1cter concertante donde conviven el tango contempor\u00e1neo con la m\u00fasica argentina de tradici\u00f3n sinf\u00f3nica.<\/p>\n\n\n\n<script async=\"\" src=\"https:\/\/pagead2.googlesyndication.com\/pagead\/js\/adsbygoogle.js\"><\/script>\n<ins class=\"adsbygoogle\" style=\"display:block; text-align:center;\" data-ad-layout=\"in-article\" data-ad-format=\"fluid\" data-ad-client=\"ca-pub-2103671489020353\" data-ad-slot=\"7337250265\"><\/ins>\n<script>\n     (adsbygoogle = window.adsbygoogle || []).push({});\n<\/script>\n\n\n\n<p class=\"wp-block-paragraph\"><\/p>\n\n\n\n<p style=\"color:#ff0004\" class=\"has-text-color wp-block-paragraph\"><strong>Otro domingo con Alorsa<\/strong><\/p>\n\n\n\n<p class=\"wp-block-paragraph\">La octava edici\u00f3n del encuentro \u00abUn domingo con Alorsa\u00bb que recuerda y homenajea a Jorge \u201cAlorsa\u201d Pandelucos, cantor fallecido de La Guardia Hereje, tendr\u00e1 lugar este domingo 8, desde las 15, en la Plaza Bocha Esperanza (calle 6 y 528) de Tolosa.<\/p>\n\n\n\n<p class=\"wp-block-paragraph\">Habra juegos, murales, radio abierta y conciertos con la participaci\u00f3n de Astilla, el Tr\u00edo Mistongo, De Rocha-Pay\u00e9, Somos Tangu\u00e9s y Luna Roja y Las Guitarras Negras.<\/p>\n\n\n\n<iframe loading=\"lazy\" width=\"600\" height=\"355\" src=\"https:\/\/www.youtube.com\/embed\/BFkDL0YS9zE\" frameborder=\"0\" allow=\"accelerometer; autoplay; encrypted-media; gyroscope; picture-in-picture\" allowfullscreen><\/iframe>\n\n\n\n<p class=\"wp-block-paragraph\"><\/p>\n","protected":false},"excerpt":{"rendered":"<p>Noticias breves pero contundentes para saber qu\u00e9 propone el tango de hoy.<\/p>\n","protected":false},"author":1,"featured_media":3573,"comment_status":"open","ping_status":"open","sticky":false,"template":"","format":"standard","meta":{"footnotes":""},"categories":[3],"tags":[32,172,244,261,201,111],"class_list":["post-3572","post","type-post","status-publish","format-standard","has-post-thumbnail","hentry","category-noticias","tag-featured","tag-juan-pablo-navarro","tag-la-guardia-hereje","tag-la-rantifusa","tag-picadito","tag-tango"],"_links":{"self":[{"href":"https:\/\/www.fracturaexpuesta.com.ar\/tango\/wp-json\/wp\/v2\/posts\/3572","targetHints":{"allow":["GET"]}}],"collection":[{"href":"https:\/\/www.fracturaexpuesta.com.ar\/tango\/wp-json\/wp\/v2\/posts"}],"about":[{"href":"https:\/\/www.fracturaexpuesta.com.ar\/tango\/wp-json\/wp\/v2\/types\/post"}],"author":[{"embeddable":true,"href":"https:\/\/www.fracturaexpuesta.com.ar\/tango\/wp-json\/wp\/v2\/users\/1"}],"replies":[{"embeddable":true,"href":"https:\/\/www.fracturaexpuesta.com.ar\/tango\/wp-json\/wp\/v2\/comments?post=3572"}],"version-history":[{"count":3,"href":"https:\/\/www.fracturaexpuesta.com.ar\/tango\/wp-json\/wp\/v2\/posts\/3572\/revisions"}],"predecessor-version":[{"id":3578,"href":"https:\/\/www.fracturaexpuesta.com.ar\/tango\/wp-json\/wp\/v2\/posts\/3572\/revisions\/3578"}],"wp:featuredmedia":[{"embeddable":true,"href":"https:\/\/www.fracturaexpuesta.com.ar\/tango\/wp-json\/wp\/v2\/media\/3573"}],"wp:attachment":[{"href":"https:\/\/www.fracturaexpuesta.com.ar\/tango\/wp-json\/wp\/v2\/media?parent=3572"}],"wp:term":[{"taxonomy":"category","embeddable":true,"href":"https:\/\/www.fracturaexpuesta.com.ar\/tango\/wp-json\/wp\/v2\/categories?post=3572"},{"taxonomy":"post_tag","embeddable":true,"href":"https:\/\/www.fracturaexpuesta.com.ar\/tango\/wp-json\/wp\/v2\/tags?post=3572"}],"curies":[{"name":"wp","href":"https:\/\/api.w.org\/{rel}","templated":true}]}}