{"id":3600,"date":"2019-12-24T21:10:28","date_gmt":"2019-12-24T21:10:28","guid":{"rendered":"http:\/\/www.fracturaexpuesta.com.ar\/tango\/?p=3600"},"modified":"2019-12-24T21:10:31","modified_gmt":"2019-12-24T21:10:31","slug":"tangos-de-nochebuena-y-navidad","status":"publish","type":"post","link":"https:\/\/www.fracturaexpuesta.com.ar\/tango\/tangos-de-nochebuena-y-navidad\/","title":{"rendered":"Tangos de Nochebuena y Navidad"},"content":{"rendered":"\n<p class=\"wp-block-paragraph\">En su larga historia el tango abord\u00f3 numerosos temas e instancias de la vida. Los afectos, la delincuencia, el barrio, el f\u00fatbol, la prostituci\u00f3n y la pol\u00edtica estuvieron y est\u00e1n en el repertorio tanguero, entre muchos otros asuntos.<\/p>\n\n\n\n<p class=\"wp-block-paragraph\">La Nochebuena y la Navidad no son ajenas al tratamiento del tango. Con composiciones de alto vuelo y otras de menor estatura, ambos festejos se incorporaron a las tem\u00e1ticas de una expresi\u00f3n cultural que cuenta con una notable plasticidad para encarar diferentes acontecimientos.<\/p>\n\n\n\n<p class=\"wp-block-paragraph\">Grandes nombres como Osvaldo Pugliese, Francisco Canaro u Horacio Ferrer encontraron una manera de narrar esas instancias con sus sellos estil\u00edsticos.<\/p>\n\n\n\n<p class=\"wp-block-paragraph\"><em>Navidad, en la casa de mis padres \/ canci\u00f3n de Nochebuena \/ y escuchando en el patio con malvones \/ el cuento aquel de la abuela<\/em>, dice el tango \u201cNavidad\u201d, escrito por Jorge Moreno y musicalizado por Osvaldo Pugliese.<\/p>\n\n\n\n<p class=\"wp-block-paragraph\">Una lista incompleta -pero representativa- con tangos \u201cusados y nuevos\u201d, para conocer c\u00f3mo retrata el tango la Nochebuena y la Navidad.<\/p>\n\n\n\n<p style=\"color:#ff0004\" class=\"has-text-color wp-block-paragraph\"><strong>\u201cValsecito navide\u00f1o\u201d &#8211; BordonasNoCromo<\/strong><\/p>\n\n\n\n<iframe loading=\"lazy\" width=\"560\" height=\"315\" src=\"https:\/\/www.youtube.com\/embed\/2alwx1ZDKAM\" frameborder=\"0\" allow=\"accelerometer; autoplay; encrypted-media; gyroscope; picture-in-picture\" allowfullscreen><\/iframe>\n\n\n\n<p class=\"wp-block-paragraph\"><\/p>\n\n\n\n<p style=\"color:#ff0004\" class=\"has-text-color wp-block-paragraph\"><strong>\u201cNavidad\u201d &#8211; Orquesta Osvaldo Pugliese y Jorge Maciel<\/strong><\/p>\n\n\n\n<iframe loading=\"lazy\" width=\"560\" height=\"315\" src=\"https:\/\/www.youtube.com\/embed\/Bi0t0Y9fbmg\" frameborder=\"0\" allow=\"accelerometer; autoplay; encrypted-media; gyroscope; picture-in-picture\" allowfullscreen><\/iframe>\n\n\n\n<p class=\"wp-block-paragraph\"><\/p>\n\n\n\n<p style=\"color:#ff0004\" class=\"has-text-color wp-block-paragraph\"><strong>\u201cEl vals de Nochebuena\u201d &#8211; Orquesta \u00a0Alfredo de Angelis y Carlos Dante<\/strong><\/p>\n\n\n\n<iframe loading=\"lazy\" width=\"560\" height=\"315\" src=\"https:\/\/www.youtube.com\/embed\/_c0z6noIRy0\" frameborder=\"0\" allow=\"accelerometer; autoplay; encrypted-media; gyroscope; picture-in-picture\" allowfullscreen><\/iframe>\n\n\n\n<p class=\"wp-block-paragraph\"><\/p>\n\n\n\n<p style=\"color:#ff0004\" class=\"has-text-color wp-block-paragraph\"><strong>\u201cNavidad\u201d &#8211; Orquesta Francisco Canaro<\/strong><\/p>\n\n\n\n<iframe loading=\"lazy\" width=\"560\" height=\"315\" src=\"https:\/\/www.youtube.com\/embed\/4yFZoErBjkE\" frameborder=\"0\" allow=\"accelerometer; autoplay; encrypted-media; gyroscope; picture-in-picture\" allowfullscreen><\/iframe>\n\n\n\n<p class=\"wp-block-paragraph\"><\/p>\n\n\n\n<p style=\"color:#ff0004\" class=\"has-text-color wp-block-paragraph\"><strong>\u201cNavidad de los morenos\u201d &#8211; Jorge Vidal<\/strong><\/p>\n\n\n\n<iframe loading=\"lazy\" width=\"560\" height=\"315\" src=\"https:\/\/www.youtube.com\/embed\/eqzreJvdpeA\" frameborder=\"0\" allow=\"accelerometer; autoplay; encrypted-media; gyroscope; picture-in-picture\" allowfullscreen><\/iframe\n\n\n\n<p class=\"wp-block-paragraph\"><\/p>\n\n\n\n<p style=\"color:#ff0004\" class=\"has-text-color wp-block-paragraph\"> <strong>\u201cNavidad en el Abasto\u201d &#8211; Horacio Ferrer <\/strong><\/p>\n\n\n\n<iframe loading=\"lazy\" width=\"560\" height=\"315\" src=\"https:\/\/www.youtube.com\/embed\/K1aM4jhIdNw\" frameborder=\"0\" allow=\"accelerometer; autoplay; encrypted-media; gyroscope; picture-in-picture\" allowfullscreen><\/iframe>\n\n\n\n<p class=\"wp-block-paragraph\"><\/p>\n\n\n\n<p style=\"color:#ff0004\" class=\"has-text-color wp-block-paragraph\"> <strong>Canci\u00f3n de Navidad\u201d &#8211; Libertad Lamarque <\/strong><\/p>\n\n\n\n<iframe loading=\"lazy\" width=\"560\" height=\"315\" src=\"https:\/\/www.youtube.com\/embed\/bwqDKjx4KHk\" frameborder=\"0\" allow=\"accelerometer; autoplay; encrypted-media; gyroscope; picture-in-picture\" allowfullscreen><\/iframe>\n\n\n\n<p class=\"wp-block-paragraph\"><\/p>\n","protected":false},"excerpt":{"rendered":"<p>Una lista incompleta -pero representativa- de tangos dedicados a los festejos navide\u00f1os. <\/p>\n","protected":false},"author":1,"featured_media":3602,"comment_status":"open","ping_status":"open","sticky":false,"template":"","format":"standard","meta":{"footnotes":""},"categories":[3],"tags":[263,32,264,266,265,171,111],"class_list":["post-3600","post","type-post","status-publish","format-standard","has-post-thumbnail","hentry","category-noticias","tag-bordonasnocromo","tag-featured","tag-francisco-canaro","tag-horacio-ferrer","tag-libertad-lamarque","tag-osvaldo-pugliese","tag-tango"],"_links":{"self":[{"href":"https:\/\/www.fracturaexpuesta.com.ar\/tango\/wp-json\/wp\/v2\/posts\/3600","targetHints":{"allow":["GET"]}}],"collection":[{"href":"https:\/\/www.fracturaexpuesta.com.ar\/tango\/wp-json\/wp\/v2\/posts"}],"about":[{"href":"https:\/\/www.fracturaexpuesta.com.ar\/tango\/wp-json\/wp\/v2\/types\/post"}],"author":[{"embeddable":true,"href":"https:\/\/www.fracturaexpuesta.com.ar\/tango\/wp-json\/wp\/v2\/users\/1"}],"replies":[{"embeddable":true,"href":"https:\/\/www.fracturaexpuesta.com.ar\/tango\/wp-json\/wp\/v2\/comments?post=3600"}],"version-history":[{"count":3,"href":"https:\/\/www.fracturaexpuesta.com.ar\/tango\/wp-json\/wp\/v2\/posts\/3600\/revisions"}],"predecessor-version":[{"id":3605,"href":"https:\/\/www.fracturaexpuesta.com.ar\/tango\/wp-json\/wp\/v2\/posts\/3600\/revisions\/3605"}],"wp:featuredmedia":[{"embeddable":true,"href":"https:\/\/www.fracturaexpuesta.com.ar\/tango\/wp-json\/wp\/v2\/media\/3602"}],"wp:attachment":[{"href":"https:\/\/www.fracturaexpuesta.com.ar\/tango\/wp-json\/wp\/v2\/media?parent=3600"}],"wp:term":[{"taxonomy":"category","embeddable":true,"href":"https:\/\/www.fracturaexpuesta.com.ar\/tango\/wp-json\/wp\/v2\/categories?post=3600"},{"taxonomy":"post_tag","embeddable":true,"href":"https:\/\/www.fracturaexpuesta.com.ar\/tango\/wp-json\/wp\/v2\/tags?post=3600"}],"curies":[{"name":"wp","href":"https:\/\/api.w.org\/{rel}","templated":true}]}}