{"id":3706,"date":"2020-02-17T16:21:47","date_gmt":"2020-02-17T16:21:47","guid":{"rendered":"http:\/\/www.fracturaexpuesta.com.ar\/tango\/?p=3706"},"modified":"2020-02-17T16:50:46","modified_gmt":"2020-02-17T16:50:46","slug":"el-pianista-pablo-murgier-presenta-en-la-argentina-su-disco-los-espejos","status":"publish","type":"post","link":"https:\/\/www.fracturaexpuesta.com.ar\/tango\/el-pianista-pablo-murgier-presenta-en-la-argentina-su-disco-los-espejos\/","title":{"rendered":"El pianista Pablo Murgier presenta en la Argentina su disco \u00abLos espejos\u00bb"},"content":{"rendered":"\n<p class=\"wp-block-paragraph\">Al frente del piano est\u00e1 Pablo Murgier, notable m\u00fasico argentino radicado en Francia que llega a Buenos Aires para presentar su disco solista. Su toque sutil y creativo se imprime sobre <strong>una obra original que aborda la m\u00fasica acad\u00e9mica, el tango, el folclore y el jazz<\/strong>.<\/p>\n\n\n\n<p class=\"wp-block-paragraph\">Por esos carriles transita <em><strong>Los espejos<\/strong><\/em>, un material que compila el trabajo de Murgier y que lo perfila hacia una generaci\u00f3n de compositores contempor\u00e1neos que retoman <strong>los estilos populares<\/strong> con la intenci\u00f3n de <strong>modular nuevos encuentros entre ritmo y melod\u00eda<\/strong>.<\/p>\n\n\n\n<p class=\"wp-block-paragraph\">En esa sinton\u00eda <strong>circulan corrientes tangueras<\/strong> (\u00abTardecitas de Montreuil y \u00abDomingo\u00bb), aires folcl\u00f3ricos (\u00abChapu\u00bb y \u00abVerde azulado\u00bb) y orientaciones acad\u00e9micas y jazzeras (\u00abLe jardin de Dionisio\u00bb). Todas composiciones que son resultado del trabajo sobre el pentagrama pero tambi\u00e9n de las variaciones de la improvisaci\u00f3n.<\/p>\n\n\n\n<iframe loading=\"lazy\" width=\"560\" height=\"315\" src=\"https:\/\/www.youtube.com\/embed\/Xgc22yWsKQg\" frameborder=\"0\" allow=\"accelerometer; autoplay; encrypted-media; gyroscope; picture-in-picture\" allowfullscreen><\/iframe>\n\n\n\n<p class=\"wp-block-paragraph\"><\/p>\n\n\n\n<p class=\"wp-block-paragraph\">Luego del disco <em>Muy lejos<\/em> en formato de sexteto -con el que obtuvo una nominaci\u00f3n a los Premios Gardel en la categor\u00eda \u00abMejor nuevo artista de tango\u00bb- Murgier da a conocer ahora <strong>una producci\u00f3n de \u00abpiano solo\u00bb<\/strong> que cont\u00f3 con <strong>la producci\u00f3n art\u00edstica de Ignacio Montoya Carlotto<\/strong> y que tendr\u00e1 presentaciones en Buenos Aires, Rosario y La Plata, la ciudad natal del pianista.<\/p>\n\n\n\n<p class=\"wp-block-paragraph\">El concierto en la Ciudad de Buenos Aires ser\u00e1 <strong>el s\u00e1bado 22<\/strong>, a las 21.30, en Al Escenario (Gregorio Ar\u00e1oz de Lamadrid 1001) y contar\u00e1 con la participaci\u00f3n de Milagros Caliva, Federico Biraben y Luciano Tobaldi como invitados especiales.<\/p>\n\n\n\n<iframe loading=\"lazy\" width=\"560\" height=\"315\" src=\"https:\/\/www.youtube.com\/embed\/Pi3DhDxDrAw\" frameborder=\"0\" allow=\"accelerometer; autoplay; encrypted-media; gyroscope; picture-in-picture\" allowfullscreen><\/iframe>\n\n\n\n\n<p class=\"wp-block-paragraph\"><\/p>\n\n\n\n<p class=\"wp-block-paragraph\"><\/p>\n","protected":false},"excerpt":{"rendered":"<p>Es el primer disco solista del compositor. Tango, folclore, jazz y m\u00fasica acad\u00e9mica en formato \u00edntimo y original.<\/p>\n","protected":false},"author":1,"featured_media":3708,"comment_status":"open","ping_status":"open","sticky":false,"template":"","format":"standard","meta":{"footnotes":""},"categories":[5],"tags":[32,276,111],"class_list":["post-3706","post","type-post","status-publish","format-standard","has-post-thumbnail","hentry","category-buzon","tag-featured","tag-pablo-murguier","tag-tango"],"_links":{"self":[{"href":"https:\/\/www.fracturaexpuesta.com.ar\/tango\/wp-json\/wp\/v2\/posts\/3706","targetHints":{"allow":["GET"]}}],"collection":[{"href":"https:\/\/www.fracturaexpuesta.com.ar\/tango\/wp-json\/wp\/v2\/posts"}],"about":[{"href":"https:\/\/www.fracturaexpuesta.com.ar\/tango\/wp-json\/wp\/v2\/types\/post"}],"author":[{"embeddable":true,"href":"https:\/\/www.fracturaexpuesta.com.ar\/tango\/wp-json\/wp\/v2\/users\/1"}],"replies":[{"embeddable":true,"href":"https:\/\/www.fracturaexpuesta.com.ar\/tango\/wp-json\/wp\/v2\/comments?post=3706"}],"version-history":[{"count":11,"href":"https:\/\/www.fracturaexpuesta.com.ar\/tango\/wp-json\/wp\/v2\/posts\/3706\/revisions"}],"predecessor-version":[{"id":3719,"href":"https:\/\/www.fracturaexpuesta.com.ar\/tango\/wp-json\/wp\/v2\/posts\/3706\/revisions\/3719"}],"wp:featuredmedia":[{"embeddable":true,"href":"https:\/\/www.fracturaexpuesta.com.ar\/tango\/wp-json\/wp\/v2\/media\/3708"}],"wp:attachment":[{"href":"https:\/\/www.fracturaexpuesta.com.ar\/tango\/wp-json\/wp\/v2\/media?parent=3706"}],"wp:term":[{"taxonomy":"category","embeddable":true,"href":"https:\/\/www.fracturaexpuesta.com.ar\/tango\/wp-json\/wp\/v2\/categories?post=3706"},{"taxonomy":"post_tag","embeddable":true,"href":"https:\/\/www.fracturaexpuesta.com.ar\/tango\/wp-json\/wp\/v2\/tags?post=3706"}],"curies":[{"name":"wp","href":"https:\/\/api.w.org\/{rel}","templated":true}]}}