{"id":3745,"date":"2020-02-27T14:18:59","date_gmt":"2020-02-27T14:18:59","guid":{"rendered":"http:\/\/www.fracturaexpuesta.com.ar\/tango\/?p=3745"},"modified":"2020-02-27T14:22:11","modified_gmt":"2020-02-27T14:22:11","slug":"milongas-de-carnaval-queremos-generar-un-espacio-donde-convivan-un-monton-de-manifestaciones-del-tango","status":"publish","type":"post","link":"https:\/\/www.fracturaexpuesta.com.ar\/tango\/milongas-de-carnaval-queremos-generar-un-espacio-donde-convivan-un-monton-de-manifestaciones-del-tango\/","title":{"rendered":"Milongas de Carnaval: \u201cQueremos generar un espacio donde convivan muchas manifestaciones del tango\u201d"},"content":{"rendered":"\n<p class=\"wp-block-paragraph\">Con la intenci\u00f3n de reforzar los v\u00ednculos entre el tango y los festejos de carnaval y convertirse en un espacio de encuentro que abrigue a las expresiones actuales del tango, la iniciativa comandada por la Fundaci\u00f3n Alberto Castillo tendr\u00e1 <strong>este s\u00e1bado 29, desde las 21<\/strong>, una nueva edici\u00f3n que llegar\u00e1 con novedades.<\/p>\n\n\n\n<p class=\"wp-block-paragraph\">Siempre orientada a recordar la figura del legendario cantor Alberto Castillo, este a\u00f1o Milongas de Carnaval presentar\u00e1 a <strong>Jorge Dragone al frente de una formaci\u00f3n orquestal<\/strong> y con una selecci\u00f3n de artistas contempor\u00e1neos. Dragone, de 93 a\u00f1os y pianista de la carrera solista de Castillo, estar\u00e1 <strong>acompa\u00f1ado por Walter \u201cChino\u201d Laborde, In\u00e9s Cuello, Hern\u00e1n \u201cCucuza\u201d Castiello y Juan Villareal<\/strong>.<\/p>\n\n\n\n<script async=\"\" src=\"https:\/\/pagead2.googlesyndication.com\/pagead\/js\/adsbygoogle.js\"><\/script>\n<ins class=\"adsbygoogle\" style=\"display:block; text-align:center;\" data-ad-layout=\"in-article\" data-ad-format=\"fluid\" data-ad-client=\"ca-pub-2103671489020353\" data-ad-slot=\"7337250265\"><\/ins>\n<script>\n     (adsbygoogle = window.adsbygoogle || []).push({});\n<\/script>\n\n\n\n<p class=\"wp-block-paragraph\"><\/p>\n\n\n\n<p class=\"wp-block-paragraph\">Tambi\u00e9n tocar\u00e1 el pianista -radicado en Berl\u00edn- <strong>Juan Pablo De Lucca, nieto de Castillo y disc\u00edpulo de Dragone<\/strong> que, en conjunto con Daniel Fratantoni, impulsan las actividades de la fundaci\u00f3n. <\/p>\n\n\n\n<p class=\"wp-block-paragraph\">\u201cQueremos generar un espacio donde convivan muchas manifestaciones que est\u00e1n sucediendo hoy dentro del tango\u201d, explic\u00f3 De Lucca acerca de la iniciativa que se llevar\u00e1 adelante en Chau Che Cl\u00fa (Av. V\u00e9lez Sarsfield 222) con entrada libre.<\/p>\n\n\n\n<figure class=\"wp-block-image\"><img loading=\"lazy\" decoding=\"async\" width=\"960\" height=\"722\" src=\"https:\/\/www.fracturaexpuesta.com.ar\/tango\/wp-content\/uploads\/milongas-de-carnaval-2020.jpg\" alt=\"\" class=\"wp-image-3746\" srcset=\"https:\/\/www.fracturaexpuesta.com.ar\/tango\/wp-content\/uploads\/milongas-de-carnaval-2020.jpg 960w, https:\/\/www.fracturaexpuesta.com.ar\/tango\/wp-content\/uploads\/milongas-de-carnaval-2020-300x226.jpg 300w, https:\/\/www.fracturaexpuesta.com.ar\/tango\/wp-content\/uploads\/milongas-de-carnaval-2020-768x578.jpg 768w\" sizes=\"auto, (max-width: 960px) 100vw, 960px\" \/><figcaption>Cuello, De Lucca y Fratantoni impulsan las Milongas de Carnaval.<\/figcaption><\/figure>\n\n\n\n<p class=\"wp-block-paragraph\">Junto con los conciertos, el core\u00f3grafo <strong>Leonardo Cuello montar\u00e1 tres cuadros de tango-danza<\/strong> y teatro y el espacio de la milonga, que se extender\u00e1 durante toda la noche, estar\u00e1 musicalizado por Nel Mastro.<\/p>\n\n\n\n<p class=\"wp-block-paragraph\">\u201cCastillo tuvo una mirada particular que, con sus canciones de festejo, le daba un vuelco a la perspectiva existencialista del tango. <strong>Lo popular es heterog\u00e9neo y ah\u00ed es donde conviven y se re\u00fanen diferentes miradas<\/strong>\u201d, valor\u00f3 Fratantoni sobre la figura que motoriza a las milongas y sobre el perfil del encuentro.<\/p>\n\n\n\n<p style=\"color:#ff0004\" class=\"has-text-color wp-block-paragraph\"><strong>De aqu\u00ed en mas<\/strong><\/p>\n\n\n\n<p class=\"wp-block-paragraph\">La edici\u00f3n 2020 de Milongas de Carnaval, homenaje a Alberto Castillo ser\u00e1 el puntapi\u00e9 para la realizaci\u00f3n de un espect\u00e1culo sobre el cantor que estar\u00e1 enmarcado en la Argentina de la \u00e9poca de oro de la m\u00fasica popular y contar\u00e1 con la direcci\u00f3n de Leonardo Cuello.<\/p>\n\n\n\n<p class=\"wp-block-paragraph\">Asimismo, la milonga ser\u00e1 filmada y grabada, material que -junto a 6 temas m\u00e1s registrados en estudio- se convertir\u00e1 en <strong>un disco de Jorge Dragone<\/strong> con temas del repertorio de Castillo cantados por diferentes voces de la actualidad.<\/p>\n\n\n\n<p style=\"color:#ff0004\" class=\"has-text-color wp-block-paragraph\"><strong>Sobre la fundaci\u00f3n<\/strong><\/p>\n\n\n\n<p class=\"wp-block-paragraph\">Los homenajes a Alberto Castillo y Las Milongas de Carnaval se realizan desde hace 8 a\u00f1os. Su finalidad es difundir la obra de Alberto Castillo, realizar encuentros de tango, milongas, seminarios y exhibiciones de danza, acompa\u00f1adas de proyecciones audiovisuales e intervenciones de danza-teatro. El ciclo incluye tambi\u00e9n jornadas de investigaci\u00f3n e historia del tango. \u201cSe busca realizar una actividad integral, para que el tango sea accesible para todos los participantes\u201d, comentan acerca de la misi\u00f3n de la fundaci\u00f3n.<\/p>\n\n\n\n<iframe loading=\"lazy\" width=\"600\" height=\"355\" src=\"https:\/\/www.youtube.com\/embed\/KMCBEJS4Uwc\" frameborder=\"0\" allow=\"accelerometer; autoplay; encrypted-media; gyroscope; picture-in-picture\" allowfullscreen><\/iframe>\n\n\n\n<p class=\"wp-block-paragraph\"><\/p>\n","protected":false},"excerpt":{"rendered":"<p>Con una propuesta renovada comienza una nueva edici\u00f3n de \u201cMilongas de Carnaval, homenaje a Alberto Castillo\u201d.<\/p>\n","protected":false},"author":1,"featured_media":3747,"comment_status":"open","ping_status":"open","sticky":false,"template":"","format":"standard","meta":{"footnotes":""},"categories":[5],"tags":[32,278,111],"class_list":["post-3745","post","type-post","status-publish","format-standard","has-post-thumbnail","hentry","category-buzon","tag-featured","tag-milongas-de-carnaval","tag-tango"],"_links":{"self":[{"href":"https:\/\/www.fracturaexpuesta.com.ar\/tango\/wp-json\/wp\/v2\/posts\/3745","targetHints":{"allow":["GET"]}}],"collection":[{"href":"https:\/\/www.fracturaexpuesta.com.ar\/tango\/wp-json\/wp\/v2\/posts"}],"about":[{"href":"https:\/\/www.fracturaexpuesta.com.ar\/tango\/wp-json\/wp\/v2\/types\/post"}],"author":[{"embeddable":true,"href":"https:\/\/www.fracturaexpuesta.com.ar\/tango\/wp-json\/wp\/v2\/users\/1"}],"replies":[{"embeddable":true,"href":"https:\/\/www.fracturaexpuesta.com.ar\/tango\/wp-json\/wp\/v2\/comments?post=3745"}],"version-history":[{"count":3,"href":"https:\/\/www.fracturaexpuesta.com.ar\/tango\/wp-json\/wp\/v2\/posts\/3745\/revisions"}],"predecessor-version":[{"id":3751,"href":"https:\/\/www.fracturaexpuesta.com.ar\/tango\/wp-json\/wp\/v2\/posts\/3745\/revisions\/3751"}],"wp:featuredmedia":[{"embeddable":true,"href":"https:\/\/www.fracturaexpuesta.com.ar\/tango\/wp-json\/wp\/v2\/media\/3747"}],"wp:attachment":[{"href":"https:\/\/www.fracturaexpuesta.com.ar\/tango\/wp-json\/wp\/v2\/media?parent=3745"}],"wp:term":[{"taxonomy":"category","embeddable":true,"href":"https:\/\/www.fracturaexpuesta.com.ar\/tango\/wp-json\/wp\/v2\/categories?post=3745"},{"taxonomy":"post_tag","embeddable":true,"href":"https:\/\/www.fracturaexpuesta.com.ar\/tango\/wp-json\/wp\/v2\/tags?post=3745"}],"curies":[{"name":"wp","href":"https:\/\/api.w.org\/{rel}","templated":true}]}}