{"id":3757,"date":"2020-03-04T18:07:28","date_gmt":"2020-03-04T18:07:28","guid":{"rendered":"http:\/\/www.fracturaexpuesta.com.ar\/tango\/?p=3757"},"modified":"2020-03-04T18:15:39","modified_gmt":"2020-03-04T18:15:39","slug":"donde-el-tango-ya-no-es-macho","status":"publish","type":"post","link":"https:\/\/www.fracturaexpuesta.com.ar\/tango\/donde-el-tango-ya-no-es-macho\/","title":{"rendered":"Donde el tango ya no es \u201cmacho\u201d"},"content":{"rendered":"\n<p class=\"wp-block-paragraph\">De cara al pr\u00f3ximo D\u00eda de la Mujer y en un contexto donde el presidente Alberto Fern\u00e1ndez anunci\u00f3 recientemente el env\u00edo de un proyecto para la despenalizaci\u00f3n del aborto, este viernes comenzar\u00e1 la segunda edici\u00f3n del Festival Internacional Feminista de Tango.<\/p>\n\n\n\n<p class=\"wp-block-paragraph\">La iniciativa, impulsada por el colectivo de mujeres Tango Hembra, se desarrollar\u00e1 en <strong>dos fechas (viernes 6 y s\u00e1bado 7)<\/strong> y tendr\u00e1 lugar, desde las 18, en el Galp\u00f3n B (Cochabamba 2536) con entrada gratuita.<\/p>\n\n\n\n<p class=\"wp-block-paragraph\"><strong>\u201cEl tango es uno de los ambientes art\u00edsticos m\u00e1s controvertidos e impregnados por la cultura del patriarcado\u201d<\/strong>, dicen desde Tango Hembra, el espacio que re\u00fane a m\u00fasicas, int\u00e9rpretes, comunicadoras, bailarinas, poetas, escritoras, investigadoras y gestoras de la escena actual tanguera.<\/p>\n\n\n\n<figure class=\"wp-block-image\"><img loading=\"lazy\" decoding=\"async\" width=\"960\" height=\"509\" src=\"https:\/\/www.fracturaexpuesta.com.ar\/tango\/wp-content\/uploads\/tango-hembra.jpg\" alt=\"\" class=\"wp-image-3759\" srcset=\"https:\/\/www.fracturaexpuesta.com.ar\/tango\/wp-content\/uploads\/tango-hembra.jpg 960w, https:\/\/www.fracturaexpuesta.com.ar\/tango\/wp-content\/uploads\/tango-hembra-300x159.jpg 300w, https:\/\/www.fracturaexpuesta.com.ar\/tango\/wp-content\/uploads\/tango-hembra-768x407.jpg 768w\" sizes=\"auto, (max-width: 960px) 100vw, 960px\" \/><figcaption>Un festival para poner en valor el trabajo art\u00edstico de las mujeres en el tango.<\/figcaption><\/figure>\n\n\n\n<p class=\"wp-block-paragraph\">Lejos de la frase que inmortaliz\u00f3 Julio Sosa en la glosa de \u201cLa Cumparsita\u201d en donde aseguraba que el \u201ctango es macho\u201d, Tango Hembra ofrece una respuesta a esa mirada, sin caer en una posici\u00f3n \u201cbiologicista o binaria\u201d.<\/p>\n\n\n\n<p class=\"wp-block-paragraph\"><strong>\u201cLuchamos por construir un espacio igualitario e inclusivo en un \u00e1mbito que hist\u00f3ricamente ha sido hegemonizado por hombres\u201d<\/strong>, resumen las mujeres que organizan el festival.<\/p>\n\n\n\n<p class=\"wp-block-paragraph\">\u201cEl principal objetivo es poner en valor el importante trabajo cultural y art\u00edstico realizado por mujeres y disidencias, generando oportunidades de desarrollo en los diferentes \u00e1mbitos\u201d, agregan.<\/p>\n\n\n\n<script async=\"\" src=\"https:\/\/pagead2.googlesyndication.com\/pagead\/js\/adsbygoogle.js\"><\/script>\n<ins class=\"adsbygoogle\" style=\"display:block; text-align:center;\" data-ad-layout=\"in-article\" data-ad-format=\"fluid\" data-ad-client=\"ca-pub-2103671489020353\" data-ad-slot=\"7337250265\"><\/ins>\n<script>\n     (adsbygoogle = window.adsbygoogle || []).push({});\n<\/script>\n\n\n\n<p class=\"wp-block-paragraph\"><\/p>\n\n\n\n<p class=\"wp-block-paragraph\"><strong>Con el madrinazgo de Susana Rinaldi<\/strong>, el Festival Internacional Feminista de Tango tendr\u00e1 en su programaci\u00f3n una extensa lista de actividades. Pr\u00e1ctica de danza con cambio de roles, conciertos de solistas, grupos instrumentales y orquestas integradas por mujeres y disidencias, abordajes del nuevo protocolo para las milongas y presentaciones de libros, entre otras actividades, ser\u00e1n parte de la grilla.<\/p>\n\n\n\n<p style=\"color:#ff0004\" class=\"has-text-color wp-block-paragraph\"><strong>La programaci\u00f3n completa<\/strong><\/p>\n\n\n\n<p class=\"wp-block-paragraph\"><strong>Viernes 6 de marzo<\/strong><\/p>\n\n\n\n<p class=\"wp-block-paragraph\">Musicalizadora: Gabriela Laddaga<br>Clase de cambio de roles: Natalia Fures<br>Presentadora: Mariana Fossati<\/p>\n\n\n\n<ul class=\"wp-block-list\"><li>Mesa de presentaci\u00f3n de cuatro libros de tango: \u201cMirada de Mujer\u201d de Vanina Steiner;  \u201cFormosa\u201d de Anah\u00ed P\u00e9rez Pavez;  \u201cTango Queer\u201d de Mariana Docampo y  \u00abTango. Equilibrios y desequilibrios\u00bb de Romina Pernigotte. <\/li><li>Lectura del nuevo protocolo para las milongas por el MFT (Movimiento Feminista de Tango).<\/li><\/ul>\n\n\n\n<p class=\"wp-block-paragraph\"><strong>Conciertos<\/strong><\/p>\n\n\n\n<ul class=\"wp-block-list\"><li>Patricia Malanca + Marcela  Pedretti y Mar\u00edan Far\u00edas Gomez<\/li><li>Andy Delfino + Shino Ohnaga.<\/li><li>Celeste Gonz\u00e1lez<\/li><li>Beatriz Ayas + Elsa Cecilia Gonz\u00e1lez Bolia<\/li><li>Sof\u00eda Solari + Flor Albarrac\u00edn<\/li><li>Florencia Bonet Xicoy<\/li><li>Cuarteto de se\u00f1oritas<\/li><li>Mar\u00eda Cangiano, Maga Falcoff y Brela Berlach<\/li><li>Lina Agrima<\/li><li>Barbara Aguirre + Roc\u00edo Dubuisson <\/li><li>D\u00fao Dubuisson-Ubertalli<\/li><li>At\u00edpica de Fango<\/li><li>Karina Beorlegui + Anal\u00eda Goldberg + Noelia Moncada <\/li><li>China Cruel<\/li><\/ul>\n\n\n\n<iframe loading=\"lazy\" width=\"600\" height=\"355\" src=\"https:\/\/www.youtube.com\/embed\/wFsUZCsZrq8\" frameborder=\"0\" allow=\"accelerometer; autoplay; encrypted-media; gyroscope; picture-in-picture\" allowfullscreen><\/iframe>\n\n\n\n<p class=\"wp-block-paragraph\"><\/p>\n\n\n\n<p class=\"wp-block-paragraph\"><strong>S\u00e1bado 7\u00a0de\u00a0marzo<\/strong><\/p>\n\n\n\n<p class=\"wp-block-paragraph\">Musicalizadora: Susana Aguilar<br>Clase de cambio de roles: Sole Nanis y Romina Pernigotte<br>Presentadora: Gabriela Radice<\/p>\n\n\n\n<ul class=\"wp-block-list\"><li>Charla a cargo de Paula Rivera, vicepresidenta de la INAMU.<\/li><li>Lectura del nuevo protocolo para las milongas por el MFT (Movimiento Feminista de Tango)<\/li><\/ul>\n\n\n\n<p class=\"wp-block-paragraph\"><strong>Conciertos<\/strong><\/p>\n\n\n\n<ul class=\"wp-block-list\"><li>Fif\u00ed Real tango<\/li><li>Alicia Mazzieri <\/li><li>Tango Tunga + Mar\u00eda Angelelli + Laura Zilber <\/li><li>Lucrecia Merico + Marisa P\u00e9rez Acosta<\/li><li>B\u00e1rbara Grabinski + Virginia Morillas<\/li><li>\u201cTango Manija\u201d &#8211; Luc\u00eda Mart\u00ednez y Brenda Ferro <\/li><li>Gabriela Novaro + Brela Gerlach<\/li><li>Delfina Daverio + Lola Rosa + Laura Garc\u00eda Cort\u00e9s<\/li><li>Marta Pizzo  <\/li><li>\u00abEl macanazo\u00bb con Vale Vilaseca + Lola Rosa + Laura Garc\u00eda Cortez.<\/li><li>\u00c1gata Papaleo + Claudia Levy <\/li><li>Marisa V\u00e1zquez  y Las 40 <\/li><li>La Empoderada Orquesta T\u00edpica<\/li><\/ul>\n\n\n\n<iframe loading=\"lazy\" width=\"600\" height=\"355\" src=\"https:\/\/www.youtube.com\/embed\/w_9sUxe53W4\" frameborder=\"0\" allow=\"accelerometer; autoplay; encrypted-media; gyroscope; picture-in-picture\" allowfullscreen><\/iframe>\n\n\n\n<p class=\"wp-block-paragraph\"><\/p>\n\n\n\n<p class=\"wp-block-paragraph\"><\/p>\n","protected":false},"excerpt":{"rendered":"<p>Arranca la nueva edici\u00f3n del Festival Internacional Feminista de Tango.<\/p>\n","protected":false},"author":1,"featured_media":3758,"comment_status":"open","ping_status":"open","sticky":false,"template":"","format":"standard","meta":{"footnotes":""},"categories":[3],"tags":[32,111,279],"class_list":["post-3757","post","type-post","status-publish","format-standard","has-post-thumbnail","hentry","category-noticias","tag-featured","tag-tango","tag-tango-hembra"],"_links":{"self":[{"href":"https:\/\/www.fracturaexpuesta.com.ar\/tango\/wp-json\/wp\/v2\/posts\/3757","targetHints":{"allow":["GET"]}}],"collection":[{"href":"https:\/\/www.fracturaexpuesta.com.ar\/tango\/wp-json\/wp\/v2\/posts"}],"about":[{"href":"https:\/\/www.fracturaexpuesta.com.ar\/tango\/wp-json\/wp\/v2\/types\/post"}],"author":[{"embeddable":true,"href":"https:\/\/www.fracturaexpuesta.com.ar\/tango\/wp-json\/wp\/v2\/users\/1"}],"replies":[{"embeddable":true,"href":"https:\/\/www.fracturaexpuesta.com.ar\/tango\/wp-json\/wp\/v2\/comments?post=3757"}],"version-history":[{"count":4,"href":"https:\/\/www.fracturaexpuesta.com.ar\/tango\/wp-json\/wp\/v2\/posts\/3757\/revisions"}],"predecessor-version":[{"id":3764,"href":"https:\/\/www.fracturaexpuesta.com.ar\/tango\/wp-json\/wp\/v2\/posts\/3757\/revisions\/3764"}],"wp:featuredmedia":[{"embeddable":true,"href":"https:\/\/www.fracturaexpuesta.com.ar\/tango\/wp-json\/wp\/v2\/media\/3758"}],"wp:attachment":[{"href":"https:\/\/www.fracturaexpuesta.com.ar\/tango\/wp-json\/wp\/v2\/media?parent=3757"}],"wp:term":[{"taxonomy":"category","embeddable":true,"href":"https:\/\/www.fracturaexpuesta.com.ar\/tango\/wp-json\/wp\/v2\/categories?post=3757"},{"taxonomy":"post_tag","embeddable":true,"href":"https:\/\/www.fracturaexpuesta.com.ar\/tango\/wp-json\/wp\/v2\/tags?post=3757"}],"curies":[{"name":"wp","href":"https:\/\/api.w.org\/{rel}","templated":true}]}}