{"id":3771,"date":"2020-03-06T13:44:55","date_gmt":"2020-03-06T13:44:55","guid":{"rendered":"http:\/\/www.fracturaexpuesta.com.ar\/tango\/?p=3771"},"modified":"2020-03-06T14:22:29","modified_gmt":"2020-03-06T14:22:29","slug":"paren-de-matarnos-el-nuevo-video-del-quinteto-negro-la-boca-junto-a-miss-bolivia-y-adriana-varela","status":"publish","type":"post","link":"https:\/\/www.fracturaexpuesta.com.ar\/tango\/paren-de-matarnos-el-nuevo-video-del-quinteto-negro-la-boca-junto-a-miss-bolivia-y-adriana-varela\/","title":{"rendered":"\u00abParen de matarnos\u00bb, el nuevo video del Quinteto Negro La Boca junto a Miss Bolivia y Adriana Varela"},"content":{"rendered":"\n<p class=\"wp-block-paragraph\">A poco de conmemorarse un nuevo D\u00eda Internacional de la Mujer, el Quinteto Negro La Boca dio a conocer un adelanto en video de lo que ser\u00e1 <strong>su pr\u00f3ximo disco <em>Cruces Urbanos Vol. 2<\/em><\/strong>.<\/p>\n\n\n\n<p class=\"wp-block-paragraph\">\u00abParen de matarnos\u00bb, <strong>una canci\u00f3n de Miss Bolivia<\/strong> con arreglo tanguero del quinteto y junto a <strong>Adriana Varela<\/strong>, integrar\u00e1 el repertorio de un material que tiene su salida prevista para abril.<\/p>\n\n\n\n<script async=\"\" src=\"https:\/\/pagead2.googlesyndication.com\/pagead\/js\/adsbygoogle.js\"><\/script>\n<ins class=\"adsbygoogle\" style=\"display:block; text-align:center;\" data-ad-layout=\"in-article\" data-ad-format=\"fluid\" data-ad-client=\"ca-pub-2103671489020353\" data-ad-slot=\"7337250265\"><\/ins>\n<script>\n     (adsbygoogle = window.adsbygoogle || []).push({});\n<\/script>\n\n\n\n<p class=\"wp-block-paragraph\"><\/p>\n\n\n\n<p class=\"wp-block-paragraph\">\u00abEs una hermosa e incre\u00edble versi\u00f3n\u00bb, dijo la cantante Miss Bolivia sobre el tema que compuso con el m\u00fasico Guillermo Beres\u00f1ak y que retrata <strong>el acoso y la violencia hacia las mujeres<\/strong>.<\/p>\n\n\n\n<p class=\"wp-block-paragraph\">El video muestra im\u00e1genes de las manifestaciones del 8M en Buenos Aires y re\u00fane a un grupo de mujeres que llevan adelante diversas performances art\u00edsticas.<\/p>\n\n\n\n<figure class=\"wp-block-image\"><img loading=\"lazy\" decoding=\"async\" width=\"960\" height=\"874\" src=\"https:\/\/www.fracturaexpuesta.com.ar\/tango\/wp-content\/uploads\/quinteto-negro-la-boca-cruces-urbanos.jpg\" alt=\"\" class=\"wp-image-3774\" srcset=\"https:\/\/www.fracturaexpuesta.com.ar\/tango\/wp-content\/uploads\/quinteto-negro-la-boca-cruces-urbanos.jpg 960w, https:\/\/www.fracturaexpuesta.com.ar\/tango\/wp-content\/uploads\/quinteto-negro-la-boca-cruces-urbanos-300x273.jpg 300w, https:\/\/www.fracturaexpuesta.com.ar\/tango\/wp-content\/uploads\/quinteto-negro-la-boca-cruces-urbanos-768x699.jpg 768w\" sizes=\"auto, (max-width: 960px) 100vw, 960px\" \/><figcaption>Quinteto Negro La Boca: tango, rap, murga y punk<\/figcaption><\/figure>\n\n\n\n<p class=\"wp-block-paragraph\">As\u00ed, el Quinteto Negro La Boca continua con su propuesta de cruzar al tango con diversos estilos musicales urbanos y adelanta el material de un disco que volver\u00e1 a profundizar sobre la cuesti\u00f3n social y con<strong> invitados como V\u00edctor Heredia, Kapanga y Responsables No Inscriptos<\/strong>.<\/p>\n","protected":false},"excerpt":{"rendered":"<p>Otro adelanto de Cruces Urbanos Vol. 2, el disco que saldr\u00e1 en abril.<\/p>\n","protected":false},"author":1,"featured_media":3772,"comment_status":"open","ping_status":"open","sticky":false,"template":"","format":"video","meta":{"footnotes":""},"categories":[2],"tags":[281,32,280,112,111],"class_list":["post-3771","post","type-post","status-publish","format-video","has-post-thumbnail","hentry","category-videos","tag-adriana-varela","tag-featured","tag-miss-bolivia","tag-quinteto-negro-la-boca","tag-tango","post_format-post-format-video"],"_links":{"self":[{"href":"https:\/\/www.fracturaexpuesta.com.ar\/tango\/wp-json\/wp\/v2\/posts\/3771","targetHints":{"allow":["GET"]}}],"collection":[{"href":"https:\/\/www.fracturaexpuesta.com.ar\/tango\/wp-json\/wp\/v2\/posts"}],"about":[{"href":"https:\/\/www.fracturaexpuesta.com.ar\/tango\/wp-json\/wp\/v2\/types\/post"}],"author":[{"embeddable":true,"href":"https:\/\/www.fracturaexpuesta.com.ar\/tango\/wp-json\/wp\/v2\/users\/1"}],"replies":[{"embeddable":true,"href":"https:\/\/www.fracturaexpuesta.com.ar\/tango\/wp-json\/wp\/v2\/comments?post=3771"}],"version-history":[{"count":6,"href":"https:\/\/www.fracturaexpuesta.com.ar\/tango\/wp-json\/wp\/v2\/posts\/3771\/revisions"}],"predecessor-version":[{"id":3780,"href":"https:\/\/www.fracturaexpuesta.com.ar\/tango\/wp-json\/wp\/v2\/posts\/3771\/revisions\/3780"}],"wp:featuredmedia":[{"embeddable":true,"href":"https:\/\/www.fracturaexpuesta.com.ar\/tango\/wp-json\/wp\/v2\/media\/3772"}],"wp:attachment":[{"href":"https:\/\/www.fracturaexpuesta.com.ar\/tango\/wp-json\/wp\/v2\/media?parent=3771"}],"wp:term":[{"taxonomy":"category","embeddable":true,"href":"https:\/\/www.fracturaexpuesta.com.ar\/tango\/wp-json\/wp\/v2\/categories?post=3771"},{"taxonomy":"post_tag","embeddable":true,"href":"https:\/\/www.fracturaexpuesta.com.ar\/tango\/wp-json\/wp\/v2\/tags?post=3771"}],"curies":[{"name":"wp","href":"https:\/\/api.w.org\/{rel}","templated":true}]}}