{"id":3933,"date":"2020-05-10T19:55:51","date_gmt":"2020-05-10T19:55:51","guid":{"rendered":"http:\/\/www.fracturaexpuesta.com.ar\/tango\/?p=3933"},"modified":"2020-05-10T19:55:54","modified_gmt":"2020-05-10T19:55:54","slug":"picadito-de-tango-10-alto-bondi-agustin-fuertes-y-qnlb","status":"publish","type":"post","link":"https:\/\/www.fracturaexpuesta.com.ar\/tango\/picadito-de-tango-10-alto-bondi-agustin-fuertes-y-qnlb\/","title":{"rendered":"Picadito de tango #10: Alto Bondi, Agust\u00edn Fuertes y QNLB"},"content":{"rendered":"\n<p style=\"color:#ff0004\" class=\"has-text-color wp-block-paragraph\"><strong>Se acerca\n\u00abLabia\u00bb, el nuevo disco de Alto Bondi<\/strong><\/p>\n\n\n\n<p class=\"wp-block-paragraph\">Con gran crecimiento en la escena tanguera durante los \u00faltimos a\u00f1os, Alto Bondi anunci\u00f3 para el 15 de mayo el lanzamiento en plataformas de su disco <em>Labia<\/em>, su tercer material. <\/p>\n\n\n\n<p class=\"wp-block-paragraph\">Luego de presentar varios adelantos en video (<a rel=\"noreferrer noopener\" aria-label=\"&quot;T\u00edpica&quot; (abre en una nueva pesta\u00f1a)\" href=\"https:\/\/www.fracturaexpuesta.com.ar\/tango\/index.php\/2019\/09\/06\/alto-bondi-presenta-a-su-nueva-cantante-con-tipica\/\" target=\"_blank\">\u00abT\u00edpica\u00bb<\/a>, <a href=\"https:\/\/www.fracturaexpuesta.com.ar\/tango\/index.php\/2020\/01\/05\/el-brujo-otro-adelanto-de-lo-que-sera-el-proximo-disco-de-alto-bondi\/\" target=\"_blank\" rel=\"noreferrer noopener\" aria-label=\"&quot;El brujo&quot; (abre en una nueva pesta\u00f1a)\">\u00abEl brujo\u00bb<\/a> y \u00abJames Craik\u00bb), la banda desembarcar\u00e1 finalmente a mediados de mes con un material que cuenta con invitados como Julieta Laso, Lula Bertoldi, Nahuel Briones y Sof\u00eda Viola.<\/p>\n\n\n\n<p class=\"wp-block-paragraph\">\u00abHay distorsiones y fusi\u00f3n, hay oscuridad y goce, hay bosques encantados y espejos que ya no nos reflejan. Es un proceso. Quienes gusten del tango dir\u00e1n que no lo es, quienes nunca hayan escuchado pensar\u00e1n que es indefectiblemente tanguero\u00bb, aclaran desde el grupo sobre el pr\u00f3ximo disco. <\/p>\n\n\n\n<iframe loading=\"lazy\" width=\"600\" height=\"355\" src=\"https:\/\/www.youtube.com\/embed\/FKlE5N-uG4I\" frameborder=\"0\" allow=\"accelerometer; autoplay; encrypted-media; gyroscope; picture-in-picture\" allowfullscreen><\/iframe>\n\n\n\n<p class=\"wp-block-paragraph\"><\/p>\n\n\n\n<p style=\"color:#ff0004\" class=\"has-text-color wp-block-paragraph\"><strong>Agust\u00edn Fuertes\npresenta \u00abCharlo\u00bb<\/strong><\/p>\n\n\n\n<p class=\"wp-block-paragraph\">Agust\u00edn Fuertes dio a conocer en plataformas digitales su nuevo disco <em>Charlo<\/em>, dedicado a la obra compositiva de uno de los mayores exponentes vocales del tango. <\/p>\n\n\n\n<p class=\"wp-block-paragraph\">Luego de 15 a\u00f1os de trabajo ininterrumpido con el D\u00fao Fuertes-Varner\u00edn, el cantante presenta ahora su primer disco solista, acompa\u00f1ado por la Orquesta Victoria, con arreglos del pianista Alejandro Drago, retomando una selecci\u00f3n de obras del legendario cantor.<\/p>\n\n\n\n<iframe loading=\"lazy\" width=\"600\" height=\"355\" src=\"https:\/\/www.youtube.com\/embed\/videoseries?list=OLAK5uy_lkvt-4erMoD9PKYhDlsP6Z93ReU-JKURE\" frameborder=\"0\" allow=\"accelerometer; autoplay; encrypted-media; gyroscope; picture-in-picture\" allowfullscreen><\/iframe>\n\n\n\n<p class=\"wp-block-paragraph\"><\/p>\n\n\n\n<p style=\"color:#ff0004\" class=\"has-text-color wp-block-paragraph\"><strong>M\u00e1s cruces urbanos del Quinteto Negro La Boca<\/strong><\/p>\n\n\n\n<p class=\"wp-block-paragraph\">Tambi\u00e9n para el 15 de mayo, habr\u00e1 novedades del Quinteto Negro La Boca. Sale el disco <em>Cruces Urbanos Vol. 2<\/em>, la continuidad de un proyecto que profundiza en los intercambios del tango con diferentes g\u00e9neros y sus referentes musicales.<\/p>\n\n\n\n<p class=\"wp-block-paragraph\">Lo nuevo del quinteto -el lanzamiento ser\u00e1 en formato digital- reunir\u00e1 esta vez a artistas como Miss Bolivia, V\u00edctor Heredia, Adriana Varela, Pablo Agri y Raly Barrionuevo y grupos como Dancing Mood, Responsables No Inscriptos y Kapanga, entre otros.<\/p>\n\n\n\n<iframe loading=\"lazy\" src=\"https:\/\/www.facebook.com\/plugins\/video.php?href=https%3A%2F%2Fwww.facebook.com%2Fquinteto%2Fvideos%2F556469478388415%2F&#038;show_text=0&#038;width=560\" width=\"560\" height=\"315\" style=\"border:none;overflow:hidden\" scrolling=\"no\" frameborder=\"0\" allowTransparency=\"true\" allowFullScreen=\"true\"><\/iframe>\n\n\n\n<p class=\"wp-block-paragraph\"><\/p>\n","protected":false},"excerpt":{"rendered":"<p>El tango no se detiene a pesar de una cuarentena dura para ese sector cultural. Tres lanzamientos de nuevos discos.<\/p>\n","protected":false},"author":1,"featured_media":3935,"comment_status":"open","ping_status":"open","sticky":false,"template":"","format":"standard","meta":{"footnotes":""},"categories":[3],"tags":[295,225,32,112,111],"class_list":["post-3933","post","type-post","status-publish","format-standard","has-post-thumbnail","hentry","category-noticias","tag-agustin-fuertes","tag-alto-bondi","tag-featured","tag-quinteto-negro-la-boca","tag-tango"],"_links":{"self":[{"href":"https:\/\/www.fracturaexpuesta.com.ar\/tango\/wp-json\/wp\/v2\/posts\/3933","targetHints":{"allow":["GET"]}}],"collection":[{"href":"https:\/\/www.fracturaexpuesta.com.ar\/tango\/wp-json\/wp\/v2\/posts"}],"about":[{"href":"https:\/\/www.fracturaexpuesta.com.ar\/tango\/wp-json\/wp\/v2\/types\/post"}],"author":[{"embeddable":true,"href":"https:\/\/www.fracturaexpuesta.com.ar\/tango\/wp-json\/wp\/v2\/users\/1"}],"replies":[{"embeddable":true,"href":"https:\/\/www.fracturaexpuesta.com.ar\/tango\/wp-json\/wp\/v2\/comments?post=3933"}],"version-history":[{"count":2,"href":"https:\/\/www.fracturaexpuesta.com.ar\/tango\/wp-json\/wp\/v2\/posts\/3933\/revisions"}],"predecessor-version":[{"id":3936,"href":"https:\/\/www.fracturaexpuesta.com.ar\/tango\/wp-json\/wp\/v2\/posts\/3933\/revisions\/3936"}],"wp:featuredmedia":[{"embeddable":true,"href":"https:\/\/www.fracturaexpuesta.com.ar\/tango\/wp-json\/wp\/v2\/media\/3935"}],"wp:attachment":[{"href":"https:\/\/www.fracturaexpuesta.com.ar\/tango\/wp-json\/wp\/v2\/media?parent=3933"}],"wp:term":[{"taxonomy":"category","embeddable":true,"href":"https:\/\/www.fracturaexpuesta.com.ar\/tango\/wp-json\/wp\/v2\/categories?post=3933"},{"taxonomy":"post_tag","embeddable":true,"href":"https:\/\/www.fracturaexpuesta.com.ar\/tango\/wp-json\/wp\/v2\/tags?post=3933"}],"curies":[{"name":"wp","href":"https:\/\/api.w.org\/{rel}","templated":true}]}}