{"id":3938,"date":"2020-05-15T04:12:22","date_gmt":"2020-05-15T04:12:22","guid":{"rendered":"http:\/\/www.fracturaexpuesta.com.ar\/tango\/?p=3938"},"modified":"2020-05-15T13:35:07","modified_gmt":"2020-05-15T13:35:07","slug":"el-muro-buscamos-una-identidad-propia-nuestra-vision-de-como-queremos-que-sea-el-tango","status":"publish","type":"post","link":"https:\/\/www.fracturaexpuesta.com.ar\/tango\/el-muro-buscamos-una-identidad-propia-nuestra-vision-de-como-queremos-que-sea-el-tango\/","title":{"rendered":"El Muro: \u201cBuscamos una identidad propia, nuestra visi\u00f3n de c\u00f3mo queremos que sea el tango\u201d"},"content":{"rendered":"\n<p class=\"wp-block-paragraph\">Hace m\u00e1s de 15 a\u00f1os que el tango se expande al comp\u00e1s de<strong> nuevas est\u00e9ticas<\/strong> que lo fortalecen. All\u00ed aparecen melod\u00edas, letras, sonoridades, readaptaciones e im\u00e1genes que comunican <strong>un paisaje musical y po\u00e9tico distante del repertorio tradicional tanguero<\/strong>.<\/p>\n\n\n\n<p class=\"wp-block-paragraph\">A esta altura, lo que hac\u00eda principios de la d\u00e9cada del 2000 era una corriente emergente, hoy ya se consolida como <strong>un movimiento de ra\u00edces nutridas y vigorosas<\/strong>, rico en expresiones heterog\u00e9neas.<\/p>\n\n\n\n<p class=\"wp-block-paragraph\">Con ese marco, los abordajes son m\u00faltiples. No alcanza ya con remitir a lo mejor de la tradici\u00f3n. Se hace necesario aportar algo m\u00e1s. Ese parece ser el caso del reciente lanzamiento de <strong>El Muro, el grupo \u2013comandado por el pianista Juan Pablo de Lucca- con base en la ciudad alemana de Berl\u00edn<\/strong> que acaba de lanzar el video de \u201cRecuerdo\u201d.<\/p>\n\n\n\n<figure class=\"wp-block-image\"><img loading=\"lazy\" decoding=\"async\" width=\"1024\" height=\"488\" src=\"https:\/\/www.fracturaexpuesta.com.ar\/tango\/wp-content\/uploads\/el-muro-tango-2-1024x488.jpg\" alt=\"\" class=\"wp-image-3954\" srcset=\"https:\/\/www.fracturaexpuesta.com.ar\/tango\/wp-content\/uploads\/el-muro-tango-2-1024x488.jpg 1024w, https:\/\/www.fracturaexpuesta.com.ar\/tango\/wp-content\/uploads\/el-muro-tango-2-300x143.jpg 300w, https:\/\/www.fracturaexpuesta.com.ar\/tango\/wp-content\/uploads\/el-muro-tango-2-768x366.jpg 768w, https:\/\/www.fracturaexpuesta.com.ar\/tango\/wp-content\/uploads\/el-muro-tango-2.jpg 1150w\" sizes=\"auto, (max-width: 1024px) 100vw, 1024px\" \/><figcaption>El Muro, un tango \u00absin complejos ni prejuicios\u00bb con el legado.<\/figcaption><\/figure>\n\n\n\n<p class=\"wp-block-paragraph\">En su nueva producci\u00f3n, El Muro retoma <strong>uno de los tangos notables de Pugliese y lo inserta en un marco distinto,<\/strong> otorg\u00e1ndole un sentido propio. Es precisamente <strong>el trabajo de plasticidad sobre la materia tanguera<\/strong> uno de los sellos de las nuevas corrientes. Y hacia all\u00ed va el grupo con imagen y sonido.<\/p>\n\n\n\n<p class=\"wp-block-paragraph\"><strong>\u201cNo recreamos, creamos. No estamos haciendo covers, no somos la reproducci\u00f3n de algo que ya se grab\u00f3\u201d<\/strong>, aclara de Lucca para distanciarse de lo que podr\u00eda ser la labor de una adaptaci\u00f3n. Vale decir que el pianista es <strong>nieto de Alberto Castillo<\/strong>, un faro que tambi\u00e9n fue creador de un estilo \u00fanico que molde\u00f3 su impronta con la materia tanguera. Sin caer en determinismos, los \u00e1rboles geneal\u00f3gicos no dejan de marcar la cancha.<\/p>\n\n\n\n<blockquote class=\"wp-block-quote is-layout-flow wp-block-quote-is-layout-flow\"><p><strong>\u201cEl tango no puede detenerse en la interpretaci\u00f3n, queremos que sea una b\u00fasqueda activa\u201d <\/strong><\/p><\/blockquote>\n\n\n\n<p class=\"wp-block-paragraph\">En su video, El Muro profundiza en <strong>la cuesti\u00f3n identitaria<\/strong>. El arraigo en una ciudad lejana, las elecciones ante la normativa de g\u00e9nero y el baile como una plataforma de expresi\u00f3n dentro de la sociedad son las se\u00f1ales. Por una Berl\u00edn desolada, convertida al blanco y negro, los bailarines <strong>Juampy Ram\u00edrez y Daniel Arroyo Miranda<\/strong> recorren danzando sus calles en lo que podr\u00eda ser la historia de una indagaci\u00f3n sobre la identidad (art\u00edstica, sonora, de g\u00e9nero).<\/p>\n\n\n\n<p class=\"wp-block-paragraph\">\u201cBuscamos <strong>una identidad propia, un sonido que nos represente y nuestra propia visi\u00f3n de c\u00f3mo queremos que sea el tango<\/strong>. Estamos abiertos a influencias de todo el mundo, esa es nuestra realidad hoy. <strong>El tango no puede detenerse en la interpretaci\u00f3n<\/strong>, queremos que sea una b\u00fasqueda activa que represente todo lo que hoy somos. As\u00ed, el tango es infinito\u201d, cuenta Juan Pablo de Lucca a <em>Fractura Expuesta<\/em>.<\/p>\n\n\n\n<figure class=\"wp-block-image\"><img loading=\"lazy\" decoding=\"async\" width=\"600\" height=\"600\" src=\"https:\/\/www.fracturaexpuesta.com.ar\/tango\/wp-content\/uploads\/el-muro-tango-recuerdo.jpg\" alt=\"\" class=\"wp-image-3952\" srcset=\"https:\/\/www.fracturaexpuesta.com.ar\/tango\/wp-content\/uploads\/el-muro-tango-recuerdo.jpg 600w, https:\/\/www.fracturaexpuesta.com.ar\/tango\/wp-content\/uploads\/el-muro-tango-recuerdo-150x150.jpg 150w, https:\/\/www.fracturaexpuesta.com.ar\/tango\/wp-content\/uploads\/el-muro-tango-recuerdo-300x300.jpg 300w, https:\/\/www.fracturaexpuesta.com.ar\/tango\/wp-content\/uploads\/el-muro-tango-recuerdo-100x100.jpg 100w\" sizes=\"auto, (max-width: 600px) 100vw, 600px\" \/><figcaption>Im\u00e1genes de \u00abRecuerdo\u00bb, el nuevo video de El Muro.<br><\/figcaption><\/figure>\n\n\n\n<p class=\"wp-block-paragraph\"><\/p>\n\n\n\n<p class=\"wp-block-paragraph\">No es casual que esa apertura se proyecte desde la ciudad alemana. <strong>Berl\u00edn ha congregado en el siglo XX a las vanguardias art\u00edsticas con su pulsi\u00f3n transgresora<\/strong>. \u201cUna ciudad cosmopolita y elegante, sucia y callejera al mismo tiempo, parecida a Buenos Aires de la d\u00e9cada del 50\u201d, cuenta el pianista de El Muro.<\/p>\n\n\n\n<p class=\"wp-block-paragraph\">El desembarco definitivo del tango en Berl\u00edn data de los 80, momento en el que encontr\u00f3 su recepci\u00f3n masiva entre el p\u00fablico alem\u00e1n. Cuenta de Lucca: \u201cEn Berl\u00edn hoy se mezclan todas las culturas del mundo y la ciudad es uno de los lugares desde donde<strong> desarrollar un tango nuevo en Europa<\/strong>, sin complejos ni prejuicios\u201d.<\/p>\n\n\n\n<figure class=\"wp-block-image\"><img loading=\"lazy\" decoding=\"async\" width=\"959\" height=\"640\" src=\"https:\/\/www.fracturaexpuesta.com.ar\/tango\/wp-content\/uploads\/juan-pablo-de-lucca.jpg\" alt=\"\" class=\"wp-image-3955\" srcset=\"https:\/\/www.fracturaexpuesta.com.ar\/tango\/wp-content\/uploads\/juan-pablo-de-lucca.jpg 959w, https:\/\/www.fracturaexpuesta.com.ar\/tango\/wp-content\/uploads\/juan-pablo-de-lucca-300x200.jpg 300w, https:\/\/www.fracturaexpuesta.com.ar\/tango\/wp-content\/uploads\/juan-pablo-de-lucca-768x513.jpg 768w\" sizes=\"auto, (max-width: 959px) 100vw, 959px\" \/><figcaption>De Lucca: \u00abNo recreamos, creamos\u00bb.<\/figcaption><\/figure>\n\n\n\n<p class=\"wp-block-paragraph\">Juampy Ram\u00edrez es uno de los protagonistas \u2013con Daniel Arroyo- de un video que pone en el centro de la escena a <strong>la danza como articulador del relato audiovisual<\/strong>. \u201cQueremos transmitir el deseo de bailar\u201d, dice Ram\u00edrez. Para \u00e9l, \u201cel tango, al ser un baile social, evoluciona, se desarrolla y se transforma de acuerdo con los cambios que se generan en la sociedad\u201d. Y no hay dudas de esa sentencia cuando se ven transcurrir las im\u00e1genes de \u201cRecuerdo\u201d. <strong>El baile de tango ya no es un baile solo entre hombre y mujer<\/strong>.<\/p>\n\n\n\n<p class=\"wp-block-paragraph\">Bajo esas coordenadas, las del baile, tambi\u00e9n se conectaron musicalmente Juan Pablo y <strong>el violinista noruego Karl Espegard <\/strong>para dar nacimiento a El Muro. \u201cAprendimos el tango tocando en las milongas\u201d, cuentan los m\u00fasicos del grupo que edit\u00f3 el disco <em>Nost\u00e1lgico<\/em>, junto al cantor argentino Juan Villareal.<\/p>\n\n\n\n<p class=\"wp-block-paragraph\">Con direcci\u00f3n y producci\u00f3n de El Muro, en conjunto con \u00c5smund Hasli, la reciente producci\u00f3n del grupo \u201canclao en Berl\u00edn\u201d irradia desde Europa las ondas de una oleada renovadora. Nuevas im\u00e1genes para el tango del hoy.<\/p>\n\n\n\n<iframe loading=\"lazy\" width=\"600\" height=\"355\" src=\"https:\/\/www.youtube.com\/embed\/bJpBFfWtGuk\" frameborder=\"0\" allow=\"accelerometer; autoplay; encrypted-media; gyroscope; picture-in-picture\" allowfullscreen=\"\"><\/iframe>\n\n\n\n<p class=\"wp-block-paragraph\"><\/p>\n","protected":false},"excerpt":{"rendered":"<p>Desde Berl\u00edn, el grupo de tango present\u00f3 el video de \u201cRecuerdo\u201d. Una ciudad vac\u00eda y un tango que rastrea signos para indagar en identidades sonoras, art\u00edsticas y de g\u00e9nero.<\/p>\n","protected":false},"author":1,"featured_media":3939,"comment_status":"open","ping_status":"open","sticky":false,"template":"","format":"standard","meta":{"footnotes":""},"categories":[3],"tags":[105,32,296,111],"class_list":["post-3938","post","type-post","status-publish","format-standard","has-post-thumbnail","hentry","category-noticias","tag-el-muro","tag-featured","tag-juan-pablo-de-lucca","tag-tango"],"_links":{"self":[{"href":"https:\/\/www.fracturaexpuesta.com.ar\/tango\/wp-json\/wp\/v2\/posts\/3938","targetHints":{"allow":["GET"]}}],"collection":[{"href":"https:\/\/www.fracturaexpuesta.com.ar\/tango\/wp-json\/wp\/v2\/posts"}],"about":[{"href":"https:\/\/www.fracturaexpuesta.com.ar\/tango\/wp-json\/wp\/v2\/types\/post"}],"author":[{"embeddable":true,"href":"https:\/\/www.fracturaexpuesta.com.ar\/tango\/wp-json\/wp\/v2\/users\/1"}],"replies":[{"embeddable":true,"href":"https:\/\/www.fracturaexpuesta.com.ar\/tango\/wp-json\/wp\/v2\/comments?post=3938"}],"version-history":[{"count":18,"href":"https:\/\/www.fracturaexpuesta.com.ar\/tango\/wp-json\/wp\/v2\/posts\/3938\/revisions"}],"predecessor-version":[{"id":3969,"href":"https:\/\/www.fracturaexpuesta.com.ar\/tango\/wp-json\/wp\/v2\/posts\/3938\/revisions\/3969"}],"wp:featuredmedia":[{"embeddable":true,"href":"https:\/\/www.fracturaexpuesta.com.ar\/tango\/wp-json\/wp\/v2\/media\/3939"}],"wp:attachment":[{"href":"https:\/\/www.fracturaexpuesta.com.ar\/tango\/wp-json\/wp\/v2\/media?parent=3938"}],"wp:term":[{"taxonomy":"category","embeddable":true,"href":"https:\/\/www.fracturaexpuesta.com.ar\/tango\/wp-json\/wp\/v2\/categories?post=3938"},{"taxonomy":"post_tag","embeddable":true,"href":"https:\/\/www.fracturaexpuesta.com.ar\/tango\/wp-json\/wp\/v2\/tags?post=3938"}],"curies":[{"name":"wp","href":"https:\/\/api.w.org\/{rel}","templated":true}]}}