{"id":4045,"date":"2020-06-08T14:33:08","date_gmt":"2020-06-08T14:33:08","guid":{"rendered":"http:\/\/www.fracturaexpuesta.com.ar\/tango\/?p=4045"},"modified":"2020-06-08T14:51:54","modified_gmt":"2020-06-08T14:51:54","slug":"desde-uruguay-jose-arenas-se-suma-a-doble-a-la-radio-de-tango-de-fractura-expuesta","status":"publish","type":"post","link":"https:\/\/www.fracturaexpuesta.com.ar\/tango\/desde-uruguay-jose-arenas-se-suma-a-doble-a-la-radio-de-tango-de-fractura-expuesta\/","title":{"rendered":"Desde Uruguay, Jos\u00e9 Arenas se suma a Doble A, la radio de tango de Fractura Expuesta"},"content":{"rendered":"\n<p class=\"wp-block-paragraph\">\u201cLa otra orilla es un espacio armado y pensado para varias cosas. Dar un panorama del tango actual en esta parte del r\u00edo, rescatar o develar algunas joyas olvidadas -y no tanto- de nuestro repertorio ciudadano, proponer algunas claves de lectura y escucha en la l\u00edrica del tango cantado y, siempre, mostrar en creaciones o versiones actuales, una cr\u00f3nica de lo que est\u00e1 pasando con el tango en el Uruguay\u201d, cuenta Jos\u00e9 Arenas sobre los detalles de <strong>La otra orilla, el segmento con el que se suma a la programaci\u00f3n de Doble A<\/strong>.<\/p>\n\n\n\n<p class=\"wp-block-paragraph\">La <a rel=\"noreferrer noopener\" aria-label=\"se\u00f1al online de tango de Fractura Expuesta (abre en una nueva pesta\u00f1a)\" href=\"http:\/\/www.fracturaexpuesta.com.ar\/doblearadio\/\" target=\"_blank\">se\u00f1al online de tango de Fractura Expuesta<\/a> pondr\u00e1 as\u00ed al aire una producci\u00f3n que buscar\u00e1 <strong>revalorizar la contribuci\u00f3n de la creaci\u00f3n uruguaya al cancionero de la m\u00fasica popular urbana<\/strong>.<\/p>\n\n\n\n<figure class=\"wp-block-image\"><img loading=\"lazy\" decoding=\"async\" width=\"960\" height=\"640\" src=\"https:\/\/www.fracturaexpuesta.com.ar\/tango\/wp-content\/uploads\/radio-tango-doble-A.jpg\" alt=\"\" class=\"wp-image-4048\" srcset=\"https:\/\/www.fracturaexpuesta.com.ar\/tango\/wp-content\/uploads\/radio-tango-doble-A.jpg 960w, https:\/\/www.fracturaexpuesta.com.ar\/tango\/wp-content\/uploads\/radio-tango-doble-A-300x200.jpg 300w, https:\/\/www.fracturaexpuesta.com.ar\/tango\/wp-content\/uploads\/radio-tango-doble-A-768x512.jpg 768w\" sizes=\"auto, (max-width: 960px) 100vw, 960px\" \/><figcaption>\u00abLa otra orilla\u00bb, el nuevo segmento de Doble A con Jos\u00e9 Arenas.<\/figcaption><\/figure>\n\n\n\n<p class=\"wp-block-paragraph\">\u201cEl tango uruguayo ha aportado al repertorio rioplatense algunos puntos fundamentales. En general, por la potencia invencible y merecida de la maquinaria musical argentina, esos hitos han sido fagocitados y su origen, perdido o velado. As\u00ed la palabra \u2018tango\u2019 remite a la Argentina y, quiz\u00e1, sea lo m\u00e1s justo\u201d, aclara Arenas. <\/p>\n\n\n\n<p class=\"wp-block-paragraph\">Sin embargo, el autor de letras de tango y libros como <em>Papeles suizos, Con un hilo de voz <\/em>y<em> Fueye hembra<\/em>, entre otros, remarca: \u201cPero parte del repertorio tradicional de la canci\u00f3n ciudadana se nutre de obras nacidas al oriente del R\u00edo Uruguay. As\u00ed, el famoso y ultratrillado himno de los tangos -\u201cLa cumparsita\u201d- es oriental y temas tan populares como \u2018La pu\u00f1alada\u2019 o \u2018Vieja viola\u2019 tambi\u00e9n han nacido por estas tierras\u201d.<\/p>\n\n\n\n<p class=\"wp-block-paragraph\">El espacio conducido por Arenas <strong>sonar\u00e1 durante todos los d\u00edas<\/strong> en el ecosistema sonoro que propone Doble A. Cada nueva entrega circular\u00e1 por la programaci\u00f3n de una se\u00f1al \u2013creada y coordinada por Maxi Senkiw- que re\u00fane a gran parte de la producci\u00f3n musical de tango realizada en los \u00faltimos 15 a\u00f1os.<\/p>\n\n\n\n<blockquote class=\"wp-block-quote is-layout-flow wp-block-quote-is-layout-flow\"><p>\u00abLa otra orilla es una cr\u00f3nica de lo que est\u00e1 pasando con el tango en el Uruguay\u00bb, cuenta Arenas.<\/p><\/blockquote>\n\n\n\n<p class=\"wp-block-paragraph\">En <strong>Doble A suena el tango de estos tiempos<\/strong>. La producci\u00f3n actual que numerosos grupos, orquestas y artistas le aportan al g\u00e9nero. Todas las miradas, los acercamientos, los estilos y las improntas est\u00e1n en la emisora como una muestra de la vitalidad del tango.<\/p>\n\n\n\n<p class=\"wp-block-paragraph\">\u201cHabr\u00e1 cl\u00e1sicos, habr\u00e1 quiz\u00e1s sorpresas y habr\u00e1 temas nuevos. Esperamos poder sacar la polaroid m\u00e1s justa de la m\u00fasica que aqu\u00ed suena, llevando con eso algunas partes nuevas o, al menos, revividas del pentagrama tanguero\u201d, propone Arenas para su espacio.<\/p>\n\n\n\n<p class=\"wp-block-paragraph\"><strong>Escuch\u00e1 la primera entrega de \u201cLa otra orilla\u201d:<\/strong><\/p>\n\n\n\n<iframe loading=\"lazy\" width=\"600\" height=\"355\" src=\"https:\/\/www.youtube.com\/embed\/CVkjw6StbIQ\" frameborder=\"0\" allow=\"accelerometer; autoplay; encrypted-media; gyroscope; picture-in-picture\" allowfullscreen><\/iframe>\n\n\n\n<figure class=\"wp-block-image\"><img loading=\"lazy\" decoding=\"async\" width=\"1024\" height=\"146\" src=\"https:\/\/www.fracturaexpuesta.com.ar\/tango\/wp-content\/uploads\/FOOTER-AVISO-DOBLE-A-1024x146.png\" alt=\"\" class=\"wp-image-1999\" srcset=\"https:\/\/www.fracturaexpuesta.com.ar\/tango\/wp-content\/uploads\/FOOTER-AVISO-DOBLE-A-1024x146.png 1024w, https:\/\/www.fracturaexpuesta.com.ar\/tango\/wp-content\/uploads\/FOOTER-AVISO-DOBLE-A-300x43.png 300w, https:\/\/www.fracturaexpuesta.com.ar\/tango\/wp-content\/uploads\/FOOTER-AVISO-DOBLE-A-768x110.png 768w, https:\/\/www.fracturaexpuesta.com.ar\/tango\/wp-content\/uploads\/FOOTER-AVISO-DOBLE-A.png 1400w\" sizes=\"auto, (max-width: 1024px) 100vw, 1024px\" \/><figcaption>Escuchar <a rel=\"noreferrer noopener\" aria-label=\"Doble A (abre en una nueva pesta\u00f1a)\" href=\"http:\/\/www.fracturaexpuesta.com.ar\/doblearadio\/\" target=\"_blank\"><strong>Doble A<\/strong><\/a><\/figcaption><\/figure>\n\n\n\n<p class=\"wp-block-paragraph\"><\/p>\n","protected":false},"excerpt":{"rendered":"<p>El escritor, letrista e investigador Jos\u00e9 Arenas ser\u00e1 otra de las voces de Doble A. Se incorpora con el segmento titulado \u201cLa otra orilla\u201d.<\/p>\n","protected":false},"author":1,"featured_media":4046,"comment_status":"open","ping_status":"open","sticky":false,"template":"","format":"standard","meta":{"footnotes":""},"categories":[298,3],"tags":[292,32,299,300,111],"class_list":["post-4045","post","type-post","status-publish","format-standard","has-post-thumbnail","hentry","category-doble-a","category-noticias","tag-doble-a","tag-featured","tag-jose-arenas","tag-la-otra-orilla","tag-tango"],"_links":{"self":[{"href":"https:\/\/www.fracturaexpuesta.com.ar\/tango\/wp-json\/wp\/v2\/posts\/4045","targetHints":{"allow":["GET"]}}],"collection":[{"href":"https:\/\/www.fracturaexpuesta.com.ar\/tango\/wp-json\/wp\/v2\/posts"}],"about":[{"href":"https:\/\/www.fracturaexpuesta.com.ar\/tango\/wp-json\/wp\/v2\/types\/post"}],"author":[{"embeddable":true,"href":"https:\/\/www.fracturaexpuesta.com.ar\/tango\/wp-json\/wp\/v2\/users\/1"}],"replies":[{"embeddable":true,"href":"https:\/\/www.fracturaexpuesta.com.ar\/tango\/wp-json\/wp\/v2\/comments?post=4045"}],"version-history":[{"count":7,"href":"https:\/\/www.fracturaexpuesta.com.ar\/tango\/wp-json\/wp\/v2\/posts\/4045\/revisions"}],"predecessor-version":[{"id":4058,"href":"https:\/\/www.fracturaexpuesta.com.ar\/tango\/wp-json\/wp\/v2\/posts\/4045\/revisions\/4058"}],"wp:featuredmedia":[{"embeddable":true,"href":"https:\/\/www.fracturaexpuesta.com.ar\/tango\/wp-json\/wp\/v2\/media\/4046"}],"wp:attachment":[{"href":"https:\/\/www.fracturaexpuesta.com.ar\/tango\/wp-json\/wp\/v2\/media?parent=4045"}],"wp:term":[{"taxonomy":"category","embeddable":true,"href":"https:\/\/www.fracturaexpuesta.com.ar\/tango\/wp-json\/wp\/v2\/categories?post=4045"},{"taxonomy":"post_tag","embeddable":true,"href":"https:\/\/www.fracturaexpuesta.com.ar\/tango\/wp-json\/wp\/v2\/tags?post=4045"}],"curies":[{"name":"wp","href":"https:\/\/api.w.org\/{rel}","templated":true}]}}