{"id":4060,"date":"2020-06-16T20:52:25","date_gmt":"2020-06-16T20:52:25","guid":{"rendered":"http:\/\/www.fracturaexpuesta.com.ar\/tango\/?p=4060"},"modified":"2020-07-09T21:32:13","modified_gmt":"2020-07-09T21:32:13","slug":"2010-2020-10-discos-de-tango-que-cumplen-10-anos-parte-1","status":"publish","type":"post","link":"https:\/\/www.fracturaexpuesta.com.ar\/tango\/2010-2020-10-discos-de-tango-que-cumplen-10-anos-parte-1\/","title":{"rendered":"2010-2020: 10 discos de tango que cumplen 10 a\u00f1os (parte 1)"},"content":{"rendered":"\n<p class=\"wp-block-paragraph\">El tiempo es veloz. La sorpresa de algunos artistas al caer en la cuenta de que su producci\u00f3n ya hab\u00eda llegado a los 10 a\u00f1os desde su edici\u00f3n original, marca el avance ineludible de los a\u00f1os.<\/p>\n\n\n\n<p class=\"wp-block-paragraph\">Una d\u00e9cada puede ser mucho tiempo para un artista. En la pasi\u00f3n siempre movilizante e inquieta, pueden cambiar sus intereses, sus apuestas sonoras, sus berretines musicales.<\/p>\n\n\n\n<p class=\"wp-block-paragraph\">Tras digitalizar toda su discoteca para <a rel=\"noreferrer noopener\" aria-label=\"Doble A Radio (abre en una nueva pesta\u00f1a)\" href=\"http:\/\/www.fracturaexpuesta.com.ar\/doblearadio\/\" target=\"_blank\"><em>Doble A Radio<\/em><\/a> -un valioso archivo que re\u00fane una porci\u00f3n importante del tango editado en los \u00faltimos 15 a\u00f1os- <strong><em>Fractura Expuesta<\/em> reuni\u00f3 10 discos que cumplen 10 a\u00f1os<\/strong> y que demarcan algunos de los horizontes de sonido y letra que ha adquirido el tango en esta \u00faltima d\u00e9cada.<\/p>\n\n\n\n<figure class=\"wp-block-image\"><img loading=\"lazy\" decoding=\"async\" width=\"850\" height=\"567\" src=\"https:\/\/www.fracturaexpuesta.com.ar\/tango\/wp-content\/uploads\/disco-tango-10.jpg\" alt=\"\" class=\"wp-image-4082\" srcset=\"https:\/\/www.fracturaexpuesta.com.ar\/tango\/wp-content\/uploads\/disco-tango-10.jpg 850w, https:\/\/www.fracturaexpuesta.com.ar\/tango\/wp-content\/uploads\/disco-tango-10-300x200.jpg 300w, https:\/\/www.fracturaexpuesta.com.ar\/tango\/wp-content\/uploads\/disco-tango-10-768x512.jpg 768w\" sizes=\"auto, (max-width: 850px) 100vw, 850px\" \/><figcaption>Los primeros cinco discos que cumplen una d\u00e9cada.<\/figcaption><\/figure>\n\n\n\n<p class=\"wp-block-paragraph\">Asimismo, <em>Fractura Expuesta<\/em> recopil\u00f3 <strong>el testimonio de los artistas que, desde el presente, ofrecieron su visi\u00f3n sobre el material<\/strong>. Una lectura a cargo de los propios creadores que les permiti\u00f3 redimensionar sus obras y proyectarlas a su tiempo actual. Tambi\u00e9n eligieron para compartir uno de los temas de su disco.<\/p>\n\n\n\n<p class=\"wp-block-paragraph\">Con un criterio que privilegi\u00f3 la variedad sonora para realizar el ordenamiento, aqu\u00ed les presentamos <strong>la primera parte de una selecci\u00f3n que llega con el Cuarteto de Julio Coviello, \u00abCucuza\u00bb Castiello, Claudia Levy, Diego Schissi y Giovanna.<\/strong><\/p>\n\n\n\n<p class=\"wp-block-paragraph\" style=\"text-align:center\">***<\/p>\n\n\n\n<p style=\"color:#ff0004\" class=\"has-text-color has-drop-cap wp-block-paragraph\"><strong>1 Julio Coviello y el disco <\/strong><em><strong>Catorce<\/strong><\/em><strong>: <\/strong><br><strong>\u201cNo s\u00f3lo se componen tangos enojados en este siglo\u201d<\/strong><\/p>\n\n\n\n<figure class=\"wp-block-image\"><img loading=\"lazy\" decoding=\"async\" width=\"750\" height=\"500\" src=\"https:\/\/www.fracturaexpuesta.com.ar\/tango\/wp-content\/uploads\/coviello-catorce.jpg\" alt=\"\" class=\"wp-image-4061\" srcset=\"https:\/\/www.fracturaexpuesta.com.ar\/tango\/wp-content\/uploads\/coviello-catorce.jpg 750w, https:\/\/www.fracturaexpuesta.com.ar\/tango\/wp-content\/uploads\/coviello-catorce-300x200.jpg 300w\" sizes=\"auto, (max-width: 750px) 100vw, 750px\" \/><figcaption><em>Catorce<\/em>, de Cuarteto Julio Coviello. <br><\/figcaption><\/figure>\n\n\n\n<p class=\"wp-block-paragraph\">Dice el bandoneonista Julio Coviello:<\/p>\n\n\n\n<p class=\"has-drop-cap wp-block-paragraph\">Estoy recorriendo <em>Catorce<\/em>, escuchando el \u00e1lbum que grabamos hace ya 10 a\u00f1os con Nicol\u00e1s Di Lorenzo, Mariano Bustos, Eduardo Lucente y Mariano Mazzei. Arranca con temas propios. El explosivo &#8216;Zuncho&#8217; de Nicol\u00e1s Di Lorenzo con sus juegos r\u00edtmicos de repeticiones imprevisibles. Los contrapuntos r\u00fasticos y aguerridos de &#8216;Delirio&#8217;, que compusimos junto a Pablo Gignoli. Con \u00e9l and\u00e1bamos en yunta por esos a\u00f1os queriendo componer a toda costa, por eso tambi\u00e9n arregl\u00e9 un tema de \u00e9l y Rosenfeldt, &#8216;Solo&#8217;. Ese tema da una dimensi\u00f3n m\u00e1s amplia del tango del Siglo XXI, es una demostraci\u00f3n que no s\u00f3lo se componen tangos enojados en este siglo. Adem\u00e1s de los temas propios, en el \u00e1lbum escucho a Troilo, Buarque-Jobim, Yupanqui, Piana-Manzi dentro de esta energ\u00eda el\u00e9ctrica. Aunque no fueron pensados racionalmente, hoy los interpreto como homenajes. Homenajes que no son un tributo fiel sino que es un tributo hecho carne y pasi\u00f3n. &#8216;Chacarera de Boedo&#8217;, &#8216;Puede ser&#8217; y &#8216;Seis Puntos&#8217; son tres temas que compuse y hoy escucho como un contrapunto de chacarera con asfalto y adoqu\u00edn, una declaraci\u00f3n de amor al tango de todos los tiempos y un tango enojado para hacer pogo. Con el tema de Pablo Jivo, &#8216;Me voy yendo&#8217;, comienza la retirada. El apremio del tiempo que no para y las cosas que vamos entendiendo. Diez a\u00f1os despu\u00e9s seguimos en ese proceso constante de comprender, por eso se puede escuchar una versi\u00f3n con letra ampliada en el disco <em>Las Podas<\/em> del propio Jivo junto a Julieta Laso. Escucho el \u00faltimo tema, &#8216;Lo que vendr\u00e1&#8217; y s\u00f3lo me confirma que el futuro lleg\u00f3 hace rato\u00bb.<\/p>\n\n\n\n<p class=\"wp-block-paragraph\">De <em>Catorce<\/em>, Coviello escogi\u00f3 para compartir \u201cDelirio\u201d.<\/p>\n\n\n\n<iframe loading=\"lazy\" width=\"600\" height=\"355\" src=\"https:\/\/www.youtube.com\/embed\/GiaRivvtT-Y\" frameborder=\"0\" allow=\"accelerometer; autoplay; encrypted-media; gyroscope; picture-in-picture\" allowfullscreen=\"\"><\/iframe>\n\n\n\n<p class=\"wp-block-paragraph\"><\/p>\n\n\n\n<p class=\"wp-block-paragraph\" style=\"text-align:center\">***<\/p>\n\n\n\n<p style=\"color:#ff0000\" class=\"has-text-color has-drop-cap wp-block-paragraph\"><strong>2 Cucuza y el disco <\/strong><em><strong>Cucuza &amp; Moscato, el tango vuelve al barrio:<\/strong><\/em><br><strong>\u00abSe puede escuchar el esp\u00edritu de esas noches en El Faro\u00bb<\/strong><\/p>\n\n\n\n<figure class=\"wp-block-image\"><img loading=\"lazy\" decoding=\"async\" width=\"750\" height=\"500\" src=\"https:\/\/www.fracturaexpuesta.com.ar\/tango\/wp-content\/uploads\/cucuza-el-tango.jpg\" alt=\"\" class=\"wp-image-4072\" srcset=\"https:\/\/www.fracturaexpuesta.com.ar\/tango\/wp-content\/uploads\/cucuza-el-tango.jpg 750w, https:\/\/www.fracturaexpuesta.com.ar\/tango\/wp-content\/uploads\/cucuza-el-tango-300x200.jpg 300w\" sizes=\"auto, (max-width: 750px) 100vw, 750px\" \/><figcaption><em>Cucuza &amp; Moscato, el tango vuelve al barrio.<\/em><\/figcaption><\/figure>\n\n\n\n<p class=\"wp-block-paragraph\">Cuenta el cantor Hern\u00e1n \u00abCucuza\u00bb Castiello:<\/p>\n\n\n\n<p class=\"has-drop-cap wp-block-paragraph\">El disco fue consecuencia del ciclo que empez\u00f3 en el 2007 en el Bar El Faro. Se podr\u00eda decir que fue por iniciativa de Pablo Sala quien, hasta esa propuesta de registrar el material, era nom\u00e1s un amigo del gran dibujante H\u00e9ctor Sanguilano (Sany\u00fa) que nos ven\u00eda a escuchar. La idea fue capturar en vivo, \u2018descarnadamente\u2019, lo que pasaba en esas largas noches de tango en el bar. La verdad es que para aceptar la propuesta tuve que ver al disco m\u00e1s como una foto que como un disco, eso fue lo que me atrajo de la idea de Pablo. Se puede escuchar el esp\u00edritu de esas noches que siguen hasta el presente. Hay una an\u00e9cdota muy famosa de un amigo que cay\u00f3 a escucharnos, despu\u00e9s de muchos a\u00f1os de no verlo, y se puso escabio un rato antes que empez\u00e1ramos a tocar y grabar. No par\u00f3 de aplaudir cuando no deb\u00eda y de vivar cuando menos deb\u00eda. Se podr\u00eda decir que nos arruin\u00f3 la toma 1 del disco, aunque no fue tan as\u00ed, ya que decidimos que en la primera edici\u00f3n limitada de 100 discos haya un track especial dedicado a las intervenciones de este amigo en cuesti\u00f3n. Como dato que no todos conocen, los temas fueron grabados durante las fechas del ciclo El tango vuelve al barrio, menos el tema de entrada -&#8216;El cantor de Buenos Aires&#8217;- que solemos hacerlo sin amplificaci\u00f3n y, para esa oportunidad, organizamos una juntada especial en el bar con unos cuantos amigos. Ser\u00edamos 20, entre los que estaban como p\u00fablico Ariel Ardit, Javier D\u00edaz Gonz\u00e1lez y \u201cDipi\u201d Kvitko, entre otros, para registrar solo ese tema de manera ac\u00fastica y con la idea original de que fue grabado en el bar, en vivo y con p\u00fablico. El disco tuvo una primera edici\u00f3n especial -con pr\u00f3logo de Raimundo Rosales, una serigraf\u00eda del artista Sany\u00fa, una foto individual- que compraron los habitu\u00e9s del ciclo y que solventaron la edici\u00f3n posterior, siendo aquel disco una especie de pionero del estilo de financiamiento colectivo\u201d.<\/p>\n\n\n\n<p class=\"wp-block-paragraph\">De <em>Cucuza &amp; Moscato, el tango vuelve al barrio<\/em>, Cucuza eligi\u00f3 \u201cPucherito de gallina\u201d.<\/p>\n\n\n\n<iframe loading=\"lazy\" width=\"600\" height=\"355\" src=\"https:\/\/www.youtube.com\/embed\/46M68A6RNRU\" frameborder=\"0\" allow=\"accelerometer; autoplay; encrypted-media; gyroscope; picture-in-picture\" allowfullscreen=\"\"><\/iframe>\n\n\n\n<p class=\"wp-block-paragraph\"><\/p>\n\n\n\n<p class=\"wp-block-paragraph\" style=\"text-align:center\">***<\/p>\n\n\n\n<p style=\"color:#ff0004\" class=\"has-text-color has-drop-cap wp-block-paragraph\"><strong>3 Claudia Levy sobre <em>Soltar amarras<\/em>: <\/strong><br><strong>\u201cNo fue abandonar el tango, fue permitir que conviviera con otros g\u00e9neros que tambi\u00e9n amo\u201d<\/strong><\/p>\n\n\n\n<figure class=\"wp-block-image\"><img loading=\"lazy\" decoding=\"async\" width=\"750\" height=\"500\" src=\"https:\/\/www.fracturaexpuesta.com.ar\/tango\/wp-content\/uploads\/levy-soltar-amarras.jpg\" alt=\"\" class=\"wp-image-4079\" srcset=\"https:\/\/www.fracturaexpuesta.com.ar\/tango\/wp-content\/uploads\/levy-soltar-amarras.jpg 750w, https:\/\/www.fracturaexpuesta.com.ar\/tango\/wp-content\/uploads\/levy-soltar-amarras-300x200.jpg 300w\" sizes=\"auto, (max-width: 750px) 100vw, 750px\" \/><figcaption><em>Soltar amarras<\/em>, de Claudia Levy.<\/figcaption><\/figure>\n\n\n\n<p class=\"wp-block-paragraph\">Explica la cantante, pianista y compositora Claudia Levy:<\/p>\n\n\n\n<p class=\"has-drop-cap wp-block-paragraph\">Con este disco empec\u00e9 a permitirme componer otras m\u00fasicas, adem\u00e1s de tango. No es casual el nombre. Desde que arranqu\u00e9 a remar por el delta en canoa, mi m\u00fasica fue cambiando. <em>Soltar amarras<\/em> fue dejarme llevar por el r\u00edo, por otros paisajes, con otras sonoridades y otras historias para contar. No fue abandonar el tango. Fue permitir que conviviera con otros g\u00e9neros que tambi\u00e9n amo. Tiene un aire m\u00e1s melanc\u00f3lico tal vez que otros discos m\u00edos, con temas m\u00e1s ir\u00f3nicos. Visto desde hoy, fue el primer paso para que surgiera despu\u00e9s mi otro disco, <em>Marea verde<\/em>, donde me di m\u00e1s libertad creativa. Y donde grab\u00e9 una nueva versi\u00f3n de uno de mis tangos m\u00e1s antiguos y feministas, &#8216;Me dijeron&#8217;, que habla de un tema muy vigente como es la violencia hacia la mujer. Me daba miedo hacer este disco. Dan miedo los cambios y no sab\u00eda c\u00f3mo lo iba a recibir el p\u00fablico. Y lo que sucedi\u00f3 es que el p\u00fablico se ampli\u00f3. Y se sigue ampliando. Cambi\u00e9 mi nombre de usuario. Pero mi contrase\u00f1a sigue siendo el tango\u201d.<\/p>\n\n\n\n<p class=\"wp-block-paragraph\">De <em>Soltar amarras<\/em>, Levy eligi\u00f3 para escuchar \u201cPara\u00edsos\u201d. <\/p>\n\n\n\n<iframe loading=\"lazy\" width=\"600\" height=\"355\" src=\"https:\/\/www.youtube.com\/embed\/aHDEaQz2aUM\" frameborder=\"0\" allow=\"accelerometer; autoplay; encrypted-media; gyroscope; picture-in-picture\" allowfullscreen=\"\"><\/iframe>\n\n\n\n<p class=\"wp-block-paragraph\"><\/p>\n\n\n\n<p class=\"wp-block-paragraph\" style=\"text-align:center\">***<\/p>\n\n\n\n<p style=\"color:#ff0004\" class=\"has-text-color has-drop-cap wp-block-paragraph\"><strong>4 Diego Schissi sobre <\/strong><em><strong>Tongos<\/strong><\/em><strong>: <\/strong><br><strong>\u201cIdeas musicales que deseaba unir a la expresi\u00f3n tanguera\u201d<\/strong><\/p>\n\n\n\n<figure class=\"wp-block-image\"><img loading=\"lazy\" decoding=\"async\" width=\"750\" height=\"500\" src=\"https:\/\/www.fracturaexpuesta.com.ar\/tango\/wp-content\/uploads\/schissi-tongos.jpg\" alt=\"\" class=\"wp-image-4080\" srcset=\"https:\/\/www.fracturaexpuesta.com.ar\/tango\/wp-content\/uploads\/schissi-tongos.jpg 750w, https:\/\/www.fracturaexpuesta.com.ar\/tango\/wp-content\/uploads\/schissi-tongos-300x200.jpg 300w\" sizes=\"auto, (max-width: 750px) 100vw, 750px\" \/><figcaption><em>Tongos<\/em>, de Diego Schissi Quinteto.<br><\/figcaption><\/figure>\n\n\n\n<p class=\"wp-block-paragraph\">Comenta el pianista y compositor Diego Schissi:<\/p>\n\n\n\n<p class=\"has-drop-cap wp-block-paragraph\">Escuchado 10 a\u00f1os despu\u00e9s, <em>Tongos <\/em>me llega como un disco que refleja un esfuerzo de s\u00edntesis entre la asimilaci\u00f3n del tango y los materiales compositivos que eran de mi inter\u00e9s en ese momento. Tiene la ilusi\u00f3n de reflejar destellos de tango junto con ideas musicales que deseaba unir a la expresi\u00f3n tanguera. Por momentos, algo de eso se logra\u00bb.<\/p>\n\n\n\n<p class=\"wp-block-paragraph\">De <em>Tongos<\/em>, Schissi eligi\u00f3 para escuchar \u201cTongo 6\u201d.<\/p>\n\n\n\n<iframe loading=\"lazy\" width=\"600\" height=\"355\" src=\"https:\/\/www.youtube.com\/embed\/2FYCwNNNA5Y\" frameborder=\"0\" allow=\"accelerometer; autoplay; encrypted-media; gyroscope; picture-in-picture\" allowfullscreen=\"\"><\/iframe>\n\n\n\n<p class=\"wp-block-paragraph\"><\/p>\n\n\n\n<p class=\"wp-block-paragraph\" style=\"text-align:center\">***<\/p>\n\n\n\n<p style=\"color:#ff0004\" class=\"has-text-color has-drop-cap wp-block-paragraph\"><strong>5 Giovanna sobre Tangoxidado: <br>\u201cUn disco que quiero mucho, un material importante para m\u00ed\u201d<\/strong><\/p>\n\n\n\n<figure class=\"wp-block-image\"><img loading=\"lazy\" decoding=\"async\" width=\"750\" height=\"500\" src=\"https:\/\/www.fracturaexpuesta.com.ar\/tango\/wp-content\/uploads\/giovanna-tangoxidado.jpg\" alt=\"\" class=\"wp-image-4091\" srcset=\"https:\/\/www.fracturaexpuesta.com.ar\/tango\/wp-content\/uploads\/giovanna-tangoxidado.jpg 750w, https:\/\/www.fracturaexpuesta.com.ar\/tango\/wp-content\/uploads\/giovanna-tangoxidado-300x200.jpg 300w\" sizes=\"auto, (max-width: 750px) 100vw, 750px\" \/><figcaption><em>Tangoxidado<\/em>, de la uruguaya Giovanna.<\/figcaption><\/figure>\n\n\n\n<p class=\"wp-block-paragraph\">Dice la cantante Giovanna:<\/p>\n\n\n\n<p class=\"has-drop-cap wp-block-paragraph\">Un disco que quiero mucho y del que estoy a\u00fan orgullosa, pues fue una edici\u00f3n independiente en la que toda la producci\u00f3n corri\u00f3 por mi cuenta. Art\u00edsticamente, creo que fue un acierto el concepto general que me propuse: grabar con un tr\u00edo de capos instrumentistas, al que alimentar\u00eda con power arreglos de variada autor\u00eda, para as\u00ed obtener diferentes texturas. Tiene un par de joyas que atesoro, entre las que se cuenta un arreglo de Hugo Fattoruso sobre una preciosa composici\u00f3n de Mastra, nunca antes versionada. Es un material importante para m\u00ed\u201d.<\/p>\n\n\n\n<p class=\"wp-block-paragraph\">De <em>Tangoxidado<\/em>, Giovanna comparte para escuchar \u201cGiros\u201d.<\/p>\n\n\n\n<iframe loading=\"lazy\" width=\"600\" height=\"355\" src=\"https:\/\/www.youtube.com\/embed\/YpoA5CwyD30\" frameborder=\"0\" allow=\"accelerometer; autoplay; encrypted-media; gyroscope; picture-in-picture\" allowfullscreen=\"\"><\/iframe>\n\n\n\n<p class=\"wp-block-paragraph\"><\/p>\n","protected":false},"excerpt":{"rendered":"<p>Fractura Expuesta seleccion\u00f3 de su discoteca 10 discos de grupos y artistas de estos tiempos que celebran una d\u00e9cada de vida. La palabra de sus protagonistas y la mirada sobre sus obras, desde el presente.<\/p>\n","protected":false},"author":1,"featured_media":4070,"comment_status":"open","ping_status":"open","sticky":false,"template":"","format":"standard","meta":{"footnotes":""},"categories":[3],"tags":[215,119,122,32,301,224,111],"class_list":["post-4060","post","type-post","status-publish","format-standard","has-post-thumbnail","hentry","category-noticias","tag-claudia-levy","tag-cucuza-castiello","tag-diego-schissi","tag-featured","tag-giovanna","tag-julio-coviello","tag-tango"],"_links":{"self":[{"href":"https:\/\/www.fracturaexpuesta.com.ar\/tango\/wp-json\/wp\/v2\/posts\/4060","targetHints":{"allow":["GET"]}}],"collection":[{"href":"https:\/\/www.fracturaexpuesta.com.ar\/tango\/wp-json\/wp\/v2\/posts"}],"about":[{"href":"https:\/\/www.fracturaexpuesta.com.ar\/tango\/wp-json\/wp\/v2\/types\/post"}],"author":[{"embeddable":true,"href":"https:\/\/www.fracturaexpuesta.com.ar\/tango\/wp-json\/wp\/v2\/users\/1"}],"replies":[{"embeddable":true,"href":"https:\/\/www.fracturaexpuesta.com.ar\/tango\/wp-json\/wp\/v2\/comments?post=4060"}],"version-history":[{"count":33,"href":"https:\/\/www.fracturaexpuesta.com.ar\/tango\/wp-json\/wp\/v2\/posts\/4060\/revisions"}],"predecessor-version":[{"id":4208,"href":"https:\/\/www.fracturaexpuesta.com.ar\/tango\/wp-json\/wp\/v2\/posts\/4060\/revisions\/4208"}],"wp:featuredmedia":[{"embeddable":true,"href":"https:\/\/www.fracturaexpuesta.com.ar\/tango\/wp-json\/wp\/v2\/media\/4070"}],"wp:attachment":[{"href":"https:\/\/www.fracturaexpuesta.com.ar\/tango\/wp-json\/wp\/v2\/media?parent=4060"}],"wp:term":[{"taxonomy":"category","embeddable":true,"href":"https:\/\/www.fracturaexpuesta.com.ar\/tango\/wp-json\/wp\/v2\/categories?post=4060"},{"taxonomy":"post_tag","embeddable":true,"href":"https:\/\/www.fracturaexpuesta.com.ar\/tango\/wp-json\/wp\/v2\/tags?post=4060"}],"curies":[{"name":"wp","href":"https:\/\/api.w.org\/{rel}","templated":true}]}}