{"id":4100,"date":"2020-06-23T15:31:00","date_gmt":"2020-06-23T15:31:00","guid":{"rendered":"http:\/\/www.fracturaexpuesta.com.ar\/tango\/?p=4100"},"modified":"2020-06-23T17:12:45","modified_gmt":"2020-06-23T17:12:45","slug":"2010-2020-10-discos-de-tango-que-cumplen-10-anos-parte-2","status":"publish","type":"post","link":"https:\/\/www.fracturaexpuesta.com.ar\/tango\/2010-2020-10-discos-de-tango-que-cumplen-10-anos-parte-2\/","title":{"rendered":"2010-2020: 10 discos de tango que cumplen 10 a\u00f1os (parte 2)"},"content":{"rendered":"\n<p class=\"wp-block-paragraph\">Tras digitalizar toda su discoteca para&nbsp;<a rel=\"noreferrer noopener\" href=\"http:\/\/www.fracturaexpuesta.com.ar\/doblearadio\/\" target=\"_blank\"><em>Doble A Radio<\/em><\/a>&nbsp;-un valioso archivo que re\u00fane una porci\u00f3n importante del tango editado en los \u00faltimos 15 a\u00f1os-&nbsp;<strong><em>Fractura Expuesta<\/em>&nbsp;reuni\u00f3 10 discos que cumplen 10 a\u00f1os<\/strong>&nbsp;y que demarcan algunos de los horizontes de sonido y letra que ha adquirido el tango en esta \u00faltima d\u00e9cada.<\/p>\n\n\n\n<p class=\"wp-block-paragraph\">Asimismo,&nbsp;nuestra&nbsp;web&nbsp;recopil\u00f3&nbsp;<strong>el testimonio de los artistas que, desde el presente, ofrecieron su visi\u00f3n sobre el material<\/strong>. Una lectura a cargo de los propios creadores que les permiti\u00f3 redimensionar sus obras y proyectarlas a su tiempo actual. Tambi\u00e9n eligieron para compartir uno de los temas de su disco.<\/p>\n\n\n\n<div class=\"wp-block-image\"><figure class=\"aligncenter is-resized\"><img loading=\"lazy\" decoding=\"async\" src=\"https:\/\/www.fracturaexpuesta.com.ar\/tango\/wp-content\/uploads\/discos2.png\" alt=\"\" class=\"wp-image-4122\" width=\"500\" height=\"500\" srcset=\"https:\/\/www.fracturaexpuesta.com.ar\/tango\/wp-content\/uploads\/discos2.png 500w, https:\/\/www.fracturaexpuesta.com.ar\/tango\/wp-content\/uploads\/discos2-150x150.png 150w, https:\/\/www.fracturaexpuesta.com.ar\/tango\/wp-content\/uploads\/discos2-300x300.png 300w, https:\/\/www.fracturaexpuesta.com.ar\/tango\/wp-content\/uploads\/discos2-100x100.png 100w\" sizes=\"auto, (max-width: 500px) 100vw, 500px\" \/><figcaption>Segunda parte de los 10 discos de tango que cumplen 10 a\u00f1os<\/figcaption><\/figure><\/div>\n\n\n\n<p class=\"wp-block-paragraph\">Con un criterio que privilegi\u00f3 la variedad sonora para realizar el ordenamiento, aqu\u00ed les presentamos&nbsp;<strong>la segunda parte de una selecci\u00f3n que llega con Sonia Possetti Sexteto, Quinteto Negro La Boca, Viviana Scarlassa, Juan Pablo Navarro y Jorge Retamoza.<\/strong><\/p>\n\n\n\n<p style=\"color:#ff0004;font-size:80px\" class=\"has-text-color wp-block-paragraph\"><strong>6 <\/strong><\/p>\n\n\n\n<p style=\"color:#ff0004\" class=\"has-text-color wp-block-paragraph\"><strong>Sonia Possetti y el disco <em>Cay\u00f3 la ficha<\/em>:<\/strong><\/p>\n\n\n\n<p class=\"wp-block-paragraph\" style=\"font-size:30px\"><strong>\u00abPude desmarcarme y expresar lo propio\u00bb<\/strong><\/p>\n\n\n\n<figure class=\"wp-block-image\"><img loading=\"lazy\" decoding=\"async\" width=\"600\" height=\"400\" src=\"https:\/\/www.fracturaexpuesta.com.ar\/tango\/wp-content\/uploads\/sonia-possetti-cayo-la-ficha.jpg\" alt=\"\" class=\"wp-image-4103\" srcset=\"https:\/\/www.fracturaexpuesta.com.ar\/tango\/wp-content\/uploads\/sonia-possetti-cayo-la-ficha.jpg 600w, https:\/\/www.fracturaexpuesta.com.ar\/tango\/wp-content\/uploads\/sonia-possetti-cayo-la-ficha-300x200.jpg 300w\" sizes=\"auto, (max-width: 600px) 100vw, 600px\" \/><figcaption><em>Cay\u00f3 la ficha<\/em>, de Sonia Possetti Sexteto<\/figcaption><\/figure>\n\n\n\n<p class=\"wp-block-paragraph\">Comenta la pianista y compositora Sonia Possetti:<\/p>\n\n\n\n<p class=\"has-drop-cap wp-block-paragraph\">Fue un disco muy significativo para el grupo y para m\u00ed como compositora de toda la m\u00fasica que all\u00ed grabamos. Un disco muy trabajado, donde finalmente encontr\u00e9 la sonoridad para mi m\u00fasica y, compositivamente, es donde pude plasmar ideas que me llevaron a un tratamiento formal y textural que iba m\u00e1s all\u00e1 de cualquier g\u00e9nero y lenguaje. Pude desmarcarme y expresar lo propio. Como consecuencia, fue un impulso a proyectarme a diversas experiencias orquestales\u00bb. <\/p>\n\n\n\n<p class=\"wp-block-paragraph\">De <em>Cay\u00f3 la ficha<\/em>, Possetti eligi\u00f3 <strong>\u00abFiesta de marionetas\u00bb<\/strong><\/p>\n\n\n\n<iframe loading=\"lazy\" width=\"600\" height=\"355\" src=\"https:\/\/www.youtube.com\/embed\/ibyXzeWNXtg\" frameborder=\"0\" allow=\"accelerometer; autoplay; encrypted-media; gyroscope; picture-in-picture\" allowfullscreen=\"\"><\/iframe>\n\n\n\n<p class=\"wp-block-paragraph\"><\/p>\n\n\n\n<p style=\"color:#ff0004;font-size:80px\" class=\"has-text-color wp-block-paragraph\"><strong>7<\/strong><\/p>\n\n\n\n<p style=\"color:#ff0004\" class=\"has-text-color wp-block-paragraph\"><strong>Quinteto Negro La Boca y <\/strong><em><strong>Tango contaminado<\/strong><\/em><strong>:<\/strong><\/p>\n\n\n\n<p class=\"wp-block-paragraph\" style=\"font-size:30px\"><strong>\u00abUn disco premonitorio para lo que vendr\u00eda despu\u00e9s\u00bb<\/strong><\/p>\n\n\n\n<figure class=\"wp-block-image\"><img loading=\"lazy\" decoding=\"async\" width=\"600\" height=\"400\" src=\"https:\/\/www.fracturaexpuesta.com.ar\/tango\/wp-content\/uploads\/quinteto-negro-la-boca.jpg\" alt=\"\" class=\"wp-image-4104\" srcset=\"https:\/\/www.fracturaexpuesta.com.ar\/tango\/wp-content\/uploads\/quinteto-negro-la-boca.jpg 600w, https:\/\/www.fracturaexpuesta.com.ar\/tango\/wp-content\/uploads\/quinteto-negro-la-boca-300x200.jpg 300w\" sizes=\"auto, (max-width: 600px) 100vw, 600px\" \/><figcaption><em>Tango contaminado<\/em>, del Quinteto Negro La Boca<br><\/figcaption><\/figure>\n\n\n\n<p class=\"wp-block-paragraph\">Dice el bandoneonista Pablo Bernaba:<\/p>\n\n\n\n<p class=\"has-drop-cap wp-block-paragraph\">Es nuestro primer disco, un material formado en su gran mayor\u00eda por cl\u00e1sicos del tango y solamente dos temas propios, \u201cMaradoneando\u201d y \u201cTango Para Guevara\u201d. Es un disco muy artesanal que tiene toda la inexperiencia y las expectativas de un primer lanzamiento. Viendo con el ojo de hoy, creo que fue un buen puntapi\u00e9 inicial, un disco con mucha polenta y tambi\u00e9n con varias falencias y con un esp\u00edritu bastante tradicional. Con un t\u00edtulo, <em>Tango Contaminado<\/em>, que no corresponde tanto con la m\u00fasica que suena all\u00ed pero s\u00ed que ser\u00eda premonitorio para lo que vendr\u00eda despu\u00e9s en la historia de QNLB. Es decir, en este disco todav\u00eda no estaba la impronta de cruces y de tensi\u00f3n est\u00e9tico-pol\u00edtica que vendr\u00eda despu\u00e9s pero s\u00ed fue un disco necesario para sentar los cimientos del QNLB, plantar bandera como se suele decir, y partir de ah\u00ed empezar a caminar otros caminos\u00bb.<\/p>\n\n\n\n<p class=\"wp-block-paragraph\">De <em>Tango contaminado<\/em>, Bernaba comparte <strong>\u00abMaradoneando\u00bb<\/strong>.<\/p>\n\n\n\n<iframe loading=\"lazy\" width=\"600\" height=\"355\" src=\"https:\/\/www.youtube.com\/embed\/QRlkhkZLa9I\" frameborder=\"0\" allow=\"accelerometer; autoplay; encrypted-media; gyroscope; picture-in-picture\" allowfullscreen=\"\"><\/iframe>\n\n\n\n<p class=\"wp-block-paragraph\"><\/p>\n\n\n\n<p style=\"color:#ff0004;font-size:80px;text-align:left\" class=\"has-text-color wp-block-paragraph\"><strong>8<\/strong><\/p>\n\n\n\n<p style=\"color:#ff0004\" class=\"has-text-color wp-block-paragraph\"><strong>Viviana Scarlassa y el disco <em>En carne propia<\/em>:<br><\/strong><\/p>\n\n\n\n<p class=\"wp-block-paragraph\" style=\"font-size:30px\"><strong>\u00abFue una bisagra en mi carrera\u00bb<\/strong><\/p>\n\n\n\n<figure class=\"wp-block-image\"><img loading=\"lazy\" decoding=\"async\" width=\"600\" height=\"400\" src=\"https:\/\/www.fracturaexpuesta.com.ar\/tango\/wp-content\/uploads\/viviana-scarlassa-en-carne-propia.jpg\" alt=\"\" class=\"wp-image-4105\" srcset=\"https:\/\/www.fracturaexpuesta.com.ar\/tango\/wp-content\/uploads\/viviana-scarlassa-en-carne-propia.jpg 600w, https:\/\/www.fracturaexpuesta.com.ar\/tango\/wp-content\/uploads\/viviana-scarlassa-en-carne-propia-300x200.jpg 300w\" sizes=\"auto, (max-width: 600px) 100vw, 600px\" \/><figcaption><em>En carne propia<\/em>, de Viviana Scarlassa<br><\/figcaption><\/figure>\n\n\n\n<p class=\"wp-block-paragraph\">Recuerda la cantante Viviana Scarlassa:<\/p>\n\n\n\n<p class=\"has-drop-cap wp-block-paragraph\">Reci\u00e9n hab\u00eda terminado de grabar Camino, mi primer CD para el cual contaba con ciertos ahorros y nada de experiencia. Al finalizar el proceso hab\u00eda aprendido tanto que dije \u201cahora tendr\u00eda que empezar de nuevo\u201d pero ten\u00eda la experiencia y cero peso. Decid\u00ed alquilar mi casa para turistas una temporada, dormir en el sof\u00e1 de mi vieja un tiempo, ahorrar y grabar de nuevo. Una amiga me dijo \u2018\u00bfEst\u00e1s loca? Yo te ayudo\u2019. Y as\u00ed fue como naci\u00f3 este disco con la producci\u00f3n de Claudia Grinberg. Para m\u00ed fue una bisagra en mi carrera. Lo hab\u00eda postulado t\u00edmidamente para Mejor Artista Nuevo en los Premios Gardel, categor\u00eda que correspond\u00eda hasta un segundo trabajo y fue muy grande mi sorpresa cuando result\u00e9 nominada y adem\u00e1s como Mejor Artista Femenina de Tango, categor\u00eda por la que desfilaron Susana Rinaldi, Mar\u00eda Gra\u00f1a, Lidia Borda. En fin, fue muy gratificante y gracias a eso viv\u00ed cosas muy hermosas. El disco se agot\u00f3 r\u00e1pidamente y much\u00edsimos medios locales e internacionales lo rese\u00f1aron. Es un disco que quiero much\u00edsimo y que afortunadamente sigue sonando\u00bb.<\/p>\n\n\n\n<p class=\"wp-block-paragraph\">De <em>En carne propia<\/em>, Scarlassa eligi\u00f3 <strong>\u00abGarras\u00bb<\/strong>.<\/p>\n\n\n\n<iframe loading=\"lazy\" width=\"600\" height=\"355\" src=\"https:\/\/www.youtube.com\/embed\/j9W6Yj7pfLY\" frameborder=\"0\" allow=\"accelerometer; autoplay; encrypted-media; gyroscope; picture-in-picture\" allowfullscreen=\"\"><\/iframe>\n\n\n\n<p class=\"wp-block-paragraph\"><\/p>\n\n\n\n<p style=\"color:#ff0004;font-size:80px\" class=\"has-text-color wp-block-paragraph\"><strong>9<\/strong><\/p>\n\n\n\n<p style=\"color:#ff0004\" class=\"has-text-color wp-block-paragraph\"><strong>Juan Pablo Navarro y <em>Contratangos<\/em>:<\/strong><\/p>\n\n\n\n<p class=\"wp-block-paragraph\" style=\"font-size:30px\"><strong>\u00abEs un fiel reflejo de mi personalidad musical\u00bb<\/strong><\/p>\n\n\n\n<figure class=\"wp-block-image\"><img loading=\"lazy\" decoding=\"async\" width=\"600\" height=\"400\" src=\"https:\/\/www.fracturaexpuesta.com.ar\/tango\/wp-content\/uploads\/juan-pablo-navarro-contratangos.jpg\" alt=\"\" class=\"wp-image-4106\" srcset=\"https:\/\/www.fracturaexpuesta.com.ar\/tango\/wp-content\/uploads\/juan-pablo-navarro-contratangos.jpg 600w, https:\/\/www.fracturaexpuesta.com.ar\/tango\/wp-content\/uploads\/juan-pablo-navarro-contratangos-300x200.jpg 300w\" sizes=\"auto, (max-width: 600px) 100vw, 600px\" \/><figcaption><em>Contatangos<\/em>, de Juan Pablo Navarro<\/figcaption><\/figure>\n\n\n\n<p class=\"wp-block-paragraph\">Afirma el contrabajista:<\/p>\n\n\n\n<p class=\"has-drop-cap wp-block-paragraph\">Refleja una \u00e9poca rica en nuevas m\u00fasicas, muchas originadas a trav\u00e9s del colectivo TangoContempo. <em>Contratangos<\/em> es mi primer trabajo como solista, es un cuadro fiel de mi personalidad musical. Se pueden escuchar diversos paisajes sonoros con una marcada impronta tangu\u00edstica aunque tambi\u00e9n hay acercamientos al jazz y a la m\u00fasica erudita pero siempre privilegiando la espontaneidad de la m\u00fasica popular. Tuve la suerte de que colaboraran prestigiosos m\u00fasicos y compositores como el bandoneonista N\u00e9stor Marconi, los pianistas Juan Carlos Cirigliano, Nicol\u00e1s Guerschberg, Abel Rogantini, Diego Schissi, Cristian Z\u00e1rate, Juan Esteban Cuacci y el guitarrista Esteban Falabella\u00bb.<\/p>\n\n\n\n<p class=\"wp-block-paragraph\">De <em>Contratangos<\/em>, Navarro escoge <strong>\u00abContratango\u00bb<\/strong>.<\/p>\n\n\n\n<iframe loading=\"lazy\" width=\"600\" height=\"355\" src=\"https:\/\/www.youtube.com\/embed\/Uwx_Vf-HMiM\" frameborder=\"0\" allow=\"accelerometer; autoplay; encrypted-media; gyroscope; picture-in-picture\" allowfullscreen=\"\"><\/iframe>\n\n\n\n<p class=\"wp-block-paragraph\"><\/p>\n\n\n\n<p style=\"color:#ff0004;font-size:80px\" class=\"has-text-color wp-block-paragraph\"><strong>10<\/strong><\/p>\n\n\n\n<p style=\"color:#ff0004\" class=\"has-text-color wp-block-paragraph\"><strong>Jorge Retamoza y el disco <em>Vientos de tango<\/em>:<\/strong><\/p>\n\n\n\n<p class=\"wp-block-paragraph\" style=\"font-size:30px\"><strong>\u00abUna producci\u00f3n querida pues comienzo a definir el perfil sonoro del cuarteto\u00bb<\/strong><\/p>\n\n\n\n<figure class=\"wp-block-image\"><img loading=\"lazy\" decoding=\"async\" width=\"600\" height=\"400\" src=\"https:\/\/www.fracturaexpuesta.com.ar\/tango\/wp-content\/uploads\/jorge-retamoza-vientos-de-tango.jpg\" alt=\"\" class=\"wp-image-4107\" srcset=\"https:\/\/www.fracturaexpuesta.com.ar\/tango\/wp-content\/uploads\/jorge-retamoza-vientos-de-tango.jpg 600w, https:\/\/www.fracturaexpuesta.com.ar\/tango\/wp-content\/uploads\/jorge-retamoza-vientos-de-tango-300x200.jpg 300w\" sizes=\"auto, (max-width: 600px) 100vw, 600px\" \/><figcaption><em>Vientos de tango<\/em>, de Jorge Retamoza<br><\/figcaption><\/figure>\n\n\n\n<p class=\"wp-block-paragraph\">Cuenta el saxofonista:<\/p>\n\n\n\n<p class=\"has-drop-cap wp-block-paragraph\">V<em>ientos de tango<\/em> es un disco que me permiti\u00f3 compartir un proyecto con los integrantes del grupo y una selecci\u00f3n de notables m\u00fasicos invitados: vientistas (trompeta, saxos varios, arm\u00f3nica), guitarra, percusi\u00f3n, vibr\u00e1fono, adem\u00e1s de una orquesta de cuerdas en un par de temas y cantante. Es una producci\u00f3n querida pues comienzo a definir el perfil sonoro del cuarteto al utilizar el saxo bar\u00edtono casi en exclusividad y retomo la l\u00ednea m\u00e1s contempor\u00e1nea de composici\u00f3n en varios temas: \u00abPolaroid\u00bb, \u00abMayo\u00bb, \u00abRepetici\u00f3n\u00bb o \u00abTango Alocado\u00bb. Con este disco gir\u00e9 un par de veces por Europa y realic\u00e9 la primera gira a Estados Unidos, present\u00e1ndolo en una serie de conciertos muy emotivos\u00bb.<\/p>\n\n\n\n<p class=\"wp-block-paragraph\">De <em>Vientos de tango<\/em>, Retamoza elige <strong>\u00abVientos de tango\u00bb<\/strong>.<\/p>\n\n\n\n<iframe loading=\"lazy\" width=\"600\" height=\"355\" src=\"https:\/\/www.youtube.com\/embed\/e8-iUO8BcZo\" frameborder=\"0\" allow=\"accelerometer; autoplay; encrypted-media; gyroscope; picture-in-picture\" allowfullscreen=\"\"><\/iframe>\n\n\n\n<p class=\"wp-block-paragraph\"><\/p>\n","protected":false},"excerpt":{"rendered":"<p>Segunda entrega de la selecci\u00f3n de 10 discos de tango que celebran una d\u00e9cada de vida. La palabra de sus protagonistas y la mirada sobre sus obras.<\/p>\n","protected":false},"author":1,"featured_media":4101,"comment_status":"open","ping_status":"open","sticky":false,"template":"","format":"standard","meta":{"footnotes":""},"categories":[3],"tags":[32,118,172,112,302,121],"class_list":["post-4100","post","type-post","status-publish","format-standard","has-post-thumbnail","hentry","category-noticias","tag-featured","tag-jorge-retamoza","tag-juan-pablo-navarro","tag-quinteto-negro-la-boca","tag-sonia-possetti","tag-viviana-scarlassa"],"_links":{"self":[{"href":"https:\/\/www.fracturaexpuesta.com.ar\/tango\/wp-json\/wp\/v2\/posts\/4100","targetHints":{"allow":["GET"]}}],"collection":[{"href":"https:\/\/www.fracturaexpuesta.com.ar\/tango\/wp-json\/wp\/v2\/posts"}],"about":[{"href":"https:\/\/www.fracturaexpuesta.com.ar\/tango\/wp-json\/wp\/v2\/types\/post"}],"author":[{"embeddable":true,"href":"https:\/\/www.fracturaexpuesta.com.ar\/tango\/wp-json\/wp\/v2\/users\/1"}],"replies":[{"embeddable":true,"href":"https:\/\/www.fracturaexpuesta.com.ar\/tango\/wp-json\/wp\/v2\/comments?post=4100"}],"version-history":[{"count":15,"href":"https:\/\/www.fracturaexpuesta.com.ar\/tango\/wp-json\/wp\/v2\/posts\/4100\/revisions"}],"predecessor-version":[{"id":4123,"href":"https:\/\/www.fracturaexpuesta.com.ar\/tango\/wp-json\/wp\/v2\/posts\/4100\/revisions\/4123"}],"wp:featuredmedia":[{"embeddable":true,"href":"https:\/\/www.fracturaexpuesta.com.ar\/tango\/wp-json\/wp\/v2\/media\/4101"}],"wp:attachment":[{"href":"https:\/\/www.fracturaexpuesta.com.ar\/tango\/wp-json\/wp\/v2\/media?parent=4100"}],"wp:term":[{"taxonomy":"category","embeddable":true,"href":"https:\/\/www.fracturaexpuesta.com.ar\/tango\/wp-json\/wp\/v2\/categories?post=4100"},{"taxonomy":"post_tag","embeddable":true,"href":"https:\/\/www.fracturaexpuesta.com.ar\/tango\/wp-json\/wp\/v2\/tags?post=4100"}],"curies":[{"name":"wp","href":"https:\/\/api.w.org\/{rel}","templated":true}]}}