{"id":4125,"date":"2020-12-11T00:02:22","date_gmt":"2020-12-11T00:02:22","guid":{"rendered":"http:\/\/www.fracturaexpuesta.com.ar\/tango\/?p=4125"},"modified":"2020-12-11T12:41:28","modified_gmt":"2020-12-11T12:41:28","slug":"gardel-el-sublime","status":"publish","type":"post","link":"https:\/\/www.fracturaexpuesta.com.ar\/tango\/gardel-el-sublime\/","title":{"rendered":"Gardel, el sublime"},"content":{"rendered":"\n<p class=\"wp-block-paragraph\"><a rel=\"noreferrer noopener\" aria-label=\"Doble A (abre en una nueva pesta\u00f1a)\" href=\"http:\/\/www.fracturaexpuesta.com.ar\/doblearadio\/\" target=\"_blank\"><em>Doble A<\/em><\/a> presenta un <strong>nuevo especial radial que recorre el arte y la palabra de un protagonista fundamental del tango<\/strong>.<\/p>\n\n\n\n<p class=\"wp-block-paragraph\">Gardel es tal vez la figura mitol\u00f3gica m\u00e1s importante del tango. Su aura, su caudal art\u00edstico, no dejan de desprender ondas magn\u00e9ticas que impactan sobre cualquier incauto que se encuentra con su voz.<\/p>\n\n\n\n<p class=\"wp-block-paragraph\">Como un hechicero, sus melod\u00edas pueden reactivar las fibras m\u00e1s endurecidas de cualquier m\u00fasculo humano. Y quiz\u00e1s de cualquier ser viviente de todo este ecosistema terr\u00e1queo.<\/p>\n\n\n\n<figure class=\"wp-block-image\"><img loading=\"lazy\" decoding=\"async\" width=\"1000\" height=\"667\" src=\"https:\/\/www.fracturaexpuesta.com.ar\/tango\/wp-content\/uploads\/gardel-5.jpg\" alt=\"\" class=\"wp-image-2408\" srcset=\"https:\/\/www.fracturaexpuesta.com.ar\/tango\/wp-content\/uploads\/gardel-5.jpg 1000w, https:\/\/www.fracturaexpuesta.com.ar\/tango\/wp-content\/uploads\/gardel-5-300x200.jpg 300w, https:\/\/www.fracturaexpuesta.com.ar\/tango\/wp-content\/uploads\/gardel-5-768x512.jpg 768w\" sizes=\"auto, (max-width: 1000px) 100vw, 1000px\" \/><figcaption>FOTOGALERIA. <a rel=\"noreferrer noopener\" aria-label=\"Carlos Gardel: Tumbas de la gloria (abre en una nueva pesta\u00f1a)\" href=\"https:\/\/www.fracturaexpuesta.com.ar\/tango\/index.php\/2018\/12\/11\/fotogaleria-carlos-gardel-tumbas-de-la-gloria-parte-3\/\" target=\"_blank\"><em>Carlos Gardel: Tumbas de la gloria<\/em><\/a><\/figcaption><\/figure>\n\n\n\n<p class=\"wp-block-paragraph\">\u201cY si, es Gardel\u201d. As\u00ed dicen las lenguas cuando quieren pronunciar algo de lo sublime. Gardel y lo sublime pueden ir tranquilamente de la mano.<br><\/p>\n\n\n\n<p class=\"wp-block-paragraph\">Escuch\u00e1 el especial de <em>Doble A<\/em> dedicado a Carlos Gardel.<\/p>\n\n\n\n<iframe id=\"audio_52631160\" frameborder=\"0\" allowfullscreen=\"\" scrolling=\"no\" height=\"200\" src=\"https:\/\/ar.ivoox.com\/es\/player_ej_52631160_4_1.html?c1=ffc700\" style=\"border:1px solid #EEE; box-sizing:border-box; width:100%;\"><\/iframe>\n\n\n\n<p class=\"wp-block-paragraph\"><\/p>\n","protected":false},"excerpt":{"rendered":"<p>Un nuevo especial de Doble A, la radio online de Fractura Expuesta. Escuch\u00e1.<\/p>\n","protected":false},"author":1,"featured_media":4126,"comment_status":"open","ping_status":"open","sticky":false,"template":"","format":"standard","meta":{"footnotes":""},"categories":[298,3],"tags":[163,292,32],"class_list":["post-4125","post","type-post","status-publish","format-standard","has-post-thumbnail","hentry","category-doble-a","category-noticias","tag-carlos-gardel","tag-doble-a","tag-featured"],"_links":{"self":[{"href":"https:\/\/www.fracturaexpuesta.com.ar\/tango\/wp-json\/wp\/v2\/posts\/4125","targetHints":{"allow":["GET"]}}],"collection":[{"href":"https:\/\/www.fracturaexpuesta.com.ar\/tango\/wp-json\/wp\/v2\/posts"}],"about":[{"href":"https:\/\/www.fracturaexpuesta.com.ar\/tango\/wp-json\/wp\/v2\/types\/post"}],"author":[{"embeddable":true,"href":"https:\/\/www.fracturaexpuesta.com.ar\/tango\/wp-json\/wp\/v2\/users\/1"}],"replies":[{"embeddable":true,"href":"https:\/\/www.fracturaexpuesta.com.ar\/tango\/wp-json\/wp\/v2\/comments?post=4125"}],"version-history":[{"count":11,"href":"https:\/\/www.fracturaexpuesta.com.ar\/tango\/wp-json\/wp\/v2\/posts\/4125\/revisions"}],"predecessor-version":[{"id":4658,"href":"https:\/\/www.fracturaexpuesta.com.ar\/tango\/wp-json\/wp\/v2\/posts\/4125\/revisions\/4658"}],"wp:featuredmedia":[{"embeddable":true,"href":"https:\/\/www.fracturaexpuesta.com.ar\/tango\/wp-json\/wp\/v2\/media\/4126"}],"wp:attachment":[{"href":"https:\/\/www.fracturaexpuesta.com.ar\/tango\/wp-json\/wp\/v2\/media?parent=4125"}],"wp:term":[{"taxonomy":"category","embeddable":true,"href":"https:\/\/www.fracturaexpuesta.com.ar\/tango\/wp-json\/wp\/v2\/categories?post=4125"},{"taxonomy":"post_tag","embeddable":true,"href":"https:\/\/www.fracturaexpuesta.com.ar\/tango\/wp-json\/wp\/v2\/tags?post=4125"}],"curies":[{"name":"wp","href":"https:\/\/api.w.org\/{rel}","templated":true}]}}