{"id":4133,"date":"2020-07-01T01:37:04","date_gmt":"2020-07-01T01:37:04","guid":{"rendered":"http:\/\/www.fracturaexpuesta.com.ar\/tango\/?p=4133"},"modified":"2020-07-01T01:37:13","modified_gmt":"2020-07-01T01:37:13","slug":"el-cantor-rodrigo-perelsztein-conto-como-fue-la-muerte-de-su-padre-por-coronavirus","status":"publish","type":"post","link":"https:\/\/www.fracturaexpuesta.com.ar\/tango\/el-cantor-rodrigo-perelsztein-conto-como-fue-la-muerte-de-su-padre-por-coronavirus\/","title":{"rendered":"El cantor Rodrigo Perelsztein cont\u00f3 c\u00f3mo fue la muerte de su padre por coronavirus"},"content":{"rendered":"\n<p class=\"wp-block-paragraph\">\u201cSe muri\u00f3 mi viejo por Covid\u201d. As\u00ed comienza el texto que escribi\u00f3 el cantor Rodrigo Perelsztein para contar <strong>la triste partida de Mauricio, su padre de 79 a\u00f1os<\/strong>, que se contagi\u00f3 de coronavirus.<\/p>\n\n\n\n<p class=\"wp-block-paragraph\">Perelsztein aclar\u00f3 que hizo p\u00fablico el texto \u201cpara que<strong> tomen dimensi\u00f3n de lo que estamos viviendo<\/strong>\u201d y llam\u00f3 a \u201ccuidarse y quedarse en sus casas y seguir haciendo el esfuerzo\u201d.<\/p>\n\n\n\n<p class=\"wp-block-paragraph\">El cantor relat\u00f3 la experiencia de tener a su familiar internado y aislado, sin posibilidades de visitarlo y con pocas chances de hacer un seguimiento m\u00e1s cercano. \u201cNo lo pude volver a ver, el cuadro se fue agravando r\u00e1pidamente y desarroll\u00f3 una neumon\u00eda bilateral, <strong>transcurridos 14 d\u00edas falleci\u00f3<\/strong>\u201d, cont\u00f3 Perelsztein sobre su padre que \u201c<strong>era hipertenso pero sin otros problemas<\/strong> m\u00e1s que los de la edad misma\u201d.<\/p>\n\n\n\n<figure class=\"wp-block-image\"><img loading=\"lazy\" decoding=\"async\" width=\"817\" height=\"604\" src=\"https:\/\/www.fracturaexpuesta.com.ar\/tango\/wp-content\/uploads\/rodrigo-Perelsztein-1-e1593566915136.jpg\" alt=\"\" class=\"wp-image-4136\" srcset=\"https:\/\/www.fracturaexpuesta.com.ar\/tango\/wp-content\/uploads\/rodrigo-Perelsztein-1-e1593566915136.jpg 817w, https:\/\/www.fracturaexpuesta.com.ar\/tango\/wp-content\/uploads\/rodrigo-Perelsztein-1-e1593566915136-300x222.jpg 300w, https:\/\/www.fracturaexpuesta.com.ar\/tango\/wp-content\/uploads\/rodrigo-Perelsztein-1-e1593566915136-768x568.jpg 768w\" sizes=\"auto, (max-width: 817px) 100vw, 817px\" \/><figcaption>\u00abNo le deseo a nadie que le digan que ya no hay cama\u00bb. (Foto gentileza Sala Zitarrosa)<\/figcaption><\/figure>\n\n\n\n<p class=\"wp-block-paragraph\">\u201c<strong>Yo estuve aislado en mi casa, sin s\u00edntomas, morf\u00e1ndome la angustia<\/strong>, esperando un llamado diario del hospital para que los m\u00e9dicos me contaran c\u00f3mo la cosa se iba complicando\u201d, prosigui\u00f3 el cantor del Sexteto Fantasma.<\/p>\n\n\n\n<p class=\"wp-block-paragraph\">Y aclar\u00f3: \u201c\u00bfPor qu\u00e9 decido compartir esto por ac\u00e1? <strong>Mi viejo tuvo la chance de ser atendido en un hospital, de tener una cama en terapia intensiva y todo el sost\u00e9n posible<\/strong>, entendamos que realmente no hay tratamiento para el Covid. El cuerpo no le aguant\u00f3 m\u00e1s pero tuvo la chance\u201d.<\/p>\n\n\n\n<p class=\"wp-block-paragraph\">Hacia el final, Perelsztein alert\u00f3 sobre las consecuencias de no tomar dimensi\u00f3n de lo que podr\u00eda ser <strong>una escalada mayor de la enfermedad<\/strong> y su impacto en el cuidado de los infectados.<\/p>\n\n\n\n<p class=\"wp-block-paragraph\">\u201cSi seguimos en esta senda, si no logramos contener los contagios, vamos a llegar a la instancia de quedarnos sin camas de terapia. <strong>No le deseo a nadie encontrarse en la situaci\u00f3n en la que te digan que ya no hay cama<\/strong>, que ya no hay respirador, que tu familiar, amigo o lo que sea no va a tener ni la chance de pelearla. No se lo deseo ni a los alienados que salen a marchar contra la cuarentena, el 5G y el nuevo orden mundial\u201d, concluy\u00f3.<\/p>\n","protected":false},"excerpt":{"rendered":"<p>En un texto que comparti\u00f3 a trav\u00e9s de su cuenta de Facebook, el cantor de tango llam\u00f3 a reflexionar sobre el cuidado en tiempos de pandemia.<\/p>\n","protected":false},"author":1,"featured_media":4134,"comment_status":"open","ping_status":"open","sticky":false,"template":"","format":"standard","meta":{"footnotes":""},"categories":[3],"tags":[32,303,255],"class_list":["post-4133","post","type-post","status-publish","format-standard","has-post-thumbnail","hentry","category-noticias","tag-featured","tag-rodrigo-perelsztein","tag-sexteto-fantasma"],"_links":{"self":[{"href":"https:\/\/www.fracturaexpuesta.com.ar\/tango\/wp-json\/wp\/v2\/posts\/4133","targetHints":{"allow":["GET"]}}],"collection":[{"href":"https:\/\/www.fracturaexpuesta.com.ar\/tango\/wp-json\/wp\/v2\/posts"}],"about":[{"href":"https:\/\/www.fracturaexpuesta.com.ar\/tango\/wp-json\/wp\/v2\/types\/post"}],"author":[{"embeddable":true,"href":"https:\/\/www.fracturaexpuesta.com.ar\/tango\/wp-json\/wp\/v2\/users\/1"}],"replies":[{"embeddable":true,"href":"https:\/\/www.fracturaexpuesta.com.ar\/tango\/wp-json\/wp\/v2\/comments?post=4133"}],"version-history":[{"count":4,"href":"https:\/\/www.fracturaexpuesta.com.ar\/tango\/wp-json\/wp\/v2\/posts\/4133\/revisions"}],"predecessor-version":[{"id":4139,"href":"https:\/\/www.fracturaexpuesta.com.ar\/tango\/wp-json\/wp\/v2\/posts\/4133\/revisions\/4139"}],"wp:featuredmedia":[{"embeddable":true,"href":"https:\/\/www.fracturaexpuesta.com.ar\/tango\/wp-json\/wp\/v2\/media\/4134"}],"wp:attachment":[{"href":"https:\/\/www.fracturaexpuesta.com.ar\/tango\/wp-json\/wp\/v2\/media?parent=4133"}],"wp:term":[{"taxonomy":"category","embeddable":true,"href":"https:\/\/www.fracturaexpuesta.com.ar\/tango\/wp-json\/wp\/v2\/categories?post=4133"},{"taxonomy":"post_tag","embeddable":true,"href":"https:\/\/www.fracturaexpuesta.com.ar\/tango\/wp-json\/wp\/v2\/tags?post=4133"}],"curies":[{"name":"wp","href":"https:\/\/api.w.org\/{rel}","templated":true}]}}