{"id":4148,"date":"2020-07-03T18:01:39","date_gmt":"2020-07-03T18:01:39","guid":{"rendered":"http:\/\/www.fracturaexpuesta.com.ar\/tango\/?p=4148"},"modified":"2020-09-17T14:10:42","modified_gmt":"2020-09-17T14:10:42","slug":"el-tango-pelea-por-el-oro-conoce-a-todos-los-nominados-para-los-premios-gardel-2020","status":"publish","type":"post","link":"https:\/\/www.fracturaexpuesta.com.ar\/tango\/el-tango-pelea-por-el-oro-conoce-a-todos-los-nominados-para-los-premios-gardel-2020\/","title":{"rendered":"El tango pelea por el oro: conoc\u00e9 a todos los nominados para los Premios Gardel 2020"},"content":{"rendered":"\n<p class=\"wp-block-paragraph\">Se anunciaron recientemente los artistas y grupos de tango que formar\u00e1n parte de la nueva entrega de los Premios Gardel 2020.<\/p>\n\n\n\n<p class=\"wp-block-paragraph\">En esta nueva edici\u00f3n, la novedad es que <strong>el tango ha logrado ocupar un lugar en las principales categor\u00edas<\/strong> y llega a competir por el <strong>Gardel de oro<\/strong>. <\/p>\n\n\n\n<p class=\"wp-block-paragraph\"><em><a rel=\"noreferrer noopener\" aria-label=\"Utop\u00eda, el material conjunto de Pedro Aznar y el violinista Ramiro Gallo (abre en una nueva pesta\u00f1a)\" href=\"https:\/\/www.fracturaexpuesta.com.ar\/tango\/index.php\/2020\/01\/12\/aznar-y-gallo-una-aventura-creativa-en-sintonia-de-tango\/\" target=\"_blank\">Utop\u00eda<\/a><\/em><a rel=\"noreferrer noopener\" aria-label=\"Utop\u00eda, el material conjunto de Pedro Aznar y el violinista Ramiro Gallo (abre en una nueva pesta\u00f1a)\" href=\"https:\/\/www.fracturaexpuesta.com.ar\/tango\/index.php\/2020\/01\/12\/aznar-y-gallo-una-aventura-creativa-en-sintonia-de-tango\/\" target=\"_blank\">, el material conjunto de Pedro Aznar y el violinista Ramiro Gallo,<\/a> pudo posicionarse como \u00abDisco del a\u00f1o\u00bb y obtener tambi\u00e9n una nominaci\u00f3n en la categor\u00eda \u00abCanci\u00f3n del a\u00f1o\u00bb con \u00abQu\u00e9date\u00bb.<\/p>\n\n\n\n<figure class=\"wp-block-image\"><img loading=\"lazy\" decoding=\"async\" width=\"849\" height=\"604\" src=\"https:\/\/www.fracturaexpuesta.com.ar\/tango\/wp-content\/uploads\/aznar-gallo-maria-horton-2.jpg\" alt=\"\" class=\"wp-image-3651\" srcset=\"https:\/\/www.fracturaexpuesta.com.ar\/tango\/wp-content\/uploads\/aznar-gallo-maria-horton-2.jpg 849w, https:\/\/www.fracturaexpuesta.com.ar\/tango\/wp-content\/uploads\/aznar-gallo-maria-horton-2-300x213.jpg 300w, https:\/\/www.fracturaexpuesta.com.ar\/tango\/wp-content\/uploads\/aznar-gallo-maria-horton-2-768x546.jpg 768w\" sizes=\"auto, (max-width: 849px) 100vw, 849px\" \/><figcaption>Aznar y Gallo compiten por el Gardel de oro con su disco de tango <em>Utop\u00eda.<\/em><\/figcaption><\/figure>\n\n\n\n<p class=\"wp-block-paragraph\">La 22\u00ba entrega tendr\u00e1 adem\u00e1s cambios en su agrupamiento de artistas. Para este a\u00f1o, la C\u00e1mara Argentina de Productores de Fonogramas y Videogramas (CAPIF) decidi\u00f3 <strong>no distinguir entre masculino y femenino<\/strong> y as\u00ed unificar a todos en una misma categor\u00eda.<\/p>\n\n\n\n<p class=\"wp-block-paragraph\">\u00abLos Premios Gardel no tendr\u00e1n m\u00e1s la segmentaci\u00f3n masculino \/ femenino en sus categor\u00edas. Porque <strong>no importa qu\u00e9 identidad de g\u00e9nero elija cada uno<\/strong>, la m\u00fasica es una y nos une\u00bb, explicaron los organizadores.<\/p>\n\n\n\n<iframe loading=\"lazy\" src=\"https:\/\/www.facebook.com\/plugins\/post.php?href=https%3A%2F%2Fwww.facebook.com%2Framiro.gallo.18%2Fposts%2F3335233786521065&#038;width=500\" width=\"500\" height=\"752\" style=\"border:none;overflow:hidden\" scrolling=\"no\" frameborder=\"0\" allowTransparency=\"true\" allow=\"encrypted-media\"><\/iframe>\n\n\n\n<p class=\"wp-block-paragraph\">La premiaci\u00f3n se transmitir\u00e1 <strong>en septiembre por la pantalla de TNT<\/strong> y en simult\u00e1neo por <strong>Radio Nacional AM 870 y RAE<\/strong> (Radiodifusi\u00f3n Argentina al Exterior), por segundo a\u00f1o consecutivo.<\/p>\n\n\n\n<p class=\"wp-block-paragraph\">A continuaci\u00f3n, los nominados en las categor\u00edas de tango.<\/p>\n\n\n\n<p style=\"color:#ff0000;font-size:30px\" class=\"has-text-color wp-block-paragraph\"><strong>Mejor \u00e1lbum artista de tango<\/strong><\/p>\n\n\n\n<ul class=\"wp-block-list\"><li>Omar Mollo (<em>Embretao: tango y milonga<\/em>)<\/li><li>Bernardo Baraj (<em>Tu alegre coraz\u00f3n<\/em>)<\/li><li>Sandra Luna (<em>Inmensidad<\/em>)<\/li><li>Hern\u00e1n Lucero (<em>Casualmente<\/em>) <\/li><li>Marisa V\u00e1zquez (<em>Arde<\/em>)<\/li><li>Juan Lorenzo (<em>Tango en el coraz\u00f3n del monstruo<\/em>)<\/li><li>Mirta \u00c1lvarez (<em>M\u00fasica argentina<\/em>)<\/li><li>Max Aguirre (<em>Terco<\/em>)<\/li><\/ul>\n\n\n\n<p style=\"color:#ff0000;font-size:30px\" class=\"has-text-color wp-block-paragraph\"><strong>Mejor \u00e1lbum orquesta y\/o grupo de tango y\/o instrumental<\/strong><\/p>\n\n\n\n<ul class=\"wp-block-list\"><li>C\u00e9sar Angeleri Cuarteto (<em>Punto de partida<\/em>)<\/li><li> Dyango y Juanjo Dom\u00ednguez (<em>Una tarde en Buenos Aires<\/em>)<\/li><li> Esteban Morgado Cuarteto (<em>20 a\u00f1os<\/em>) <\/li><li> V\u00edctor Lavall\u00e9n, Pablo Estigarribia y Horacio Cabarcos (<em>Comme il faut<\/em>)<\/li><li> Hugo Rivas Cuarteto (<em>Abriendo caminos<\/em>)<\/li><li> Leda Torres (<em>Carlos Garc\u00eda reinterpretado<\/em>)<\/li><li> Lunfarda Orquesta T\u00edpica (<em>Lunfarda orquesta t\u00edpica<\/em>)<\/li><li> Esteban &amp; Julia Morgado (<em>Eterna y vieja juventud<\/em>)<\/li><\/ul>\n\n\n\n<p style=\"color:#ff0000;font-size:30px\" class=\"has-text-color wp-block-paragraph\"><strong>M\u00e1s&nbsp;nominados&nbsp;tangueros<\/strong><\/p>\n\n\n\n<p class=\"wp-block-paragraph\">Sin entrar en las categor\u00edas espec\u00edficamente tangueras, otros artistas del g\u00e9nero lograron nominaciones para los premios.<\/p>\n\n\n\n<p class=\"wp-block-paragraph\">El cantor <strong>\u00abCucuza\u00bb Castiello<\/strong> participa en la categor\u00eda \u00abMejor \u00e1lbum instrumental\/fusi\u00f3n\/world music\u00bb con su disco <em><strong>Menesunda: Tangolencia Rockera<\/strong><\/em>. Lo mismo sucede con el grupo Bajofondo y su CD <em>Aura<\/em>.<\/p>\n\n\n\n<iframe loading=\"lazy\" width=\"600\" height=\"355\" src=\"https:\/\/www.youtube.com\/embed\/z0mP6oID6rM\" frameborder=\"0\" allow=\"accelerometer; autoplay; encrypted-media; gyroscope; picture-in-picture\" allowfullscreen=\"\"><\/iframe>\n\n\n\n<p class=\"wp-block-paragraph\"><\/p>\n\n\n\n<p class=\"wp-block-paragraph\">En \u00abMejor \u00e1lbum en vivo\u00bb, el contrabajista<strong> Juan Pablo Navarro y su septeto<\/strong> est\u00e1 nominado por su disco <em><strong>Los Dopados &#8211; La m\u00fasica de Juan Carlos Cobi\u00e1n<\/strong>.<\/em><\/p>\n\n\n\n<p class=\"wp-block-paragraph\">En tanto, <strong>Chuecas y locas<\/strong> -el tr\u00edo que conforman las cantantes Mar\u00eda Estela Monti, Claudia Calistro y Dorita Ch\u00e1vez- integran la categor\u00eda \u00abMejor nuevo artista\u00bb con el disco <em><strong>Esencia Piazzolla<\/strong><\/em>.<\/p>\n\n\n\n<p class=\"wp-block-paragraph\">Otros que tambi\u00e9n andan cerca del tango y que competir\u00e1n en distintas categor\u00edas son la pianista <strong>Noelia Sinkunas<\/strong> (<em>New York Sessions<\/em>) y el <strong>D\u00fao Aguirre-Lorenzo<\/strong> (<em>El buen mal<\/em>).<\/p>\n","protected":false},"excerpt":{"rendered":"<p>El tango ocupa este a\u00f1o un lugar en las principales categor\u00edas. Todos los nominados y el disco que disputa el Gardel de oro.<\/p>\n","protected":false},"author":1,"featured_media":4153,"comment_status":"open","ping_status":"open","sticky":false,"template":"","format":"standard","meta":{"footnotes":""},"categories":[3],"tags":[32,193,111],"class_list":["post-4148","post","type-post","status-publish","format-standard","has-post-thumbnail","hentry","category-noticias","tag-featured","tag-premios-gardel","tag-tango"],"_links":{"self":[{"href":"https:\/\/www.fracturaexpuesta.com.ar\/tango\/wp-json\/wp\/v2\/posts\/4148","targetHints":{"allow":["GET"]}}],"collection":[{"href":"https:\/\/www.fracturaexpuesta.com.ar\/tango\/wp-json\/wp\/v2\/posts"}],"about":[{"href":"https:\/\/www.fracturaexpuesta.com.ar\/tango\/wp-json\/wp\/v2\/types\/post"}],"author":[{"embeddable":true,"href":"https:\/\/www.fracturaexpuesta.com.ar\/tango\/wp-json\/wp\/v2\/users\/1"}],"replies":[{"embeddable":true,"href":"https:\/\/www.fracturaexpuesta.com.ar\/tango\/wp-json\/wp\/v2\/comments?post=4148"}],"version-history":[{"count":13,"href":"https:\/\/www.fracturaexpuesta.com.ar\/tango\/wp-json\/wp\/v2\/posts\/4148\/revisions"}],"predecessor-version":[{"id":4420,"href":"https:\/\/www.fracturaexpuesta.com.ar\/tango\/wp-json\/wp\/v2\/posts\/4148\/revisions\/4420"}],"wp:featuredmedia":[{"embeddable":true,"href":"https:\/\/www.fracturaexpuesta.com.ar\/tango\/wp-json\/wp\/v2\/media\/4153"}],"wp:attachment":[{"href":"https:\/\/www.fracturaexpuesta.com.ar\/tango\/wp-json\/wp\/v2\/media?parent=4148"}],"wp:term":[{"taxonomy":"category","embeddable":true,"href":"https:\/\/www.fracturaexpuesta.com.ar\/tango\/wp-json\/wp\/v2\/categories?post=4148"},{"taxonomy":"post_tag","embeddable":true,"href":"https:\/\/www.fracturaexpuesta.com.ar\/tango\/wp-json\/wp\/v2\/tags?post=4148"}],"curies":[{"name":"wp","href":"https:\/\/api.w.org\/{rel}","templated":true}]}}