{"id":4168,"date":"2020-07-06T00:04:51","date_gmt":"2020-07-06T00:04:51","guid":{"rendered":"http:\/\/www.fracturaexpuesta.com.ar\/tango\/?p=4168"},"modified":"2020-07-06T00:07:57","modified_gmt":"2020-07-06T00:07:57","slug":"la-otra-orilla-tango-nocturno-para-fumarse-todo","status":"publish","type":"post","link":"https:\/\/www.fracturaexpuesta.com.ar\/tango\/la-otra-orilla-tango-nocturno-para-fumarse-todo\/","title":{"rendered":"La otra orilla: \u201cTango nocturno para fumarse todo\u201d"},"content":{"rendered":"\n<p class=\"wp-block-paragraph\">Doble A, <strong>la radio online de tango de Fractura Expuesta<\/strong>, pone en el aire un nuevo cap\u00edtulo del segmento <strong><em>La otra orilla<\/em>, el espacio en el que el escritor y ensayista uruguayo Jos\u00e9 Arenas ofrece un panorama del tango creado desde latitudes orientales<\/strong>.<\/p>\n\n\n\n<p class=\"wp-block-paragraph\">Esta vez, Arenas indaga sobre <strong>\u201cTango nocturno para fumarse todo\u201d<\/strong>, con letra del poeta Miguel \u00c1ngel Olivera, m\u00fasica de Gonzalo Irigoyen y Sebasti\u00e1n Mederos e interpretaci\u00f3n del grupo <strong>Sin palabras<\/strong>, en su disco <em>Rosado dulce<\/em>.<\/p>\n\n\n\n<figure class=\"wp-block-image\"><img loading=\"lazy\" decoding=\"async\" width=\"1000\" height=\"667\" src=\"https:\/\/www.fracturaexpuesta.com.ar\/tango\/wp-content\/uploads\/DSC_0194-1-1.jpg\" alt=\"\" class=\"wp-image-4172\" srcset=\"https:\/\/www.fracturaexpuesta.com.ar\/tango\/wp-content\/uploads\/DSC_0194-1-1.jpg 1000w, https:\/\/www.fracturaexpuesta.com.ar\/tango\/wp-content\/uploads\/DSC_0194-1-1-300x200.jpg 300w, https:\/\/www.fracturaexpuesta.com.ar\/tango\/wp-content\/uploads\/DSC_0194-1-1-768x512.jpg 768w\" sizes=\"auto, (max-width: 1000px) 100vw, 1000px\" \/><figcaption>Doble, la radio de tango de Fractura Expuesta. Escuchala <a href=\"http:\/\/www.fracturaexpuesta.com.ar\/doblearadio\/\" target=\"_blank\" rel=\"noreferrer noopener\" aria-label=\"ac\u00e1 (abre en una nueva pesta\u00f1a)\">ac\u00e1<\/a><\/figcaption><\/figure>\n\n\n\n<p class=\"wp-block-paragraph\">Dice Jos\u00e9 en el micro radial: \u201cEn su `Tango nocturno para fumarse todo\u2019, el poeta Miguel \u00c1ngel Olivera da un matiz alternativo a la forma de ser fagocitado por la gayola. <strong>Ahora, el tango cuenta con presos pol\u00edticos y, con eso, introduce algunos elementos que remueven el panorama de las letras<\/strong>. El preso est\u00e1 a consecuencia de una moral \u2018otra\u2019, que no es la de la supervivencia sino que es la de haber intentado romper el sistema con la idea o con la bala y caer, consciente, en la soledad de los pozos dictatoriales, entre la serenidad y la locura\u201d.<\/p>\n\n\n\n<p class=\"wp-block-paragraph\">Arenas va y viene <strong>entre el acervo cl\u00e1sico del tango y el repertorio contempor\u00e1neo<\/strong> y con distintos materiales traza un exhaustivo estudio de la letr\u00edstica tanguera de hoy y la del pasado.<\/p>\n\n\n\n<p class=\"wp-block-paragraph\">Acerca de \u201cTango nocturno para fumarse todo\u201d (2019), agrega: \u201cLa memoria del preso abre un t\u00fanel por el cual escapa hacia un lugar del pasado, un \u2018jam\u00e1s haberse ido\u2019. Ese t\u00fanel de <strong>la memoria es, como el t\u00fanel de una fuga de presos<\/strong>, el espacio por el cual ahora ha de irse el \u00e1nimo del guerrero en presidio. As\u00ed, una y otra vez hasta que el sue\u00f1o ya casi no existe. No hay otro sue\u00f1o que no sea el s\u00edmbolo\u201d.<\/p>\n\n\n\n<p class=\"wp-block-paragraph\">\u201c<strong>Estar en vela es estar vivo<\/strong>, no dejarse ganar por la sombra del pensamiento apagado, por m\u00e1s tortuoso que resulte, pues en esa forma del \u2018indormir\u2019, es que est\u00e1 la seguridad de la salida\u201d, reflexiona Arenas con el material que le ofrece el tango uruguayo.<\/p>\n\n\n\n<p class=\"wp-block-paragraph\">Escuch\u00e1 tambien <em>La otra orilla<\/em> y su cap\u00edtulo m\u00e1s reciente en la programaci\u00f3n de <a rel=\"noreferrer noopener\" aria-label=\"Doble A (abre en una nueva pesta\u00f1a)\" href=\"http:\/\/www.fracturaexpuesta.com.ar\/doblearadio\/\" target=\"_blank\"><em>Doble A<\/em><\/a>.<\/p>\n\n\n\n<iframe loading=\"lazy\" width=\"600\" height=\"355\" src=\"https:\/\/www.youtube.com\/embed\/cJniD5z7xOs\" frameborder=\"0\" allow=\"accelerometer; autoplay; encrypted-media; gyroscope; picture-in-picture\" allowfullscreen><\/iframe>\n\n\n\n<p class=\"wp-block-paragraph\"><\/p>\n","protected":false},"excerpt":{"rendered":"<p>\u00abEl pobre y el bohemio se han identificado con la \u00e9tica, parad\u00f3jicamente impoluta, del &#8216;hermano chorro&#8217; al que cantaba Carlos de la P\u00faa\u00bb. Una nueva entrega del micro radial conducido por Jos\u00e9 Arenas.<\/p>\n","protected":false},"author":1,"featured_media":4169,"comment_status":"open","ping_status":"open","sticky":false,"template":"","format":"standard","meta":{"footnotes":""},"categories":[298],"tags":[292,32,299,300],"class_list":["post-4168","post","type-post","status-publish","format-standard","has-post-thumbnail","hentry","category-doble-a","tag-doble-a","tag-featured","tag-jose-arenas","tag-la-otra-orilla"],"_links":{"self":[{"href":"https:\/\/www.fracturaexpuesta.com.ar\/tango\/wp-json\/wp\/v2\/posts\/4168","targetHints":{"allow":["GET"]}}],"collection":[{"href":"https:\/\/www.fracturaexpuesta.com.ar\/tango\/wp-json\/wp\/v2\/posts"}],"about":[{"href":"https:\/\/www.fracturaexpuesta.com.ar\/tango\/wp-json\/wp\/v2\/types\/post"}],"author":[{"embeddable":true,"href":"https:\/\/www.fracturaexpuesta.com.ar\/tango\/wp-json\/wp\/v2\/users\/1"}],"replies":[{"embeddable":true,"href":"https:\/\/www.fracturaexpuesta.com.ar\/tango\/wp-json\/wp\/v2\/comments?post=4168"}],"version-history":[{"count":5,"href":"https:\/\/www.fracturaexpuesta.com.ar\/tango\/wp-json\/wp\/v2\/posts\/4168\/revisions"}],"predecessor-version":[{"id":4176,"href":"https:\/\/www.fracturaexpuesta.com.ar\/tango\/wp-json\/wp\/v2\/posts\/4168\/revisions\/4176"}],"wp:featuredmedia":[{"embeddable":true,"href":"https:\/\/www.fracturaexpuesta.com.ar\/tango\/wp-json\/wp\/v2\/media\/4169"}],"wp:attachment":[{"href":"https:\/\/www.fracturaexpuesta.com.ar\/tango\/wp-json\/wp\/v2\/media?parent=4168"}],"wp:term":[{"taxonomy":"category","embeddable":true,"href":"https:\/\/www.fracturaexpuesta.com.ar\/tango\/wp-json\/wp\/v2\/categories?post=4168"},{"taxonomy":"post_tag","embeddable":true,"href":"https:\/\/www.fracturaexpuesta.com.ar\/tango\/wp-json\/wp\/v2\/tags?post=4168"}],"curies":[{"name":"wp","href":"https:\/\/api.w.org\/{rel}","templated":true}]}}