{"id":4177,"date":"2020-07-08T19:05:31","date_gmt":"2020-07-08T19:05:31","guid":{"rendered":"http:\/\/www.fracturaexpuesta.com.ar\/tango\/?p=4177"},"modified":"2020-07-18T18:15:50","modified_gmt":"2020-07-18T18:15:50","slug":"pablo-gignoli-intento-transmitir-fuerza-y-compromiso-a-traves-de-la-musica","status":"publish","type":"post","link":"https:\/\/www.fracturaexpuesta.com.ar\/tango\/pablo-gignoli-intento-transmitir-fuerza-y-compromiso-a-traves-de-la-musica\/","title":{"rendered":"Pablo Gignoli: \u00abIntento transmitir fuerza y compromiso a trav\u00e9s de la m\u00fasica\u00bb"},"content":{"rendered":"\n<script data-ad-client=\"ca-pub-2103671489020353\" async src=\"https:\/\/pagead2.googlesyndication.com\/pagead\/js\/adsbygoogle.js\"><\/script>\n\n\n\n<p class=\"wp-block-paragraph\"><strong><em>\u00bfUn disco, un libro, una pel\u00edcula?<\/em><\/strong><\/p>\n\n\n\n<p class=\"wp-block-paragraph\">Una obra musical, <strong>\u201cLa Consagraci\u00f3n de la primavera\u201d<\/strong>, de Igor Stravinsky. Todo George Orwell. Pero <em><strong>Rebeli\u00f3n en la Granja<\/strong><\/em> creo que sintetiza bastante su pensamiento, es muy divertido de leer y tiene frases memorables como \u201ctodos los animales son iguales pero algunos son m\u00e1s iguales que otros\u201d. Lo de la pel\u00edcula es una pregunta dif\u00edcil. Me gusta mucho el cine y voy a elegir tres bastante diferentes. <em><strong>El Viaje de Chihiro<\/strong><\/em>, de Hiyao Miyazaki, por la historia, la imagen y sobre todo por la m\u00fasica -Joe Hisaishi- y la comuni\u00f3n con el dibujo. <em><strong>El \u00c1ngel Exterminador<\/strong><\/em> de Luis Bu\u00f1uel, obra maestra sin lugar a dudas y <em><strong>Par\u00e1sito<\/strong><\/em> de Bong Joon Ho, medio obvio pero la vi unas cuantas veces y es, en dos palabras, im-presionante. <\/p>\n\n\n\n<p class=\"wp-block-paragraph\"><strong><em>\u00bfUn tango imprescindible?<\/em><\/strong><\/p>\n\n\n\n<p class=\"wp-block-paragraph\">\u201cGallo Ciego\u201d,\narreglado por Victor Lavall\u00e9n para la orquesta de Osvaldo Pugliese. Todo est\u00e1\nen ese arreglo y en esa interpretaci\u00f3n.<\/p>\n\n\n\n<p class=\"wp-block-paragraph\"><strong><em>\u00bfQu\u00e9 artista o disco recomienda para conocer lo que suena hoy en el tango?<\/em><\/strong><\/p>\n\n\n\n<p class=\"wp-block-paragraph\">Imposible de responder&nbsp; en un solo artista a un universo en expansi\u00f3n y no quisiera dejar afuera el trabajo de tanta gente que est\u00e1 creando cosas que son realmente originales y valiosas. Hace unos d\u00edas escuch\u00e9 entero, sin pausa y con buenos auriculares, <em><strong>Depredamor,<\/strong><\/em><strong> de Siniestra<\/strong> y me vol\u00f3 la cabeza. Pero hay muchas cosas muy buenas.<\/p>\n\n\n\n<figure class=\"wp-block-image\"><img loading=\"lazy\" decoding=\"async\" width=\"894\" height=\"601\" src=\"https:\/\/www.fracturaexpuesta.com.ar\/tango\/wp-content\/uploads\/pablo-gignoli-philipe-gautier.jpg\" alt=\"\" class=\"wp-image-4185\" srcset=\"https:\/\/www.fracturaexpuesta.com.ar\/tango\/wp-content\/uploads\/pablo-gignoli-philipe-gautier.jpg 894w, https:\/\/www.fracturaexpuesta.com.ar\/tango\/wp-content\/uploads\/pablo-gignoli-philipe-gautier-300x202.jpg 300w, https:\/\/www.fracturaexpuesta.com.ar\/tango\/wp-content\/uploads\/pablo-gignoli-philipe-gautier-768x516.jpg 768w\" sizes=\"auto, (max-width: 894px) 100vw, 894px\" \/><figcaption>\u00abPodr\u00edamos tener mejores calidades de vida\u00bb. (Foto gentileza Philippe Gauthier)<\/figcaption><\/figure>\n\n\n\n<p class=\"wp-block-paragraph\"><strong><em>\u00bfUn referente cl\u00e1sico que no hay que dejar de escuchar?<\/em><\/strong><\/p>\n\n\n\n<p class=\"wp-block-paragraph\">Pedro Laurenz. Hay\nun \u00e1lbum que a m\u00ed me gusta mucho, que es un quinteto tipo el Quinteto Real,\ngrabado en los a\u00f1os 70 cuando Laurenz era ya un hombre grande. Es de un valor\nenorme para entender al g\u00e9nero, por su sonido claro donde podemos escuchar\ntodos los detalles de las voces, ritmos y articulaciones. Y sin muchos\nornamentos.<\/p>\n\n\n\n<p class=\"wp-block-paragraph\"><strong><em>\u00bfC\u00f3mo y cu\u00e1ndo oye m\u00fasica? \u00bfVinilo, CD, mp3 o plataformas digitales?<\/em><\/strong><\/p>\n\n\n\n<p class=\"wp-block-paragraph\">CDs que se introducen por una \u00fanica vez a mi computadora o directamente Youtube.&nbsp; \u00bfCu\u00e1ndo? Cuando hago de comer o alguna tarea dom\u00e9stica o porque tengo que hacer arreglos y escuchar versiones de temas.<\/p>\n\n\n\n<blockquote class=\"wp-block-quote is-layout-flow wp-block-quote-is-layout-flow\"><p>\u00abNo es imprescindible que la gente tenga que trabajar 10 o 12 horas por d\u00eda, eso es la mentira m\u00e1s grande de nuestra era\u00bb<\/p><\/blockquote>\n\n\n\n<p class=\"wp-block-paragraph\"><strong><em>\u00bfQu\u00e9 ama del tango?<\/em><\/strong><\/p>\n\n\n\n<p class=\"wp-block-paragraph\">Hay dos etapas muy diferentes. De la primera etapa, la de nuestros antepasados, la m\u00fasica, la poes\u00eda, la tradici\u00f3n heredada. <strong>De nuestra etapa podr\u00eda decir que amo la posibilidad que nos da el tango de expresar un mont\u00f3n de cosas s\u00faper profundas y comprometidas, la bronca con la que nuestra generaci\u00f3n se apropi\u00f3 del tango<\/strong>, si bien tambi\u00e9n es una fuente de trabajo y de supervivencia, mismo en la situaci\u00f3n menos rebelde como puede ser una milonga muy tradicional. Personalmente, siempre intento transmitir fuerza y compromiso a trav\u00e9s de la m\u00fasica.<\/p>\n\n\n\n<p class=\"wp-block-paragraph\"><strong><em>\u00bfQu\u00e9 detesta del tango?<\/em><\/strong><\/p>\n\n\n\n<p class=\"wp-block-paragraph\">No detesto nada del tango. Tal vez sea detestable cierta gente retr\u00f3grada, tanto en la m\u00fasica como en la danza, pero me tienen sin cuidado y son materia fundamental para ir m\u00e1s a fondo con la renovaci\u00f3n. <\/p>\n\n\n\n<iframe loading=\"lazy\" width=\"600\" height=\"355\" src=\"https:\/\/www.youtube.com\/embed\/6mwMsxmcW5Q\" frameborder=\"0\" allow=\"accelerometer; autoplay; encrypted-media; gyroscope; picture-in-picture\" allowfullscreen=\"\"><\/iframe>\n\n\n\n<p class=\"wp-block-paragraph\"><\/p>\n\n\n\n<p class=\"wp-block-paragraph\"><strong><em>Si no se dedicara al tango \u00bfser\u00eda\u2026?<\/em><\/strong><\/p>\n\n\n\n<p class=\"wp-block-paragraph\">Infeliz&#8230; o Ninja.<\/p>\n\n\n\n<p class=\"wp-block-paragraph\"><strong><em>\u00bfCu\u00e1l fue su \u00faltimo sue\u00f1o?<\/em><\/strong><\/p>\n\n\n\n<p class=\"wp-block-paragraph\">Tengo una hija adolescente. Mi sue\u00f1o es que <strong>la sociedad no vaya cada vez peor<\/strong> y que ella y todos los que vengan puedan tener un futuro sin pandemias, lluvia t\u00f3xica, plagas, capitalismo salvaje, tangueros retr\u00f3grados, banderazos y dem\u00e1s. <\/p>\n\n\n\n<p class=\"wp-block-paragraph\"><strong><em>Diga lo que tenga ganas de expresar en este momento\u2026<\/em><\/strong><\/p>\n\n\n\n<p class=\"wp-block-paragraph\">Voy a decir algo que puede chocar a los que a\u00fan est\u00e1n confinados pero <strong>creo que ser\u00eda altamente necesario que hubiese una especie de confinamiento obligatorio anual.<\/strong> Un mes en el a\u00f1o donde todo el mundo tuviese que parar pero no de vacaciones para derrochar dinero y cansancio. <strong>Parar la producci\u00f3n industrial, el trabajo esclavo del cual casi la mayor\u00eda somos parte de alguna u otra manera<\/strong>. No es imprescindible que la gente tenga que trabajar 10 o 12 horas por d\u00eda, eso es la mentira m\u00e1s grande de nuestra era. Entonces pienso, ut\u00f3picamente tal vez pero seriamente tambi\u00e9n, que si nos organiz\u00e1ramos podr\u00edamos tener calidades de vida mejores para todos y todas. La gente ir\u00eda m\u00e1s feliz a trabajar y ser\u00eda mucho m\u00e1s productiva, aunque sea para seguir alimentando la m\u00e1quina.<\/p>\n\n\n\n<div class=\"wp-block-image\"><figure class=\"aligncenter\"><img loading=\"lazy\" decoding=\"async\" width=\"568\" height=\"572\" src=\"https:\/\/www.fracturaexpuesta.com.ar\/tango\/wp-content\/uploads\/taxxi-tango-xxi-cd.jpg\" alt=\"\" class=\"wp-image-4181\" srcset=\"https:\/\/www.fracturaexpuesta.com.ar\/tango\/wp-content\/uploads\/taxxi-tango-xxi-cd.jpg 568w, https:\/\/www.fracturaexpuesta.com.ar\/tango\/wp-content\/uploads\/taxxi-tango-xxi-cd-150x150.jpg 150w, https:\/\/www.fracturaexpuesta.com.ar\/tango\/wp-content\/uploads\/taxxi-tango-xxi-cd-298x300.jpg 298w, https:\/\/www.fracturaexpuesta.com.ar\/tango\/wp-content\/uploads\/taxxi-tango-xxi-cd-100x100.jpg 100w\" sizes=\"auto, (max-width: 568px) 100vw, 568px\" \/><figcaption>TAXXI Tango XXI lanza su segundo disco.<\/figcaption><\/figure><\/div>\n\n\n\n<p class=\"has-text-color has-background has-very-dark-gray-color has-very-light-gray-background-color wp-block-paragraph\"><strong><em>Alimentation G\u00e9n\u00e9rale<\/em>, el nuevo material de TAXXI Tango XXI<\/strong><br><br>La orquesta franco-argentina de tango actual TAXXI Tango XXI, con base en la ciudad de Par\u00eds, present\u00f3 recientemente <em>Alimentation G\u00e9n\u00e9rale<\/em>, su segundo \u00e1lbum. <br><br>Dirigida por el bandoneonista, guitarrista y compositor argentino Pablo Gignoli -radicado en la capital francesa desde 2012- TAXXI Tango XXI propone nuevas composiciones de tango urbano parisino, las que, como dice Gignoli \u201cpodr\u00edan identificarse con cualquier ciudad cosmopolita donde todo se mueva a gran velocidad y donde permanentemente sucedan cosas sorprendentes\u201d.<br><br>Luego de su primer \u00e1lbum <em>Sweet Saint Denis<\/em>,&nbsp; el disco <em>Alimentation G\u00e9n\u00e9rale<\/em> \u2013\u201calmac\u00e9n\u201d en franc\u00e9s- toca la problem\u00e1tica de la alimentaci\u00f3n humana.<br><br>Comenta Gignoli: \u201cMuchos de los problemas de la sociedad actual est\u00e1n directamente relacionados con la producci\u00f3n y el reparto de la comida y la manera en que la obtenemos, la preparamos y la consumimos nos posiciona a nosotros en nuestra relaci\u00f3n con el planeta\u201d.<\/p>\n\n\n\n<p class=\"wp-block-paragraph\">Mir\u00e1 y escuch\u00e1 \u201cBig Mec\u201d:<\/p>\n\n\n\n<figure><figure><iframe loading=\"lazy\" width=\"600\" height=\"355\" src=\"https:\/\/www.youtube.com\/embed\/AFZMdovKlAE\" frameborder=\"0\" allow=\"accelerometer; autoplay; encrypted-media; gyroscope; picture-in-picture\" allowfullscreen=\"\"><\/iframe><\/figure><\/figure>\n\n\n\n<p class=\"wp-block-paragraph\"><\/p>\n","protected":false},"excerpt":{"rendered":"<p>Mientras presenta nuevo disco al frente de la banda TAXXI Tango XXI, el bandoneonista argentino, radicado en Par\u00eds, responde nuestro cuestionario.<\/p>\n","protected":false},"author":1,"featured_media":4179,"comment_status":"open","ping_status":"open","sticky":false,"template":"","format":"standard","meta":{"footnotes":""},"categories":[159],"tags":[32,285,111,284],"class_list":["post-4177","post","type-post","status-publish","format-standard","has-post-thumbnail","hentry","category-cuestionario-fractura-expuesta","tag-featured","tag-pablo-gignoli","tag-tango","tag-taxxi-tango-xxi"],"_links":{"self":[{"href":"https:\/\/www.fracturaexpuesta.com.ar\/tango\/wp-json\/wp\/v2\/posts\/4177","targetHints":{"allow":["GET"]}}],"collection":[{"href":"https:\/\/www.fracturaexpuesta.com.ar\/tango\/wp-json\/wp\/v2\/posts"}],"about":[{"href":"https:\/\/www.fracturaexpuesta.com.ar\/tango\/wp-json\/wp\/v2\/types\/post"}],"author":[{"embeddable":true,"href":"https:\/\/www.fracturaexpuesta.com.ar\/tango\/wp-json\/wp\/v2\/users\/1"}],"replies":[{"embeddable":true,"href":"https:\/\/www.fracturaexpuesta.com.ar\/tango\/wp-json\/wp\/v2\/comments?post=4177"}],"version-history":[{"count":13,"href":"https:\/\/www.fracturaexpuesta.com.ar\/tango\/wp-json\/wp\/v2\/posts\/4177\/revisions"}],"predecessor-version":[{"id":4241,"href":"https:\/\/www.fracturaexpuesta.com.ar\/tango\/wp-json\/wp\/v2\/posts\/4177\/revisions\/4241"}],"wp:featuredmedia":[{"embeddable":true,"href":"https:\/\/www.fracturaexpuesta.com.ar\/tango\/wp-json\/wp\/v2\/media\/4179"}],"wp:attachment":[{"href":"https:\/\/www.fracturaexpuesta.com.ar\/tango\/wp-json\/wp\/v2\/media?parent=4177"}],"wp:term":[{"taxonomy":"category","embeddable":true,"href":"https:\/\/www.fracturaexpuesta.com.ar\/tango\/wp-json\/wp\/v2\/categories?post=4177"},{"taxonomy":"post_tag","embeddable":true,"href":"https:\/\/www.fracturaexpuesta.com.ar\/tango\/wp-json\/wp\/v2\/tags?post=4177"}],"curies":[{"name":"wp","href":"https:\/\/api.w.org\/{rel}","templated":true}]}}