{"id":4210,"date":"2020-07-14T18:16:59","date_gmt":"2020-07-14T18:16:59","guid":{"rendered":"http:\/\/www.fracturaexpuesta.com.ar\/tango\/?p=4210"},"modified":"2021-10-27T02:03:31","modified_gmt":"2021-10-27T02:03:31","slug":"picadito-de-tango-12-la-maquina-invisible-y-dos-festivales-online-de-tango","status":"publish","type":"post","link":"https:\/\/www.fracturaexpuesta.com.ar\/tango\/picadito-de-tango-12-la-maquina-invisible-y-dos-festivales-online-de-tango\/","title":{"rendered":"Picadito de tango #12: La M\u00e1quina Invisible y dos festivales online de tango"},"content":{"rendered":"\n<p style=\"color:#ff0004;font-size:28px\" class=\"has-text-color wp-block-paragraph\"><strong>La M\u00e1quina Invisible adelanta temas de \u00abVol. II\u00bb, su nuevo disco<\/strong><\/p>\n\n\n\n<p class=\"wp-block-paragraph\">El joven grupo rosarino, uno de los referentes de la nueva camada de tango de esa localidad santafesina, adelantar\u00e1 <strong>este jueves 16, desde las 22<\/strong>, algunos de los temas que integran <strong><em>La M\u00e1quina Invisible Vol. II<\/em><\/strong>, su pr\u00f3ximo disco que saldr\u00e1 tras la cuarentena.<\/p>\n\n\n\n<p class=\"wp-block-paragraph\">Ser\u00e1 a trav\u00e9s de un concierto v\u00eda streaming que se podr\u00e1 ver -de manera gratuita- en el <a href=\"https:\/\/www.youtube.com\/channel\/UCHbv5kTYY2PY1kE7mnceObw\" target=\"_blank\" rel=\"noreferrer noopener\" aria-label=\"canal de YouTube del Complejo Cultural Atlas (abre en una nueva pesta\u00f1a)\">canal de YouTube del Complejo Cultural Atlas<\/a>. <\/p>\n\n\n\n<figure class=\"wp-block-embed-youtube wp-block-embed is-type-video is-provider-youtube wp-embed-aspect-16-9 wp-has-aspect-ratio\"><div class=\"wp-block-embed__wrapper\">\n<iframe loading=\"lazy\" title=\"La M\u00e1quina Invisible \/ Ganadores de los Premios Tango Sin Fin 2017\" width=\"640\" height=\"360\" src=\"https:\/\/www.youtube.com\/embed\/M8nYwOKGjUc?feature=oembed\" frameborder=\"0\" allow=\"accelerometer; autoplay; clipboard-write; encrypted-media; gyroscope; picture-in-picture; web-share\" referrerpolicy=\"strict-origin-when-cross-origin\" allowfullscreen><\/iframe>\n<\/div><figcaption>\u00abMelanc\u00f3lico\u00bb y \u00abMaquinando\u00bb, por La M\u00e1quina Invisible.<\/figcaption><\/figure>\n\n\n\n<p class=\"wp-block-paragraph\">Con un apuesta a la <strong>creaci\u00f3n de arreglos y composiciones propias<\/strong>&nbsp;y en busca de un sonido personal,&nbsp;el&nbsp;quinteto&nbsp;rosarino dar\u00e1 a conocer as\u00ed sus tangos m\u00e1s recientes en una presentaci\u00f3n que, probablemente, sea <strong>su \u00fanica actuaci\u00f3n del a\u00f1o<\/strong> debido a las limitaciones impuestas por el coronavirus.<\/p>\n\n\n\n<script async=\"\" src=\"https:\/\/pagead2.googlesyndication.com\/pagead\/js\/adsbygoogle.js\"><\/script>\n<ins class=\"adsbygoogle\" style=\"display:block; text-align:center;\" data-ad-layout=\"in-article\" data-ad-format=\"fluid\" data-ad-client=\"ca-pub-2103671489020353\" data-ad-slot=\"7337250265\"><\/ins>\n<script>\n     (adsbygoogle = window.adsbygoogle || []).push({});\n<\/script>\n\n\n\n<p class=\"wp-block-paragraph\"><\/p>\n\n\n\n<p style=\"color:#ff0000;font-size:28px\" class=\"has-text-color wp-block-paragraph\"><strong>El Festival Nacional de Tango de La Falda ser\u00e1 online<\/strong><\/p>\n\n\n\n<figure class=\"wp-block-image\"><img loading=\"lazy\" decoding=\"async\" width=\"900\" height=\"600\" src=\"https:\/\/www.fracturaexpuesta.com.ar\/tango\/wp-content\/uploads\/la-falda-tango.jpg\" alt=\"\" class=\"wp-image-4212\" srcset=\"https:\/\/www.fracturaexpuesta.com.ar\/tango\/wp-content\/uploads\/la-falda-tango.jpg 900w, https:\/\/www.fracturaexpuesta.com.ar\/tango\/wp-content\/uploads\/la-falda-tango-300x200.jpg 300w, https:\/\/www.fracturaexpuesta.com.ar\/tango\/wp-content\/uploads\/la-falda-tango-768x512.jpg 768w\" sizes=\"auto, (max-width: 900px) 100vw, 900px\" \/><figcaption>El festival cordob\u00e9s se llevar\u00e1 adelante el 24 y 25 de julio.<\/figcaption><\/figure>\n\n\n\n<p class=\"wp-block-paragraph\">\u00abCon la misma pasi\u00f3n, desde casa, por redes sociales\u00bb. As\u00ed anuncian los organizadores del Festival Nacional de Tango de La Falda (C\u00f3rdoba) <strong>la 37\u00ba edici\u00f3n del evento<\/strong> que este a\u00f1o pasar\u00e1 a la modalidad online.<\/p>\n\n\n\n<p class=\"wp-block-paragraph\">Con epicentro en los conciertos v\u00eda streaming de los d\u00edas <strong>24 y 25 de julio<\/strong>, el legendario festival cordob\u00e9s ya comenz\u00f3 a realizar actividades previas en sus redes sociales como las entrevistas a los artistas que participar\u00e1n en la grilla del encuentro.<\/p>\n\n\n\n<p class=\"wp-block-paragraph\"><strong>Osvaldo Piro, Omar Mollo, Adriana Varela, T\u00edpica Farabute, la Orquesta Escuela Municipal de Tango, Carlos Habiague y Ra\u00fal Lavie<\/strong> son parte de la programaci\u00f3n del festival.<\/p>\n\n\n\n<p class=\"wp-block-paragraph\">Pod\u00e9s consultar toda la grilla completa del festival <a href=\"http:\/\/www.lafaldaciudadtango.gob.ar\/programa.aspx\" target=\"_blank\" rel=\"noreferrer noopener\" aria-label=\"en este link (abre en una nueva pesta\u00f1a)\">en este link<\/a>.<\/p>\n\n\n\n<p style=\"color:#ff0000;font-size:28px\" class=\"has-text-color wp-block-paragraph\"><strong>En septiembre llega otra edici\u00f3n del Festival de Tango de Flores<\/strong><\/p>\n\n\n\n<figure class=\"wp-block-embed-facebook wp-block-embed is-type-rich is-provider-facebook\"><div class=\"wp-block-embed__wrapper\">\nhttps:\/\/www.facebook.com\/FestivalTangoFlores\/posts\/3120606487993424\n<\/div><\/figure>\n\n\n\n<p class=\"wp-block-paragraph\">Los impulsores del Festival de Tango de Flores confirmaron hace pocos d\u00edas la realizaci\u00f3n v\u00eda streaming de la quinta edici\u00f3n del encuentro barrial.<\/p>\n\n\n\n<p class=\"wp-block-paragraph\">Ser\u00e1 del <strong>4 al 13 de septiembre<\/strong>, con transmisi\u00f3n desde <a href=\"https:\/\/www.youtube.com\/channel\/UCS1v9w2CFYutsGJ2x6GQCmw\" target=\"_blank\" rel=\"noreferrer noopener\" aria-label=\"el canal de Youtube del festival (abre en una nueva pesta\u00f1a)\">el canal de Youtube del festival<\/a>.<\/p>\n\n\n\n<p class=\"wp-block-paragraph\">Si bien todav\u00eda no se dieron a conocer la totalidad de las actividades y conciertos, se adelant\u00f3 que a partir del 1 agosto se abrir\u00e1 la inscripci\u00f3n para participar del Cert\u00e1men de Canto Floreal Ruiz.<\/p>\n\n\n\n<figure class=\"wp-block-embed-youtube wp-block-embed is-type-video is-provider-youtube wp-embed-aspect-16-9 wp-has-aspect-ratio\"><div class=\"wp-block-embed__wrapper\">\n<iframe loading=\"lazy\" title=\"La Pe\u00f1a de T\u00edo Fritz en el Festival de Tango de Flores\" width=\"640\" height=\"360\" src=\"https:\/\/www.youtube.com\/embed\/oIjnhHQOy8c?feature=oembed\" frameborder=\"0\" allow=\"accelerometer; autoplay; clipboard-write; encrypted-media; gyroscope; picture-in-picture; web-share\" referrerpolicy=\"strict-origin-when-cross-origin\" allowfullscreen><\/iframe>\n<\/div><figcaption>Marita Monteleone en una de las ediciones del Festival de Flores.<\/figcaption><\/figure>\n","protected":false},"excerpt":{"rendered":"<p>En tiempos de pandemia y confinamiento, las propuestas tangueras migran al terreno online.<\/p>\n","protected":false},"author":1,"featured_media":4217,"comment_status":"open","ping_status":"open","sticky":false,"template":"","format":"standard","meta":{"footnotes":""},"categories":[3],"tags":[32,304,305,268,201,111],"class_list":["post-4210","post","type-post","status-publish","format-standard","has-post-thumbnail","hentry","category-noticias","tag-featured","tag-festival-de-tango-de-flores","tag-festival-de-tango-de-la-falda","tag-la-maquina-invisible","tag-picadito","tag-tango"],"_links":{"self":[{"href":"https:\/\/www.fracturaexpuesta.com.ar\/tango\/wp-json\/wp\/v2\/posts\/4210","targetHints":{"allow":["GET"]}}],"collection":[{"href":"https:\/\/www.fracturaexpuesta.com.ar\/tango\/wp-json\/wp\/v2\/posts"}],"about":[{"href":"https:\/\/www.fracturaexpuesta.com.ar\/tango\/wp-json\/wp\/v2\/types\/post"}],"author":[{"embeddable":true,"href":"https:\/\/www.fracturaexpuesta.com.ar\/tango\/wp-json\/wp\/v2\/users\/1"}],"replies":[{"embeddable":true,"href":"https:\/\/www.fracturaexpuesta.com.ar\/tango\/wp-json\/wp\/v2\/comments?post=4210"}],"version-history":[{"count":11,"href":"https:\/\/www.fracturaexpuesta.com.ar\/tango\/wp-json\/wp\/v2\/posts\/4210\/revisions"}],"predecessor-version":[{"id":4238,"href":"https:\/\/www.fracturaexpuesta.com.ar\/tango\/wp-json\/wp\/v2\/posts\/4210\/revisions\/4238"}],"wp:featuredmedia":[{"embeddable":true,"href":"https:\/\/www.fracturaexpuesta.com.ar\/tango\/wp-json\/wp\/v2\/media\/4217"}],"wp:attachment":[{"href":"https:\/\/www.fracturaexpuesta.com.ar\/tango\/wp-json\/wp\/v2\/media?parent=4210"}],"wp:term":[{"taxonomy":"category","embeddable":true,"href":"https:\/\/www.fracturaexpuesta.com.ar\/tango\/wp-json\/wp\/v2\/categories?post=4210"},{"taxonomy":"post_tag","embeddable":true,"href":"https:\/\/www.fracturaexpuesta.com.ar\/tango\/wp-json\/wp\/v2\/tags?post=4210"}],"curies":[{"name":"wp","href":"https:\/\/api.w.org\/{rel}","templated":true}]}}