{"id":4259,"date":"2020-07-22T17:15:28","date_gmt":"2020-07-22T17:15:28","guid":{"rendered":"http:\/\/www.fracturaexpuesta.com.ar\/tango\/?p=4259"},"modified":"2021-10-27T02:03:21","modified_gmt":"2021-10-27T02:03:21","slug":"picadito-de-tango-13-tres-nuevos-discos-tangueros","status":"publish","type":"post","link":"https:\/\/www.fracturaexpuesta.com.ar\/tango\/picadito-de-tango-13-tres-nuevos-discos-tangueros\/","title":{"rendered":"Picadito de tango #13: tres nuevos discos tangueros"},"content":{"rendered":"\n<p style=\"color:#ff0004;font-size:28px\" class=\"has-text-color wp-block-paragraph\"><strong>Olivia &amp; Jer\u00f3nimo comparten <\/strong><em><strong>Familia<\/strong><\/em><\/p>\n\n\n\n<figure class=\"wp-block-image\"><img loading=\"lazy\" decoding=\"async\" width=\"960\" height=\"960\" src=\"https:\/\/www.fracturaexpuesta.com.ar\/tango\/wp-content\/uploads\/olivia-jeronimo.jpg\" alt=\"\" class=\"wp-image-4264\" srcset=\"https:\/\/www.fracturaexpuesta.com.ar\/tango\/wp-content\/uploads\/olivia-jeronimo.jpg 960w, https:\/\/www.fracturaexpuesta.com.ar\/tango\/wp-content\/uploads\/olivia-jeronimo-150x150.jpg 150w, https:\/\/www.fracturaexpuesta.com.ar\/tango\/wp-content\/uploads\/olivia-jeronimo-300x300.jpg 300w, https:\/\/www.fracturaexpuesta.com.ar\/tango\/wp-content\/uploads\/olivia-jeronimo-768x768.jpg 768w, https:\/\/www.fracturaexpuesta.com.ar\/tango\/wp-content\/uploads\/olivia-jeronimo-100x100.jpg 100w\" sizes=\"auto, (max-width: 960px) 100vw, 960px\" \/><figcaption><em>Familia<\/em>, lo nuevo de Olivia y Jer\u00f3nimo.<\/figcaption><\/figure>\n\n\n\n<p class=\"wp-block-paragraph\">La cantante Olivia Houssay y el guitarrista y compositor Jer\u00f3nimo Guiraud presentan <em>Familia<\/em>, un disco que \u201cpropone adentrarse en la intimidad del hogar, <strong>despojarse del concepto de show<\/strong> y compartir el encuentro musical de dos compositores\u201d.<\/p>\n\n\n\n<p class=\"wp-block-paragraph\">El material re\u00fane <strong>canciones propias y tangos como \u201cMalena\u201d, \u201cSur\u201d y \u201cBalada para un loco\u201d<\/strong>, como tambi\u00e9n versiones de temas de Charly Garc\u00eda, Fernando Cabrera y Edu \u201cPitufo\u201d Lombardo, entre otros. <\/p>\n\n\n\n<p class=\"wp-block-paragraph\">El repertorio del disco es el resultado del camino recorrido en giras por la Argentina, Brasil, Uruguay y Europa y de <strong>\u201cCocino y toco\u201d<\/strong>, el ciclo que, desde 2017, impulsan ambos artistas.<\/p>\n\n\n\n<p class=\"wp-block-paragraph\"><strong>Escuch\u00e1 \u201cMalena\u201d por Olivia &amp; Jer\u00f3nimo:<\/strong><\/p>\n\n\n\n<iframe loading=\"lazy\" width=\"600\" height=\"355\" src=\"https:\/\/www.youtube.com\/embed\/51P0kLia0Uw\" frameborder=\"0\" allow=\"accelerometer; autoplay; encrypted-media; gyroscope; picture-in-picture\" allowfullscreen=\"\"><\/iframe>\n\n\n\n<p class=\"wp-block-paragraph\"><\/p>\n\n\n\n<script async=\"\" src=\"https:\/\/pagead2.googlesyndication.com\/pagead\/js\/adsbygoogle.js\"><\/script>\n<ins class=\"adsbygoogle\" style=\"display:block; text-align:center;\" data-ad-layout=\"in-article\" data-ad-format=\"fluid\" data-ad-client=\"ca-pub-2103671489020353\" data-ad-slot=\"7337250265\"><\/ins>\n<script>\n     (adsbygoogle = window.adsbygoogle || []).push({});\n<\/script>\n\n\n\n<p class=\"wp-block-paragraph\"><\/p>\n\n\n\n<p style=\"color:#ff0004;font-size:28px\" class=\"has-text-color wp-block-paragraph\"><strong>Pablo Covacevich, disco nuevo y libro de partituras<\/strong><\/p>\n\n\n\n<figure class=\"wp-block-image\"><img loading=\"lazy\" decoding=\"async\" width=\"960\" height=\"640\" src=\"https:\/\/www.fracturaexpuesta.com.ar\/tango\/wp-content\/uploads\/cova.jpg\" alt=\"\" class=\"wp-image-4265\" srcset=\"https:\/\/www.fracturaexpuesta.com.ar\/tango\/wp-content\/uploads\/cova.jpg 960w, https:\/\/www.fracturaexpuesta.com.ar\/tango\/wp-content\/uploads\/cova-300x200.jpg 300w, https:\/\/www.fracturaexpuesta.com.ar\/tango\/wp-content\/uploads\/cova-768x512.jpg 768w\" sizes=\"auto, (max-width: 960px) 100vw, 960px\" \/><figcaption>El nuevo disco solista de Pablo Covacevich.<\/figcaption><\/figure>\n\n\n\n<p class=\"wp-block-paragraph\">El guitarrista Pablo Covacevich lanz\u00f3 <em>T\u00fa<\/em>, nuevo disco en el que reinterpreta <strong>tangos nuevos y usados en formato solista<\/strong>.<\/p>\n\n\n\n<p class=\"wp-block-paragraph\">Los nuevos tangos son de su propia factor\u00eda (\u201cMilonga en\nGm\u201d, \u201cTierra colorada\u201d y \u201cFiesta de guardar\u201d) y los usados completan el repertorio\ncon arreglos originales de \u201cTu\u201d \u2013que abre y da nombre al disco- &nbsp;\u201cGriseta\u201d, \u201cNiebla del Riachuelo\u201d y \u201cTal vez ser\u00e1\nsu voz\u201d.<\/p>\n\n\n\n<p class=\"wp-block-paragraph\">Junto con el disco, Covacevich compartio tambi\u00e9n <strong>el libro de partituras con toda la m\u00fasica grabada en el \u00e1lbum<\/strong>. Se puede <a href=\"https:\/\/drive.google.com\/file\/d\/1DfsmmdzSkfgLiJYq0YyJD2QImuenEeZc\/view?fbclid=IwAR2DNoewFyN6yc11IxvfXKS-UR6OtBPYVFvEaFp-JnyXpBzkwOTgqOB8CnU\" target=\"_blank\" rel=\"noreferrer noopener\" aria-label=\"descargar de manera gratuita (abre en una nueva pesta\u00f1a)\">descargar de manera gratuita<\/a>.<\/p>\n\n\n\n<p class=\"wp-block-paragraph\"><strong>Escuch\u00e1 completo <\/strong><em><strong>T\u00fa<\/strong><\/em><strong>, de Pablo Covacevich:<\/strong><\/p>\n\n\n\n<iframe loading=\"lazy\" width=\"600\" height=\"355\" src=\"https:\/\/www.youtube.com\/embed\/ED4ZY3amy6k\" frameborder=\"0\" allow=\"accelerometer; autoplay; encrypted-media; gyroscope; picture-in-picture\" allowfullscreen=\"\"><\/iframe>\n\n\n\n<p class=\"wp-block-paragraph\"><\/p>\n\n\n\n<p style=\"color:#ff0004;font-size:28px\" class=\"has-text-color wp-block-paragraph\"><strong>El Cachivache y la transici\u00f3n para los tiempos de hoy<\/strong><\/p>\n\n\n\n<p class=\"wp-block-paragraph\"><em>Tiempos extra\u00f1os<\/em> es el nuevo disco de El Cachivache y ya se puede escuchar en plataformas musicales.<\/p>\n\n\n\n<p class=\"wp-block-paragraph\">\u201cLos tiempos de pandemia nos trajeron revelaciones sobre el mundo que habitamos y la vida que vivimos. Nos mostr\u00f3 <strong>lo banal de muchas cosas que cre\u00edamos esenciales y lo esencial de otras a las que restamos valor o damos por sentadas. La m\u00fasica es una de ellas<\/strong>, vital para nosotros y para muchos. Tiempos extra\u00f1os es el reflejo de esta transici\u00f3n\u201d, comentaron los m\u00fasicos de El Cachivache sobre el material. <\/p>\n\n\n\n<p class=\"wp-block-paragraph\"><strong>Pod\u00e9s escuchar <\/strong><a rel=\"noreferrer noopener\" aria-label=\"el disco completo ac\u00e1 (abre en una nueva pesta\u00f1a)\" href=\"https:\/\/open.spotify.com\/album\/0MqhT2wYgf1OOfZvrWpDDk\" target=\"_blank\">el disco completo ac\u00e1<\/a>.<\/p>\n\n\n\n<p class=\"wp-block-paragraph\"> As\u00ed se grab\u00f3 <em>Tiempos extra\u00f1os:<\/em><\/p>\n\n\n\n<iframe loading=\"lazy\" width=\"600\" height=\"355\" src=\"https:\/\/www.youtube.com\/embed\/NX7UrZKq-KU\" frameborder=\"0\" allow=\"accelerometer; autoplay; encrypted-media; gyroscope; picture-in-picture\" allowfullscreen=\"\"><\/iframe>\n\n\n\n<p class=\"wp-block-paragraph\"><\/p>\n","protected":false},"excerpt":{"rendered":"<p>Lanzamientos de Olivia &#038; Jer\u00f3nimo, Pablo Covacevich y El Cachivache.<\/p>\n","protected":false},"author":1,"featured_media":4260,"comment_status":"open","ping_status":"open","sticky":false,"template":"","format":"standard","meta":{"footnotes":""},"categories":[3],"tags":[129,32,311,312,201],"class_list":["post-4259","post","type-post","status-publish","format-standard","has-post-thumbnail","hentry","category-noticias","tag-el-cachivache","tag-featured","tag-olivia-jeronimo","tag-pablo-covacevich","tag-picadito"],"_links":{"self":[{"href":"https:\/\/www.fracturaexpuesta.com.ar\/tango\/wp-json\/wp\/v2\/posts\/4259","targetHints":{"allow":["GET"]}}],"collection":[{"href":"https:\/\/www.fracturaexpuesta.com.ar\/tango\/wp-json\/wp\/v2\/posts"}],"about":[{"href":"https:\/\/www.fracturaexpuesta.com.ar\/tango\/wp-json\/wp\/v2\/types\/post"}],"author":[{"embeddable":true,"href":"https:\/\/www.fracturaexpuesta.com.ar\/tango\/wp-json\/wp\/v2\/users\/1"}],"replies":[{"embeddable":true,"href":"https:\/\/www.fracturaexpuesta.com.ar\/tango\/wp-json\/wp\/v2\/comments?post=4259"}],"version-history":[{"count":10,"href":"https:\/\/www.fracturaexpuesta.com.ar\/tango\/wp-json\/wp\/v2\/posts\/4259\/revisions"}],"predecessor-version":[{"id":4281,"href":"https:\/\/www.fracturaexpuesta.com.ar\/tango\/wp-json\/wp\/v2\/posts\/4259\/revisions\/4281"}],"wp:featuredmedia":[{"embeddable":true,"href":"https:\/\/www.fracturaexpuesta.com.ar\/tango\/wp-json\/wp\/v2\/media\/4260"}],"wp:attachment":[{"href":"https:\/\/www.fracturaexpuesta.com.ar\/tango\/wp-json\/wp\/v2\/media?parent=4259"}],"wp:term":[{"taxonomy":"category","embeddable":true,"href":"https:\/\/www.fracturaexpuesta.com.ar\/tango\/wp-json\/wp\/v2\/categories?post=4259"},{"taxonomy":"post_tag","embeddable":true,"href":"https:\/\/www.fracturaexpuesta.com.ar\/tango\/wp-json\/wp\/v2\/tags?post=4259"}],"curies":[{"name":"wp","href":"https:\/\/api.w.org\/{rel}","templated":true}]}}