{"id":4317,"date":"2020-08-13T04:52:32","date_gmt":"2020-08-13T04:52:32","guid":{"rendered":"http:\/\/www.fracturaexpuesta.com.ar\/tango\/?p=4317"},"modified":"2020-08-12T14:55:02","modified_gmt":"2020-08-12T14:55:02","slug":"en-palabras-de-eva-fiori","status":"publish","type":"post","link":"https:\/\/www.fracturaexpuesta.com.ar\/tango\/en-palabras-de-eva-fiori\/","title":{"rendered":"En palabras de Eva Fiori"},"content":{"rendered":"\n<p class=\"wp-block-paragraph\">\u201cEn la boca del le\u00f3n es la primera canci\u00f3n que me animo a mostrarle al mundo, es una canci\u00f3n que tiene mucha verdad. Y si a m\u00ed hay <strong>algo que me gusta del arte es la verdad<\/strong>\u201d, cuenta Eva Fiori en este microdocumental que repasa <strong>el proceso de gestaci\u00f3n de su disco debut solista<\/strong>, nominado en 2019 a los premios Gardel.<\/p>\n\n\n\n<p class=\"wp-block-paragraph\">Junto a los testimonios del contrabajista y director <strong>Mat\u00edas D\u2019Amico<\/strong> y la pianista <strong>Leda Torres<\/strong>, Fiori explica detalles y visiones que guiaron la producci\u00f3n de <em>En la boca del le\u00f3n<\/em>. \u201cHacer tango es como llegar a casa\u201d, resume la cantante.<\/p>\n\n\n\n<p class=\"wp-block-paragraph\">\u201cAlgo pasa cuando Eva canta\u201d, reafirma D\u2019Amico sobre Fiori.<\/p>\n\n\n\n<iframe loading=\"lazy\" width=\"600\" height=\"355\" src=\"https:\/\/www.youtube.com\/embed\/rPqbe9doWZ0\" frameborder=\"0\" allow=\"accelerometer; autoplay; encrypted-media; gyroscope; picture-in-picture\" allowfullscreen><\/iframe>\n\n\n\n<p class=\"wp-block-paragraph\"><\/p>\n","protected":false},"excerpt":{"rendered":"<p>Un microdocumental de la cantante sobre su disco En la boca del le\u00f3n.<\/p>\n","protected":false},"author":1,"featured_media":4318,"comment_status":"open","ping_status":"open","sticky":false,"template":"","format":"standard","meta":{"footnotes":""},"categories":[2],"tags":[316,32,317,111],"class_list":["post-4317","post","type-post","status-publish","format-standard","has-post-thumbnail","hentry","category-videos","tag-eva-fiori","tag-featured","tag-matias-damico","tag-tango"],"_links":{"self":[{"href":"https:\/\/www.fracturaexpuesta.com.ar\/tango\/wp-json\/wp\/v2\/posts\/4317","targetHints":{"allow":["GET"]}}],"collection":[{"href":"https:\/\/www.fracturaexpuesta.com.ar\/tango\/wp-json\/wp\/v2\/posts"}],"about":[{"href":"https:\/\/www.fracturaexpuesta.com.ar\/tango\/wp-json\/wp\/v2\/types\/post"}],"author":[{"embeddable":true,"href":"https:\/\/www.fracturaexpuesta.com.ar\/tango\/wp-json\/wp\/v2\/users\/1"}],"replies":[{"embeddable":true,"href":"https:\/\/www.fracturaexpuesta.com.ar\/tango\/wp-json\/wp\/v2\/comments?post=4317"}],"version-history":[{"count":1,"href":"https:\/\/www.fracturaexpuesta.com.ar\/tango\/wp-json\/wp\/v2\/posts\/4317\/revisions"}],"predecessor-version":[{"id":4319,"href":"https:\/\/www.fracturaexpuesta.com.ar\/tango\/wp-json\/wp\/v2\/posts\/4317\/revisions\/4319"}],"wp:featuredmedia":[{"embeddable":true,"href":"https:\/\/www.fracturaexpuesta.com.ar\/tango\/wp-json\/wp\/v2\/media\/4318"}],"wp:attachment":[{"href":"https:\/\/www.fracturaexpuesta.com.ar\/tango\/wp-json\/wp\/v2\/media?parent=4317"}],"wp:term":[{"taxonomy":"category","embeddable":true,"href":"https:\/\/www.fracturaexpuesta.com.ar\/tango\/wp-json\/wp\/v2\/categories?post=4317"},{"taxonomy":"post_tag","embeddable":true,"href":"https:\/\/www.fracturaexpuesta.com.ar\/tango\/wp-json\/wp\/v2\/tags?post=4317"}],"curies":[{"name":"wp","href":"https:\/\/api.w.org\/{rel}","templated":true}]}}