{"id":4320,"date":"2020-08-18T15:22:04","date_gmt":"2020-08-18T15:22:04","guid":{"rendered":"http:\/\/www.fracturaexpuesta.com.ar\/tango\/?p=4320"},"modified":"2020-08-18T16:50:19","modified_gmt":"2020-08-18T16:50:19","slug":"consulta-la-programacion-del-festival-y-mundial-de-tango-2020","status":"publish","type":"post","link":"https:\/\/www.fracturaexpuesta.com.ar\/tango\/consulta-la-programacion-del-festival-y-mundial-de-tango-2020\/","title":{"rendered":"Consult\u00e1 la programaci\u00f3n del Festival y Mundial de Tango 2020"},"content":{"rendered":"\n<p class=\"wp-block-paragraph\">Del <strong>26 al 30 de agosto<\/strong>, habr\u00e1 una nueva edici\u00f3n del Festival y Mundial de Tango BA.<\/p>\n\n\n\n<p class=\"wp-block-paragraph\">A pesar de que en el calendario 2020 de la web de Turismo de la ciudad figure como \u00absuspendido\u00bb -al martes 18- el evento tendr\u00e1 una entrega que ser\u00e1 con <strong>contenidos y actividades online<\/strong> (conciertos-homenajes, clases y milongas) y sumar\u00e1 dos convocatorias: el Primer concurso nacional de videoclips de Tango y el Concurso nacional \u201cCant\u00e1 en el Festival\u201d.<\/p>\n\n\n\n<p class=\"wp-block-paragraph\">Participar\u00e1n en esta edici\u00f3n Amelita Baltar, Sonia Possetti, Mar\u00eda Jos\u00e9 Mentana, Eleonora Ferreyra, Sandra Luna, Mirta Alvar\u00e9z, Karina Beorlegui, Claudia Levy (anunciada pero aclar\u00f3 recientemente que declina su participaci\u00f3n), Ana Font\u00e1n, Shino Onhaga, Juan Carlos Copes, Johana Copes, Eduardo Arquimbau, Eric Dinzel, Maria Nieves, Jos\u00e9 Colangelo, Gabriela Rey, Walter R\u00edos, Mariel Dupetit, Nicol\u00e1s Ledesma, Roberto Alvarez, Alberto Bianco, Gabriel Mores, Franco Luciani, Pipi Piazzolla, Silvia Nieves, Gloria Guerra, Vivi Verri, Marta Pizzo, Luj\u00e1n Vera, Alejandra Palermo, Luisina Mathieu, Amalia Escobar, Natacha Poberaj, Turco Suaya, Demian Garcia, Vanesa Villalba, Facundo Pi\u00f1ero, entre otros artistas del g\u00e9nero.<\/p>\n\n\n\n<p class=\"wp-block-paragraph\">La apertura tendr\u00e1 <strong>como eje central a la mujer<\/strong> y habr\u00e1 contenidos para celebrar los 100 a\u00f1os de historia de la radio argentina.<\/p>\n\n\n\n<script async=\"\" src=\"https:\/\/pagead2.googlesyndication.com\/pagead\/js\/adsbygoogle.js\"><\/script>\n<ins class=\"adsbygoogle\" style=\"display:block; text-align:center;\" data-ad-layout=\"in-article\" data-ad-format=\"fluid\" data-ad-client=\"ca-pub-2103671489020353\" data-ad-slot=\"7337250265\"><\/ins>\n<script>\n     (adsbygoogle = window.adsbygoogle || []).push({});\n<\/script>\n\n\n\n<p class=\"wp-block-paragraph\"><\/p>\n\n\n\n<p style=\"color:#ff0000;font-size:22px\" class=\"has-text-color wp-block-paragraph\"><strong>Mi\u00e9rcoles 26 de agosto<\/strong><\/p>\n\n\n\n<p class=\"wp-block-paragraph\">20 hs. &#8211; Apertura<\/p>\n\n\n\n<p class=\"wp-block-paragraph\">El p\u00fablico podr\u00e1 disfrutar desde sus casas de un gran\nconcierto con diversos encuentros musicales conformados enteramente por\nartistas mujeres: Mar\u00eda Jos\u00e9 Mentana junto a Eleonora Ferreyra, Sandra Luna\nacompa\u00f1ada por Mirta Alvarez; Karina Beorlegui junto a Claudia Levy; Ana Font\u00e1n\ncon Shino Onhaga; Carla Pugliese; la Orquesta Rantifusa; el tr\u00edo Sin Fronteras;\nel grupo 7 Perlas sobre el div\u00e1n con Silvia Nieves, Gloria Guerra, Vivi Verri,\nMarta Pizzo Luj\u00e1n Vera, Alejandra Palermo, Luisina Mathieu y Amalia Escobar; y\nun cierre de la mano de Amelita Baltar acompa\u00f1ada por Sonia Possetti. Adem\u00e1s,\nun espect\u00e1culo de baile con los campeones mundiales Florencia Zarate Castilla,\nGuido Palacios, Manuela Rossi, Juan Malizia Gatti, Camila Alegre, Ezequiel\nL\u00f3pez, Carla Rossi y Jos\u00e9 Luis Salvo.<\/p>\n\n\n\n<p class=\"wp-block-paragraph\">Exhibiciones de baile de ex campeones del mundial<\/p>\n\n\n\n<p style=\"color:#ff0004;font-size:22px\" class=\"has-text-color wp-block-paragraph\"><strong>Jueves 27 de\nagosto<\/strong><\/p>\n\n\n\n<p class=\"wp-block-paragraph\">17.30 hs. &#8211; Clases de danza online. Principiantes &#8211;\nIntermedios &#8211; Avanzados<\/p>\n\n\n\n<p class=\"wp-block-paragraph\">18.30 hs. &#8211; Homenaje a Juan Carlos Copes<\/p>\n\n\n\n<p class=\"wp-block-paragraph\">19 hs. &#8211; \u00bfC\u00f3mo se vive un Mundial? El backstage y las\nemociones de los bailarines que cada a\u00f1o compiten en el Mundial de Baile<\/p>\n\n\n\n<p class=\"wp-block-paragraph\">20 hs. &#8211; Homenaje a Astor Piazzolla<\/p>\n\n\n\n<p class=\"wp-block-paragraph\">22 hs. &#8211; Milonga Virtual con DJ Invitado<\/p>\n\n\n\n<p style=\"color:#ff0004;font-size:22px\" class=\"has-text-color wp-block-paragraph\"><strong>Viernes 28 de\nagosto<\/strong><\/p>\n\n\n\n<p class=\"wp-block-paragraph\">17.30 hs. &#8211; Clases de danza online. Principiantes &#8211;\nIntermedios &#8211; Avanzados<\/p>\n\n\n\n<p class=\"wp-block-paragraph\">18.30 hs. &#8211; Homenaje Los Dinzel<\/p>\n\n\n\n<p class=\"wp-block-paragraph\">19 hs. &#8211; Mundial de Baile: Especial Tango Escenario.\nConoc\u00e9 en profundidad a los campeones, c\u00f3mo se sintieron cuando compitieron,\nsus c\u00e1balas, qui\u00e9n les dise\u00f1\u00f3 el vestuario, su preparaci\u00f3n y m\u00e1s.<\/p>\n\n\n\n<p class=\"wp-block-paragraph\">20 hs. &#8211; Homenaje Mariano Mores<\/p>\n\n\n\n<p class=\"wp-block-paragraph\">22 hs. &#8211; Milonga Virtual con DJ invitado<\/p>\n\n\n\n<figure class=\"wp-block-image\"><img loading=\"lazy\" decoding=\"async\" width=\"1024\" height=\"683\" src=\"https:\/\/www.fracturaexpuesta.com.ar\/tango\/wp-content\/uploads\/tangoBA-2020-3-1024x683.jpg\" alt=\"\" class=\"wp-image-4330\" srcset=\"https:\/\/www.fracturaexpuesta.com.ar\/tango\/wp-content\/uploads\/tangoBA-2020-3-1024x683.jpg 1024w, https:\/\/www.fracturaexpuesta.com.ar\/tango\/wp-content\/uploads\/tangoBA-2020-3-300x200.jpg 300w, https:\/\/www.fracturaexpuesta.com.ar\/tango\/wp-content\/uploads\/tangoBA-2020-3-768x512.jpg 768w\" sizes=\"auto, (max-width: 1024px) 100vw, 1024px\" \/><figcaption>El Mundial de baile ser\u00e1 a trav\u00e9s de la participaci\u00f3n de parejas en video.<\/figcaption><\/figure>\n\n\n\n<p style=\"color:#ff0004;font-size:22px\" class=\"has-text-color wp-block-paragraph\"><strong>S\u00e1bado 29 de\nagosto<\/strong><\/p>\n\n\n\n<p class=\"wp-block-paragraph\">17.30 hs. &#8211; Clases de danza online. Principiantes &#8211;\nIntermedios &#8211; Avanzados &#8211; Coreograf\u00edas<\/p>\n\n\n\n<p class=\"wp-block-paragraph\">18.30 hs. &#8211; Homenaje a Mar\u00eda Nieves<\/p>\n\n\n\n<p class=\"wp-block-paragraph\">19 hs. &#8211; Mundial de baile: Especial Preliminares. \u00bfC\u00f3mo\nes venir a competir a Buenos Aires desde otros lugares del pa\u00eds y el mundo? La\nexperiencia de los campeones de las preliminares.<\/p>\n\n\n\n<p class=\"wp-block-paragraph\">20 hs. &#8211; Homenaje An\u00edbal Troilo<\/p>\n\n\n\n<p class=\"wp-block-paragraph\">22 hs. &#8211; Milonga Virtual con DJ invitado<\/p>\n\n\n\n<p style=\"color:#ff0004;font-size:22px\" class=\"has-text-color wp-block-paragraph\"><strong>Domingo 30 de\nagosto<\/strong><\/p>\n\n\n\n<p class=\"wp-block-paragraph\">17.30 hs. &#8211; Clases de danza online. Principiantes &#8211;\nIntermedios &#8211; Avanzados &#8211; Coreograf\u00edas<\/p>\n\n\n\n<p class=\"wp-block-paragraph\">18.30 hs. &#8211; Homenaje Gloria Arquimbaum<\/p>\n\n\n\n<p class=\"wp-block-paragraph\">19 hs. &#8211; Mundial de baile: Especial Tango de Pista. Para\nconocer a los campeones, c\u00f3mo se sintieron cuando compitieron, sus c\u00e1balas,\nqui\u00e9n les dise\u00f1\u00f3 el vestuario, su preparaci\u00f3n y m\u00e1s.<\/p>\n\n\n\n<p class=\"wp-block-paragraph\">Mundial de Baile: anuncio y presentaci\u00f3n de los ganadores<\/p>\n\n\n\n<p class=\"wp-block-paragraph\">Cant\u00e1 en el Festival: anuncio y presentaci\u00f3n del ganador<\/p>\n\n\n\n<p class=\"wp-block-paragraph\">Primer Concurso de Videoclips de Tango: anuncio y\npresentaci\u00f3n del ganador<\/p>\n\n\n\n<p class=\"wp-block-paragraph\">20 hs. &#8211; Homenaje Osvaldo Pugliese<\/p>\n\n\n\n<p class=\"wp-block-paragraph\">22 hs. &#8211; Milonga Virtual con DJ invitado<\/p>\n\n\n\n<p class=\"wp-block-paragraph\">Para ampliar la grilla con las convocatorias y el env\u00edo del material al Mundial de baile (del 15 al 22 de agosto), pod\u00e9s <a rel=\"noreferrer noopener\" aria-label=\"ingresar ac\u00e1 (abre en una nueva pesta\u00f1a)\" href=\"https:\/\/www.buenosaires.gob.ar\/cultura\/festivales-de-buenos-aires\/tango-ba\/convocatorias\" target=\"_blank\">ingresar ac\u00e1<\/a>.<\/p>\n\n\n\n<p class=\"wp-block-paragraph\"><\/p>\n","protected":false},"excerpt":{"rendered":"<p>Ser\u00e1 una edici\u00f3n de cinco d\u00edas con contenidos y actividades online. Comienza el mi\u00e9rcoles 26.<\/p>\n","protected":false},"author":1,"featured_media":4324,"comment_status":"open","ping_status":"open","sticky":false,"template":"","format":"standard","meta":{"footnotes":""},"categories":[3],"tags":[32,218,100,111,197],"class_list":["post-4320","post","type-post","status-publish","format-standard","has-post-thumbnail","hentry","category-noticias","tag-featured","tag-festival-de-tango","tag-mundial-de-tango","tag-tango","tag-tangoba"],"_links":{"self":[{"href":"https:\/\/www.fracturaexpuesta.com.ar\/tango\/wp-json\/wp\/v2\/posts\/4320","targetHints":{"allow":["GET"]}}],"collection":[{"href":"https:\/\/www.fracturaexpuesta.com.ar\/tango\/wp-json\/wp\/v2\/posts"}],"about":[{"href":"https:\/\/www.fracturaexpuesta.com.ar\/tango\/wp-json\/wp\/v2\/types\/post"}],"author":[{"embeddable":true,"href":"https:\/\/www.fracturaexpuesta.com.ar\/tango\/wp-json\/wp\/v2\/users\/1"}],"replies":[{"embeddable":true,"href":"https:\/\/www.fracturaexpuesta.com.ar\/tango\/wp-json\/wp\/v2\/comments?post=4320"}],"version-history":[{"count":13,"href":"https:\/\/www.fracturaexpuesta.com.ar\/tango\/wp-json\/wp\/v2\/posts\/4320\/revisions"}],"predecessor-version":[{"id":4353,"href":"https:\/\/www.fracturaexpuesta.com.ar\/tango\/wp-json\/wp\/v2\/posts\/4320\/revisions\/4353"}],"wp:featuredmedia":[{"embeddable":true,"href":"https:\/\/www.fracturaexpuesta.com.ar\/tango\/wp-json\/wp\/v2\/media\/4324"}],"wp:attachment":[{"href":"https:\/\/www.fracturaexpuesta.com.ar\/tango\/wp-json\/wp\/v2\/media?parent=4320"}],"wp:term":[{"taxonomy":"category","embeddable":true,"href":"https:\/\/www.fracturaexpuesta.com.ar\/tango\/wp-json\/wp\/v2\/categories?post=4320"},{"taxonomy":"post_tag","embeddable":true,"href":"https:\/\/www.fracturaexpuesta.com.ar\/tango\/wp-json\/wp\/v2\/tags?post=4320"}],"curies":[{"name":"wp","href":"https:\/\/api.w.org\/{rel}","templated":true}]}}