{"id":4333,"date":"2020-08-18T16:33:48","date_gmt":"2020-08-18T16:33:48","guid":{"rendered":"http:\/\/www.fracturaexpuesta.com.ar\/tango\/?p=4333"},"modified":"2020-08-18T17:34:39","modified_gmt":"2020-08-18T17:34:39","slug":"un-festival-y-mundial-de-tango-2020-con-recortes-cuestionamientos-y-en-version-virtual","status":"publish","type":"post","link":"https:\/\/www.fracturaexpuesta.com.ar\/tango\/un-festival-y-mundial-de-tango-2020-con-recortes-cuestionamientos-y-en-version-virtual\/","title":{"rendered":"Un Festival y Mundial de Tango 2020 con recortes, cuestionamientos y en versi\u00f3n virtual"},"content":{"rendered":"\n<p class=\"wp-block-paragraph\">Al menos tres elementos parecen estructurar la edici\u00f3n 2020 del Festival y Mundial de Tango en la Ciudad de Buenos Aires. <\/p>\n\n\n\n<p class=\"wp-block-paragraph\">Sus <strong>actividades ser\u00e1n virtuales y en un periodo acotado<\/strong> (del 26 al 30 de agosto), el <strong>concepto de \u201chomenaje\u201d<\/strong> gu\u00eda una parte importante de la grilla y su puesta en marcha tuvo, como escenario previo, varios comunicados de <strong>colectivos de artistas que reclamaron revisiones<\/strong> en lo que es el mayor evento de pol\u00edtica cultural asociado al tango en el territorio porte\u00f1o.<\/p>\n\n\n\n<p style=\"color:#ff0004;font-size:22px\" class=\"has-text-color wp-block-paragraph\"><strong>Un festival online y\nconmemorativo<\/strong><\/p>\n\n\n\n<p class=\"wp-block-paragraph\">Por obvias razones, las propuestas de ambos eventos se realizar\u00e1n bajo la modalidad virtual. Esta vez, la grilla (<a rel=\"noreferrer noopener\" aria-label=\"consultar la programaci\u00f3n completa (abre en una nueva pesta\u00f1a)\" href=\"https:\/\/www.fracturaexpuesta.com.ar\/tango\/index.php\/2020\/08\/18\/consulta-la-programacion-del-festival-y-mundial-de-tango-2020\/\" target=\"_blank\"><em>consultar la programaci\u00f3n completa<\/em><\/a>) se desplegar\u00e1 adem\u00e1s a lo largo de cinco d\u00edas, cuando habitualmente cada edici\u00f3n se extiende durante dos semanas.<\/p>\n\n\n\n<p class=\"wp-block-paragraph\">Se trata, en rigor, de \u201ccontenidos\u201d -como prefieren llamarlos desde el Gobierno de la Ciudad- que se podr\u00e1n ver <strong>a trav\u00e9s de las redes de Festivales BA<\/strong> y desde el sitio web <a rel=\"noreferrer noopener\" aria-label=\"buenosaires.gob.ar\/tangoba (abre en una nueva pesta\u00f1a)\" href=\"http:\/\/buenosaires.gob.ar\/tangoba\" target=\"_blank\"><em>buenosaires.gob.ar\/tangoba<\/em><\/a>. <\/p>\n\n\n\n<p class=\"wp-block-paragraph\">Conciertos-homenaje, clases de baile, milongas y convocatorias virtuales conforman la programaci\u00f3n del festival que se lleva adelante bajo la direcci\u00f3n art\u00edstica del productor, coleccionista e investigador Gabriel Soria.<\/p>\n\n\n\n<p class=\"wp-block-paragraph\">Con <strong>preeminencia de la mirada conmemorativa<\/strong>, orientada a homenajear a los grandes maestros del g\u00e9nero, el festival continuar\u00e1 en su senda de revalorizar a las figuras hist\u00f3ricas. En ese terreno es donde la iniciativa parece navegar en aguas seguras. Como sucedi\u00f3 con la edici\u00f3n 2019, las propuestas vinculadas a <a href=\"https:\/\/www.fracturaexpuesta.com.ar\/tango\/index.php\/2019\/08\/11\/tango-ba-festival-y-mundial-2019-una-escena-musical-sin-riesgo\/\" target=\"_blank\" rel=\"noreferrer noopener\" aria-label=\"corrientes musicales renovadores vuelven a quedar relegadas (abre en una nueva pesta\u00f1a)\">corrientes musicales renovadores vuelven a quedar relegadas<\/a> dentro de la programaci\u00f3n.<\/p>\n\n\n\n<p class=\"wp-block-paragraph\">De acuerdo a la grilla que difundieron los organizadores de TangoBA, los homenajes condensar\u00e1n a una gran porci\u00f3n de la m\u00fasica. <strong>\u00bfQu\u00e9 hay entonces del tango que circula hoy?<\/strong> Habr\u00e1 que esperar a la pr\u00f3xima edici\u00f3n para conocer -si es que as\u00ed sucede- a la inmensa variedad que despliega el tango contempor\u00e1neo y que enriquece la vida de esta expresi\u00f3n cultural.<\/p>\n\n\n\n<p class=\"wp-block-paragraph\">Junto a un espacio acotado entonces, se suma <strong>el recorte cualitativo que traza el festival a la hora de mostrar las potencialidades del tango<\/strong> de estos tiempos.&nbsp; Aunque se insista en \u201clos nuevos aportes de los artistas\u201d, la programaci\u00f3n no parece reflejar un arco amplio de selecci\u00f3n en esa sinton\u00eda.<\/p>\n\n\n\n<figure class=\"wp-block-image\"><img loading=\"lazy\" decoding=\"async\" width=\"600\" height=\"493\" src=\"https:\/\/www.fracturaexpuesta.com.ar\/tango\/wp-content\/uploads\/tangoBA-2020-4.jpg\" alt=\"\" class=\"wp-image-4340\" srcset=\"https:\/\/www.fracturaexpuesta.com.ar\/tango\/wp-content\/uploads\/tangoBA-2020-4.jpg 600w, https:\/\/www.fracturaexpuesta.com.ar\/tango\/wp-content\/uploads\/tangoBA-2020-4-300x247.jpg 300w\" sizes=\"auto, (max-width: 600px) 100vw, 600px\" \/><figcaption>La edici\u00f3n 2020 del Festival y Mundial de Tango ser\u00e1 virtual.<\/figcaption><\/figure>\n\n\n\n<p class=\"wp-block-paragraph\"><\/p>\n\n\n\n<p style=\"color:#ff0000;font-size:22px\" class=\"has-text-color wp-block-paragraph\"><strong>Los fuertes reclamos\nde los artistas<\/strong><\/p>\n\n\n\n<p class=\"wp-block-paragraph\">A la reducci\u00f3n de d\u00edas y el achicamiento del espectro en materia de propuestas art\u00edsticas heterog\u00e9neas, la actual edici\u00f3n del Festival y Mundial trae acoplados <strong>los reclamos de distintos colectivos art\u00edsticos y personalidades que manifestaron su disconformidad con el manejo del evento.<\/strong><\/p>\n\n\n\n<p class=\"wp-block-paragraph\">\u201cQueremos expresar nuestra preocupaci\u00f3n ante la decisi\u00f3n de Festivales de la Ciudad -dependiente del Ministerio de Cultura de la Ciudad Aut\u00f3noma de Buenos Aires- de no realizar la edici\u00f3n del Festival de Tango 2020 con<strong> la dimensi\u00f3n y proyecci\u00f3n que merece<\/strong> y la mirada que requiere este momento particular\u201d, indicaron numerosos m\u00fasicos a trav\u00e9s de un comunicado titulado <strong>\u201cSonido del Tango Unido\u201d<\/strong>. <\/p>\n\n\n\n<p class=\"wp-block-paragraph\">Luego de dar cuenta de <strong>la crisis de dimensiones hist\u00f3ricas que vive el sector del tango por la pandemia<\/strong> y de conocerse, a trav\u00e9s del testimonios de artistas, que <strong>la organizaci\u00f3n del festival ofreci\u00f3 participaciones \u201cad honorem\u201d<\/strong>, el comunicado Sonido del Tango Unido expres\u00f3 que \u201cla decisi\u00f3n de no volcar el presupuesto del festival a la comunidad art\u00edstica y no generar ninguna instancia de di\u00e1logo para recibir ideas y propuestas es, a esta altura, inadmisible\u201d.<\/p>\n\n\n\n<script async=\"\" src=\"https:\/\/pagead2.googlesyndication.com\/pagead\/js\/adsbygoogle.js\"><\/script>\n<ins class=\"adsbygoogle\" style=\"display:block; text-align:center;\" data-ad-layout=\"in-article\" data-ad-format=\"fluid\" data-ad-client=\"ca-pub-2103671489020353\" data-ad-slot=\"7337250265\"><\/ins>\n<script>\n     (adsbygoogle = window.adsbygoogle || []).push({});\n<\/script>\n\n\n\n<p class=\"wp-block-paragraph\"><\/p>\n\n\n\n<p class=\"wp-block-paragraph\">Quienes tambi\u00e9n expresaron su disconformidad fueron los bailarines y el sector de las milongas. El <strong>Consejo Tango Danza<\/strong> emiti\u00f3 una carta p\u00fablica en donde aclararon que \u201clas definiciones grandilocuentes\u201d no se corresponden con el tratamiento hacia los protagonistas del tango danza.<\/p>\n\n\n\n<p class=\"wp-block-paragraph\">En ese sentido, el texto habla de <strong>una edici\u00f3n \u201cvirtual e improvisada\u201d<\/strong> y de la falta de \u201cremuneraci\u00f3n econ\u00f3mica a todos los convocados\u201d. Y agrega: \u201cPedir que trabajemos sin remuneraci\u00f3n econ\u00f3mica, con la gravedad del contexto actual adem\u00e1s, <strong>est\u00e1 m\u00e1s cerca de la ofensa que del homenaje<\/strong>\u201d.<\/p>\n\n\n\n<figure class=\"wp-block-image\"><img loading=\"lazy\" decoding=\"async\" width=\"593\" height=\"611\" src=\"https:\/\/www.fracturaexpuesta.com.ar\/tango\/wp-content\/uploads\/tangoBA-2020-5-e1597767525432.jpg\" alt=\"\" class=\"wp-image-4344\" srcset=\"https:\/\/www.fracturaexpuesta.com.ar\/tango\/wp-content\/uploads\/tangoBA-2020-5-e1597767525432.jpg 593w, https:\/\/www.fracturaexpuesta.com.ar\/tango\/wp-content\/uploads\/tangoBA-2020-5-e1597767525432-291x300.jpg 291w\" sizes=\"auto, (max-width: 593px) 100vw, 593px\" \/><figcaption>Artistas reclaman cambios en el manejo del Festival y Mundial. (Foto: gentileza JP Librera)<\/figcaption><\/figure>\n\n\n\n<p class=\"wp-block-paragraph\">Tanto el comunicado Sonido del Tango Unido como el del Consejo Tango Danza, coinciden en replantear los lineamientos de los futuros festivales. <strong>Restablecer su realizaci\u00f3n en el verano porte\u00f1o y avanzar en acciones de pol\u00edtica cultural que fortalezcan verdaderamente a todos los actores<\/strong> del universo tanguero, son algunas de las cuestiones urgentes que se evidencian.<\/p>\n\n\n\n<p class=\"wp-block-paragraph\">Asimismo, <strong>la Asociaci\u00f3n de Organizadores de Milongas (AOM) y la Asociaci\u00f3n de Milongas con Sentido Social (MiSeSo)<\/strong> expresaron su posici\u00f3n a trav\u00e9s de un comunicado que arranca aludiendo a un \u201cfestival de irresponsabilidades p\u00fablicas\u201d.<\/p>\n\n\n\n<p class=\"wp-block-paragraph\">All\u00ed, los organizadores milongueros hablaron de un <strong>\u201cfestival v\u00eda streaming con una participaci\u00f3n reducida y sin ning\u00fan tipo de remuneraci\u00f3n\u201d<\/strong> y denunciaron \u201cla falta de pol\u00edticas destinadas a la atenci\u00f3n de la situaci\u00f3n socioecon\u00f3mica de las personas laboralmente vinculadas a la industria y a la actividad del tango en la ciudad, como al sostenimiento de los salones, clubes de barrio y espacios culturales donde funcionan las milongas\u201d.<\/p>\n\n\n\n<p class=\"wp-block-paragraph\">Por su parte, d\u00edas atr\u00e1s, el reconocido bailar\u00edn <strong>Carlos Copello<\/strong>, difundi\u00f3 un carta personal -dirigida al director Gabriel Soria y a las autoridades del Gobierno de la Ciudad de Buenos Aires- en donde se pliega al reclamo colectivo. <\/p>\n\n\n\n<p class=\"wp-block-paragraph\">En su texto, Copello dice: \u201cSi antes de la pandemia <strong>el Festival era famoso por el destrato a los artistas que convocaba<\/strong>, pag\u00e1ndole varios meses despu\u00e9s y olvid\u00e1ndolos el resto del a\u00f1o, ahora la desconsideraci\u00f3n en tiempos de Covid se manifiesta a trav\u00e9s de <strong>torpezas y verdugueo<\/strong>: anuncio del Festival virtual a pocos d\u00edas de que tenga lugar, convocatorias ad honorem en la mayor\u00eda de los casos y ninguneo de las milongas y espacios art\u00edsticos\u201d.<\/p>\n\n\n\n<p class=\"wp-block-paragraph\">Copello, finalmente, llama a <strong>dejar \u201cde precarizar el trabajo de los artistas\u201d<\/strong> y reclama \u201cuna pol\u00edtica de emergencia coherente y justa que permita atravesar esta crisis de manera digna, con subsidios\u201d y concluye que la historia ser\u00e1 \u201cimplacable con los verdugos del tango\u201d.<\/p>\n","protected":false},"excerpt":{"rendered":"<p>Con debates y reclamos, comienza la edici\u00f3n 2020 del Festival y Mundial de Tango en la ciudad. Una versi\u00f3n acotada y readaptada al contexto de pandemia. <\/p>\n","protected":false},"author":1,"featured_media":4334,"comment_status":"open","ping_status":"open","sticky":false,"template":"","format":"standard","meta":{"footnotes":""},"categories":[3],"tags":[32,218,100,111,197],"class_list":["post-4333","post","type-post","status-publish","format-standard","has-post-thumbnail","hentry","category-noticias","tag-featured","tag-festival-de-tango","tag-mundial-de-tango","tag-tango","tag-tangoba"],"_links":{"self":[{"href":"https:\/\/www.fracturaexpuesta.com.ar\/tango\/wp-json\/wp\/v2\/posts\/4333","targetHints":{"allow":["GET"]}}],"collection":[{"href":"https:\/\/www.fracturaexpuesta.com.ar\/tango\/wp-json\/wp\/v2\/posts"}],"about":[{"href":"https:\/\/www.fracturaexpuesta.com.ar\/tango\/wp-json\/wp\/v2\/types\/post"}],"author":[{"embeddable":true,"href":"https:\/\/www.fracturaexpuesta.com.ar\/tango\/wp-json\/wp\/v2\/users\/1"}],"replies":[{"embeddable":true,"href":"https:\/\/www.fracturaexpuesta.com.ar\/tango\/wp-json\/wp\/v2\/comments?post=4333"}],"version-history":[{"count":14,"href":"https:\/\/www.fracturaexpuesta.com.ar\/tango\/wp-json\/wp\/v2\/posts\/4333\/revisions"}],"predecessor-version":[{"id":4354,"href":"https:\/\/www.fracturaexpuesta.com.ar\/tango\/wp-json\/wp\/v2\/posts\/4333\/revisions\/4354"}],"wp:featuredmedia":[{"embeddable":true,"href":"https:\/\/www.fracturaexpuesta.com.ar\/tango\/wp-json\/wp\/v2\/media\/4334"}],"wp:attachment":[{"href":"https:\/\/www.fracturaexpuesta.com.ar\/tango\/wp-json\/wp\/v2\/media?parent=4333"}],"wp:term":[{"taxonomy":"category","embeddable":true,"href":"https:\/\/www.fracturaexpuesta.com.ar\/tango\/wp-json\/wp\/v2\/categories?post=4333"},{"taxonomy":"post_tag","embeddable":true,"href":"https:\/\/www.fracturaexpuesta.com.ar\/tango\/wp-json\/wp\/v2\/tags?post=4333"}],"curies":[{"name":"wp","href":"https:\/\/api.w.org\/{rel}","templated":true}]}}