{"id":4356,"date":"2020-08-20T18:56:55","date_gmt":"2020-08-20T18:56:55","guid":{"rendered":"http:\/\/www.fracturaexpuesta.com.ar\/tango\/?p=4356"},"modified":"2020-08-20T18:57:00","modified_gmt":"2020-08-20T18:57:00","slug":"la-otra-orilla-una-epoca-previa-a-la-densa-maquinaria-capitalista","status":"publish","type":"post","link":"https:\/\/www.fracturaexpuesta.com.ar\/tango\/la-otra-orilla-una-epoca-previa-a-la-densa-maquinaria-capitalista\/","title":{"rendered":"La otra orilla: una \u00e9poca previa a la densa maquinaria capitalista"},"content":{"rendered":"\n<p class=\"wp-block-paragraph\">\u201cEsta a<strong>guafuerte de la madrugada del puerto montevideano<\/strong>, es una foto perfecta. Hay en la letra de este tango una pintura de Montevideo y, especialmente, de una ciudad que, en el momento en que esto fue escrito, ya hab\u00eda sido\u201d, reflexiona Jos\u00e9 Arenas en el nuevo episodio de <strong>La otra orilla<\/strong>, el segmento radial que se emite por <a href=\"http:\/\/www.fracturaexpuesta.com.ar\/doblearadio\/\" target=\"_blank\" rel=\"noreferrer noopener\" aria-label=\"Doble A (abre en una nueva pesta\u00f1a)\">Doble A<\/a>.<\/p>\n\n\n\n<p class=\"wp-block-paragraph\">Arenas se sumerge esta vez en <strong>el tango \u201cEn la madrugada\u201d<\/strong>, con letra de Federico Silva junto a Tito Cabano, quien tambi\u00e9n compuso la m\u00fasica. <\/p>\n\n\n\n<p class=\"wp-block-paragraph\">\u201cLos cafetines dejan entrar la esencia de la madrugada. Los arrabaleros barcitos del puerto son los lugares para la convivencia de los hombres, especialmente <strong>evocando una \u00e9poca previa a la densa y descarnada maquinaria capitalista<\/strong>. Todav\u00eda la \u00e9tica del sistema no cargaba de culpas al hombre que decid\u00eda, una vez quitado el yugo, ir a perderse en una copa como los barcos que el puerto libera desconociendo su destino\u201d, analiza Arenas.<\/p>\n\n\n\n<p class=\"wp-block-paragraph\">Y explica: \u201cEs el momento del cafet\u00edn, de pasar la noche\naliviando la miseria del vertiginoso e inextricable mundo moderno, se trata de una\npintura de la \u00faltima \u00e9poca \u2018libre\u2019\u201d.<\/p>\n\n\n\n<p class=\"wp-block-paragraph\"><em>La otra orilla<\/em> es una producci\u00f3n de Doble A que busca r<strong>evalorizar la contribuci\u00f3n de la creaci\u00f3n uruguaya al cancionero de la m\u00fasica popular<\/strong> urbana. Se emite diariamente por la se\u00f1al online de tango de Fractura Expuesta.<\/p>\n\n\n\n<p class=\"wp-block-paragraph\"><strong>Escuch\u00e1 el nuevo cap\u00edtulo con \u201cEn la madrugada\u201d:<\/strong><\/p>\n\n\n\n<iframe loading=\"lazy\" width=\"600\" height=\"355\" src=\"https:\/\/www.youtube.com\/embed\/wWiTjtF2sMw\" frameborder=\"0\" allow=\"accelerometer; autoplay; encrypted-media; gyroscope; picture-in-picture\" allowfullscreen><\/iframe>\n\n\n\n<p class=\"wp-block-paragraph\"><\/p>\n","protected":false},"excerpt":{"rendered":"<p>Te acercamos el nuevo episodio del segmento radial que conduce el uruguayo Jos\u00e9 Arenas en Doble A.<\/p>\n","protected":false},"author":1,"featured_media":4357,"comment_status":"open","ping_status":"open","sticky":false,"template":"","format":"standard","meta":{"footnotes":""},"categories":[298],"tags":[292,32,299,300],"class_list":["post-4356","post","type-post","status-publish","format-standard","has-post-thumbnail","hentry","category-doble-a","tag-doble-a","tag-featured","tag-jose-arenas","tag-la-otra-orilla"],"_links":{"self":[{"href":"https:\/\/www.fracturaexpuesta.com.ar\/tango\/wp-json\/wp\/v2\/posts\/4356","targetHints":{"allow":["GET"]}}],"collection":[{"href":"https:\/\/www.fracturaexpuesta.com.ar\/tango\/wp-json\/wp\/v2\/posts"}],"about":[{"href":"https:\/\/www.fracturaexpuesta.com.ar\/tango\/wp-json\/wp\/v2\/types\/post"}],"author":[{"embeddable":true,"href":"https:\/\/www.fracturaexpuesta.com.ar\/tango\/wp-json\/wp\/v2\/users\/1"}],"replies":[{"embeddable":true,"href":"https:\/\/www.fracturaexpuesta.com.ar\/tango\/wp-json\/wp\/v2\/comments?post=4356"}],"version-history":[{"count":1,"href":"https:\/\/www.fracturaexpuesta.com.ar\/tango\/wp-json\/wp\/v2\/posts\/4356\/revisions"}],"predecessor-version":[{"id":4358,"href":"https:\/\/www.fracturaexpuesta.com.ar\/tango\/wp-json\/wp\/v2\/posts\/4356\/revisions\/4358"}],"wp:featuredmedia":[{"embeddable":true,"href":"https:\/\/www.fracturaexpuesta.com.ar\/tango\/wp-json\/wp\/v2\/media\/4357"}],"wp:attachment":[{"href":"https:\/\/www.fracturaexpuesta.com.ar\/tango\/wp-json\/wp\/v2\/media?parent=4356"}],"wp:term":[{"taxonomy":"category","embeddable":true,"href":"https:\/\/www.fracturaexpuesta.com.ar\/tango\/wp-json\/wp\/v2\/categories?post=4356"},{"taxonomy":"post_tag","embeddable":true,"href":"https:\/\/www.fracturaexpuesta.com.ar\/tango\/wp-json\/wp\/v2\/tags?post=4356"}],"curies":[{"name":"wp","href":"https:\/\/api.w.org\/{rel}","templated":true}]}}