{"id":4395,"date":"2020-09-07T19:03:18","date_gmt":"2020-09-07T19:03:18","guid":{"rendered":"http:\/\/www.fracturaexpuesta.com.ar\/tango\/?p=4395"},"modified":"2020-09-07T19:06:18","modified_gmt":"2020-09-07T19:06:18","slug":"la-otra-orilla-la-piqueta-fatal-del-progreso","status":"publish","type":"post","link":"https:\/\/www.fracturaexpuesta.com.ar\/tango\/la-otra-orilla-la-piqueta-fatal-del-progreso\/","title":{"rendered":"La otra orilla: \u201cLa piqueta fatal del progreso\u201d"},"content":{"rendered":"\n<p class=\"wp-block-paragraph\">En el nuevo cap\u00edtulo del podcast <em>La otra orilla<\/em>, <strong>Jos\u00e9 Arenas examina el tango uruguayo \u201cAdi\u00f3s mi barrio\u201d<\/strong>, con letra de V\u00edctor Soli\u00f1o y m\u00fasica de Ram\u00f3n Collazo. Se escucha la versi\u00f3n de la cantante Malena Muyala.<\/p>\n\n\n\n<p class=\"wp-block-paragraph\">\u201cEste tango es uno de los primeros lamentos o protestas contra <strong>el animal paquid\u00e9rmico de las arquitecturas modernas ca\u00eddas sobre Montevideo<\/strong> para poder hacer lo nuevo, a costa de los cad\u00e1veres de la tradici\u00f3n\u201d, dice el escritor en el espacio radial que se emite por Doble A.<\/p>\n\n\n\n<p class=\"wp-block-paragraph\">Y agrega: \u201cLa letra de Soli\u00f1o propone una mirada de clases.\nLo que se esfuma es la zona del tango, del compadre, de los conventillos, all\u00ed\nes donde ese pu\u00f1al de lo moderno se atreve a meter mano, a revolver\nobscenamente la memoria del Montevideo humilde. Es el Barrio Sur el que tiene\nque despojarse de sus harapos para, a la fuerza, probarse las fachadas nuevas\u201d.<\/p>\n\n\n\n<p class=\"wp-block-paragraph\">Dice la letra de \u201cAdi\u00f3s mi barrio\u201d:<\/p>\n\n\n\n<p class=\"wp-block-paragraph\"><em>Viejo barrio que te vas<br> te doy mi \u00faltimo adi\u00f3s<br> ya no te ver\u00e9 m\u00e1s.<br> Con tu negro murall\u00f3n,<br> desaparecer\u00e1 toda una tradici\u00f3n.<br> Mi viejo Barrio Sur,<br> triste y sentimental,<br> la civilizaci\u00f3n te clava su pu\u00f1al.<br> En tu costa de ilus\u00f3n<br> fue donde se acun\u00f3<br> el tango compadr\u00f3n.<\/em><\/p>\n\n\n\n<p class=\"wp-block-paragraph\"><em>Ya se fue tu famosa muralla,<br> cuyas sombras sirvieron mil veces<br> de testigo a los guapos de laya<br> que mor\u00edan por un coraz\u00f3n.<br> Y en las noches de luna febriles,<br> al comp\u00e1s rezong\u00f3n de las olas,<br> los muchachos con sus tamboriles<br> ya no entonan su alegre canci\u00f3n.<\/em><\/p>\n\n\n\n<p class=\"wp-block-paragraph\"><em>El boliche ha cerrado su puerta,<br> ya no hay risas, ni luz, ni alegr\u00eda<br> y en la calle ruinosa y desierta<br> sopla un viento de desolaci\u00f3n.<br> La piqueta fatal del progreso<br> arranc\u00f3 mil recuerdos queridos<br> y parece que el mar en un rezo,<br> demostrara tambi\u00e9n su emoci\u00f3n.<\/em><\/p>\n\n\n\n<p class=\"wp-block-paragraph\"><strong>Escuch\u00e1 el cap\u00edtulo m\u00e1s reciente de La otra orilla con \u201cAdi\u00f3s mi barrio\u201d:<\/strong><\/p>\n\n\n\n<iframe loading=\"lazy\" width=\"600\" height=\"355\" src=\"https:\/\/www.youtube.com\/embed\/pK37nGoI-I8\" frameborder=\"0\" allow=\"accelerometer; autoplay; encrypted-media; gyroscope; picture-in-picture\" allowfullscreen=\"\"><\/iframe>\n\n\n\n<p class=\"wp-block-paragraph\"><\/p>\n","protected":false},"excerpt":{"rendered":"<p>Un r\u00e9quiem para los \u00faltimos coletazos de un barrio que se transforma con los vientos modernos.<\/p>\n","protected":false},"author":1,"featured_media":4396,"comment_status":"open","ping_status":"open","sticky":false,"template":"","format":"standard","meta":{"footnotes":""},"categories":[298],"tags":[292,32,299,300,315],"class_list":["post-4395","post","type-post","status-publish","format-standard","has-post-thumbnail","hentry","category-doble-a","tag-doble-a","tag-featured","tag-jose-arenas","tag-la-otra-orilla","tag-malena-muyala"],"_links":{"self":[{"href":"https:\/\/www.fracturaexpuesta.com.ar\/tango\/wp-json\/wp\/v2\/posts\/4395","targetHints":{"allow":["GET"]}}],"collection":[{"href":"https:\/\/www.fracturaexpuesta.com.ar\/tango\/wp-json\/wp\/v2\/posts"}],"about":[{"href":"https:\/\/www.fracturaexpuesta.com.ar\/tango\/wp-json\/wp\/v2\/types\/post"}],"author":[{"embeddable":true,"href":"https:\/\/www.fracturaexpuesta.com.ar\/tango\/wp-json\/wp\/v2\/users\/1"}],"replies":[{"embeddable":true,"href":"https:\/\/www.fracturaexpuesta.com.ar\/tango\/wp-json\/wp\/v2\/comments?post=4395"}],"version-history":[{"count":3,"href":"https:\/\/www.fracturaexpuesta.com.ar\/tango\/wp-json\/wp\/v2\/posts\/4395\/revisions"}],"predecessor-version":[{"id":4399,"href":"https:\/\/www.fracturaexpuesta.com.ar\/tango\/wp-json\/wp\/v2\/posts\/4395\/revisions\/4399"}],"wp:featuredmedia":[{"embeddable":true,"href":"https:\/\/www.fracturaexpuesta.com.ar\/tango\/wp-json\/wp\/v2\/media\/4396"}],"wp:attachment":[{"href":"https:\/\/www.fracturaexpuesta.com.ar\/tango\/wp-json\/wp\/v2\/media?parent=4395"}],"wp:term":[{"taxonomy":"category","embeddable":true,"href":"https:\/\/www.fracturaexpuesta.com.ar\/tango\/wp-json\/wp\/v2\/categories?post=4395"},{"taxonomy":"post_tag","embeddable":true,"href":"https:\/\/www.fracturaexpuesta.com.ar\/tango\/wp-json\/wp\/v2\/tags?post=4395"}],"curies":[{"name":"wp","href":"https:\/\/api.w.org\/{rel}","templated":true}]}}