{"id":4414,"date":"2020-09-16T02:38:21","date_gmt":"2020-09-16T02:38:21","guid":{"rendered":"http:\/\/www.fracturaexpuesta.com.ar\/tango\/?p=4414"},"modified":"2021-10-27T02:02:37","modified_gmt":"2021-10-27T02:02:37","slug":"picadito-de-tango-16-para-escuchar-bailar-y-agendar","status":"publish","type":"post","link":"https:\/\/www.fracturaexpuesta.com.ar\/tango\/picadito-de-tango-16-para-escuchar-bailar-y-agendar\/","title":{"rendered":"Picadito de tango #16: para escuchar, bailar y agendar"},"content":{"rendered":"\n<p style=\"color:#ff0004;font-size:22px\" class=\"has-text-color wp-block-paragraph\"><strong>Marina Ruiz Matta\ntiene nuevo disco<\/strong><\/p>\n\n\n\n<p class=\"wp-block-paragraph\">Luego de <em>Demasiada agua<\/em> (2013) y <em>Azul final<\/em> (2017), la pianista, compositora y cantante Marina Ruiz Matta lanz\u00f3 su disco <em><strong>Vida y muerte de una flor<\/strong><\/em>. <\/p>\n\n\n\n<p class=\"wp-block-paragraph\">Publicado exclusivamente <strong>en formato web<\/strong>, el \u00e1lbum contiene composiciones de autor\u00eda de Ruiz Matta, entre piezas para piano solo, para piano y cuerdas y dos canciones con texto.<\/p>\n\n\n\n<p class=\"wp-block-paragraph\">El material cuenta con las participaciones de Ramiro Gallo (violin), Bel\u00e9n Echeveste (violoncello) y Mart\u00edn Wainer (contrabajo) y reafirma el trabajo de exploraci\u00f3n en torno al <strong>tango, el folklore y el jazz<\/strong> que lleva adelante la pianista.<\/p>\n\n\n\n<p class=\"wp-block-paragraph\">Escuch\u00e1 el disco:<\/p>\n\n\n\n<iframe loading=\"lazy\" width=\"600\" height=\"360\" src=\"https:\/\/www.youtube.com\/embed\/-A6mOCgnXGc\" frameborder=\"0\" allow=\"accelerometer; autoplay; clipboard-write; encrypted-media; gyroscope; picture-in-picture\" allowfullscreen><\/iframe>\n\n\n\n<p class=\"wp-block-paragraph\"><\/p>\n\n\n\n<p style=\"color:#ff0004;font-size:22px\" class=\"has-text-color wp-block-paragraph\"><strong>Comienza el Encuentro\nFederal de Tango<\/strong><\/p>\n\n\n\n<p class=\"wp-block-paragraph\">Desde <strong>este jueves 17 y hasta el 20 de septiembre<\/strong>, la Red Nacional de Tango pondr\u00e1 en marcha el 1er. Encuentro Federal.<\/p>\n\n\n\n<p class=\"wp-block-paragraph\">Se trata de una iniciativa que ofrecer\u00e1 <strong>clases de baile, conversatorios, exhibiciones en vivo y creaciones esc\u00e9nicas<\/strong> de manera virtual con transmisiones que se podr\u00e1n seguir desde las redes y plataformas del colectivo tanguero.<\/p>\n\n\n\n<p class=\"wp-block-paragraph\">Abocadas al baile y sus distintas derivaciones, las actividades del encuentro se desplegar\u00e1n entre las 15 y las 21 y ser\u00e1n <strong>gratuitas, con inscripci\u00f3n previa<\/strong>.<\/p>\n\n\n\n<p class=\"wp-block-paragraph\">La grilla completa se puede <a rel=\"noreferrer noopener\" aria-label=\"consultar ac\u00e1 (abre en una nueva pesta\u00f1a)\" href=\"https:\/\/www.facebook.com\/rednacionaldetango\" target=\"_blank\">consultar ac\u00e1<\/a>.<\/p>\n\n\n\n<script async=\"\" src=\"https:\/\/pagead2.googlesyndication.com\/pagead\/js\/adsbygoogle.js\"><\/script>\n<ins class=\"adsbygoogle\" style=\"display:block; text-align:center;\" data-ad-layout=\"in-article\" data-ad-format=\"fluid\" data-ad-client=\"ca-pub-2103671489020353\" data-ad-slot=\"7337250265\"><\/ins>\n<script>\n     (adsbygoogle = window.adsbygoogle || []).push({});\n<\/script>\n\n\n\n<p class=\"wp-block-paragraph\"><\/p>\n\n\n\n<p style=\"color:#ff0004;font-size:22px\" class=\"has-text-color wp-block-paragraph\"><strong>Camino al centenario de Piazzolla<\/strong><\/p>\n\n\n\n<p class=\"wp-block-paragraph\">El s\u00e1bado 26 de septiembre, a las 20, se realizar\u00e1 el lanzamiento virtual del festival <strong>Experiencia Piazzolla en el Konex<\/strong>, el evento que celebrar\u00e1 en 2021 los <strong>100 a\u00f1os del nacimiento del legendario bandoneonista<\/strong>.<\/p>\n\n\n\n<p class=\"wp-block-paragraph\">El puntapi\u00e9 inicial ser\u00e1 transmitido de forma gratuita a trav\u00e9s del canal de <a rel=\"noreferrer noopener\" aria-label=\"YouTube de CCKonex (abre en una nueva pesta\u00f1a)\" href=\"http:\/\/youtube.com\/user\/Ciudadculturalkonex\" target=\"_blank\">YouTube de CCKonex<\/a> y el sitio web <em>experienciapiazzolla.com<\/em>.<\/p>\n\n\n\n<figure class=\"wp-block-image\"><img loading=\"lazy\" decoding=\"async\" width=\"650\" height=\"661\" src=\"https:\/\/www.fracturaexpuesta.com.ar\/tango\/wp-content\/uploads\/piazzolla.jpg\" alt=\"\" class=\"wp-image-4418\" srcset=\"https:\/\/www.fracturaexpuesta.com.ar\/tango\/wp-content\/uploads\/piazzolla.jpg 650w, https:\/\/www.fracturaexpuesta.com.ar\/tango\/wp-content\/uploads\/piazzolla-295x300.jpg 295w\" sizes=\"auto, (max-width: 650px) 100vw, 650px\" \/><figcaption>Piazzolla naci\u00f3 el 11 de marzo de 1921<\/figcaption><\/figure>\n\n\n\n<p class=\"wp-block-paragraph\">Daniel \u201cPipi\u201d Piazzolla, nieto de Astor, ser\u00e1 el curador y\npresentador del encuentro virtual que contar\u00e1 con intervenciones musicales a\ncargo del Quinteto Astor Piazzolla, el Tr\u00edo Luminar, la saxofonista salte\u00f1a\nYamile Burich junto a su quinteto y las cantantes Paula Maffia y Sandra Mihanovich.<\/p>\n","protected":false},"excerpt":{"rendered":"<p>Novedades de Marina Ruiz Matta, un encuentro federal de baile y el camino a los 100 de Piazzolla.<\/p>\n","protected":false},"author":1,"featured_media":4415,"comment_status":"open","ping_status":"open","sticky":false,"template":"","format":"standard","meta":{"footnotes":""},"categories":[3],"tags":[328,32,325,326,201,327,111],"class_list":["post-4414","post","type-post","status-publish","format-standard","has-post-thumbnail","hentry","category-noticias","tag-astor-piazzolla","tag-featured","tag-marina-ruiz-matta","tag-piazzolla","tag-picadito","tag-red-nacional-de-tango","tag-tango"],"_links":{"self":[{"href":"https:\/\/www.fracturaexpuesta.com.ar\/tango\/wp-json\/wp\/v2\/posts\/4414","targetHints":{"allow":["GET"]}}],"collection":[{"href":"https:\/\/www.fracturaexpuesta.com.ar\/tango\/wp-json\/wp\/v2\/posts"}],"about":[{"href":"https:\/\/www.fracturaexpuesta.com.ar\/tango\/wp-json\/wp\/v2\/types\/post"}],"author":[{"embeddable":true,"href":"https:\/\/www.fracturaexpuesta.com.ar\/tango\/wp-json\/wp\/v2\/users\/1"}],"replies":[{"embeddable":true,"href":"https:\/\/www.fracturaexpuesta.com.ar\/tango\/wp-json\/wp\/v2\/comments?post=4414"}],"version-history":[{"count":2,"href":"https:\/\/www.fracturaexpuesta.com.ar\/tango\/wp-json\/wp\/v2\/posts\/4414\/revisions"}],"predecessor-version":[{"id":4419,"href":"https:\/\/www.fracturaexpuesta.com.ar\/tango\/wp-json\/wp\/v2\/posts\/4414\/revisions\/4419"}],"wp:featuredmedia":[{"embeddable":true,"href":"https:\/\/www.fracturaexpuesta.com.ar\/tango\/wp-json\/wp\/v2\/media\/4415"}],"wp:attachment":[{"href":"https:\/\/www.fracturaexpuesta.com.ar\/tango\/wp-json\/wp\/v2\/media?parent=4414"}],"wp:term":[{"taxonomy":"category","embeddable":true,"href":"https:\/\/www.fracturaexpuesta.com.ar\/tango\/wp-json\/wp\/v2\/categories?post=4414"},{"taxonomy":"post_tag","embeddable":true,"href":"https:\/\/www.fracturaexpuesta.com.ar\/tango\/wp-json\/wp\/v2\/tags?post=4414"}],"curies":[{"name":"wp","href":"https:\/\/api.w.org\/{rel}","templated":true}]}}