{"id":4428,"date":"2020-09-30T14:38:06","date_gmt":"2020-09-30T14:38:06","guid":{"rendered":"http:\/\/www.fracturaexpuesta.com.ar\/tango\/?p=4428"},"modified":"2021-10-27T02:02:22","modified_gmt":"2021-10-27T02:02:22","slug":"picadito-de-tango-17-conciertos-online-y-un-nuevo-disco","status":"publish","type":"post","link":"https:\/\/www.fracturaexpuesta.com.ar\/tango\/picadito-de-tango-17-conciertos-online-y-un-nuevo-disco\/","title":{"rendered":"Picadito de tango #17: conciertos online y un nuevo disco"},"content":{"rendered":"\n<p style=\"color:#ff0004;font-size:22px\" class=\"has-text-color wp-block-paragraph\"><strong>Lidia Borda por streaming<\/strong><\/p>\n\n\n\n<p class=\"wp-block-paragraph\">La cantante Lidia Borda y el pianista Daniel Godfrid har\u00e1n su primer concierto online <strong>este viernes 2, a las 22<\/strong>.<\/p>\n\n\n\n<p class=\"wp-block-paragraph\">El show repasar\u00e1 tangos y otras m\u00fasicas del cancionero popular y los tickets se podr\u00e1n adquirir a trav\u00e9s de <a rel=\"noreferrer noopener\" aria-label=\"este enlace (abre en una nueva pesta\u00f1a)\" href=\"https:\/\/www.passline.com\/eventos\/lidia-borda-en-vivo\" target=\"_blank\">este enlace<\/a>. <\/p>\n\n\n\n<p class=\"wp-block-paragraph\">\u00abNada acerca mejor que la distancia\u00bb, dicen los artistas -citando a Manzi- sobre las nuevas modalidades de conciertos que dispuso el contexto de la pandemia mundial.<\/p>\n\n\n\n<p class=\"wp-block-paragraph\">Para quienes adquieran las entradas, el concierto quedar\u00e1 disponible para volver a ver hasta el domingo 4 a la medianoche.<\/p>\n\n\n\n<p style=\"color:#ff0004;font-size:22px\" class=\"has-text-color wp-block-paragraph\"><strong>Reencuentro con\nLucrecia Merico<\/strong><\/p>\n\n\n\n<p class=\"wp-block-paragraph\">La cantante Lucrecia Merico anunci\u00f3 tambi\u00e9n un concierto online para el <strong>viernes 30 de octubre a las 22 <\/strong>junto al guitarrista Juan Iruzubieta.<\/p>\n\n\n\n<p class=\"wp-block-paragraph\">El reencuentro con su p\u00fablico se llevar\u00e1 adelante desde el Caf\u00e9 La Bohemia y ser\u00e1 un show en donde interpretar\u00e1 tangos, boleros y canciones y leer\u00e1 poemas, al tiempo de conversar con sus&nbsp; espectadores.<\/p>\n\n\n\n<p class=\"wp-block-paragraph\">Las entradas se adquieren en <a href=\"https:\/\/wama.live\/\" target=\"_blank\" rel=\"noreferrer noopener\" aria-label=\"esta plataforma (abre en una nueva pesta\u00f1a)\">esta plataforma<\/a> y estar\u00e1n disponibles desde el 5 de octubre.<\/p>\n\n\n\n<p style=\"color:#ff0004;font-size:22px\" class=\"has-text-color wp-block-paragraph\"><strong>Caravana de tangos para\nestos tiempos<\/strong><\/p>\n\n\n\n<p class=\"wp-block-paragraph\">Finalmente <strong>Caravana<\/strong> dio a conocer su nuevo disco a trav\u00e9s de plataformas musicales.<\/p>\n\n\n\n<p class=\"wp-block-paragraph\">Titulado <em><strong>El mundo te espera ah\u00ed afuera<\/strong><\/em>, el material re\u00fane tangos originales que \u201crecorren el paisaje humano de esta Gran Buenos Aires Siglo XXI atravesada por sus dilemas\u201d.<\/p>\n\n\n\n<p class=\"wp-block-paragraph\">De pulso milonguero y melod\u00edas para el abrazo de tango, el disco es la segunda producci\u00f3n del grupo -formado hacia 2018- luego de su EP <em>Amor y capitalismo<\/em>.<\/p>\n\n\n\n<p class=\"wp-block-paragraph\">Escuchalo ac\u00e1:<\/p>\n\n\n\n<iframe loading=\"lazy\" width=\"600\" height=\"355\" src=\"https:\/\/www.youtube.com\/embed\/GGv723rEcDw\" frameborder=\"0\" allow=\"accelerometer; autoplay; clipboard-write; encrypted-media; gyroscope; picture-in-picture\" allowfullscreen=\"\"><\/iframe>\n\n\n\n<p class=\"wp-block-paragraph\"><\/p>\n","protected":false},"excerpt":{"rendered":"<p>Novedades de las cantantes Lidia Borda y Lucrecia Merico y el lanzamiento del disco de Caravana.<\/p>\n","protected":false},"author":1,"featured_media":4429,"comment_status":"open","ping_status":"open","sticky":false,"template":"","format":"standard","meta":{"footnotes":""},"categories":[3],"tags":[203,32,202,330,201,111],"class_list":["post-4428","post","type-post","status-publish","format-standard","has-post-thumbnail","hentry","category-noticias","tag-caravana","tag-featured","tag-lidia-borda","tag-lucrecia-merico","tag-picadito","tag-tango"],"_links":{"self":[{"href":"https:\/\/www.fracturaexpuesta.com.ar\/tango\/wp-json\/wp\/v2\/posts\/4428","targetHints":{"allow":["GET"]}}],"collection":[{"href":"https:\/\/www.fracturaexpuesta.com.ar\/tango\/wp-json\/wp\/v2\/posts"}],"about":[{"href":"https:\/\/www.fracturaexpuesta.com.ar\/tango\/wp-json\/wp\/v2\/types\/post"}],"author":[{"embeddable":true,"href":"https:\/\/www.fracturaexpuesta.com.ar\/tango\/wp-json\/wp\/v2\/users\/1"}],"replies":[{"embeddable":true,"href":"https:\/\/www.fracturaexpuesta.com.ar\/tango\/wp-json\/wp\/v2\/comments?post=4428"}],"version-history":[{"count":3,"href":"https:\/\/www.fracturaexpuesta.com.ar\/tango\/wp-json\/wp\/v2\/posts\/4428\/revisions"}],"predecessor-version":[{"id":4432,"href":"https:\/\/www.fracturaexpuesta.com.ar\/tango\/wp-json\/wp\/v2\/posts\/4428\/revisions\/4432"}],"wp:featuredmedia":[{"embeddable":true,"href":"https:\/\/www.fracturaexpuesta.com.ar\/tango\/wp-json\/wp\/v2\/media\/4429"}],"wp:attachment":[{"href":"https:\/\/www.fracturaexpuesta.com.ar\/tango\/wp-json\/wp\/v2\/media?parent=4428"}],"wp:term":[{"taxonomy":"category","embeddable":true,"href":"https:\/\/www.fracturaexpuesta.com.ar\/tango\/wp-json\/wp\/v2\/categories?post=4428"},{"taxonomy":"post_tag","embeddable":true,"href":"https:\/\/www.fracturaexpuesta.com.ar\/tango\/wp-json\/wp\/v2\/tags?post=4428"}],"curies":[{"name":"wp","href":"https:\/\/api.w.org\/{rel}","templated":true}]}}