{"id":4434,"date":"2020-10-04T20:00:21","date_gmt":"2020-10-04T20:00:21","guid":{"rendered":"http:\/\/www.fracturaexpuesta.com.ar\/tango\/?p=4434"},"modified":"2020-10-04T20:07:17","modified_gmt":"2020-10-04T20:07:17","slug":"la-otra-orilla-un-mapa-historico-y-estetico-de-montevideo","status":"publish","type":"post","link":"https:\/\/www.fracturaexpuesta.com.ar\/tango\/la-otra-orilla-un-mapa-historico-y-estetico-de-montevideo\/","title":{"rendered":"La otra orilla: \u201cUn mapa hist\u00f3rico y est\u00e9tico de Montevideo\u201d"},"content":{"rendered":"\n<p class=\"wp-block-paragraph\">En otro episodio de <em>La otra orilla<\/em>, el micro radial que conduce Jos\u00e9 Arenas por <a rel=\"noreferrer noopener\" aria-label=\"Doble A (abre en una nueva pesta\u00f1a)\" href=\"http:\/\/www.fracturaexpuesta.com.ar\/doblearadio\/\" target=\"_blank\">Doble A<\/a>, <strong>el escritor y ensayista uruguayo analiza esta vez el tango \u201cMontevideo (Al sur del sur)\u201d, con letra de Andr\u00e9s Tulipano y m\u00fasica de Ra\u00fal Garello.<\/strong><\/p>\n\n\n\n<p class=\"wp-block-paragraph\">\u201cMontevideo, en el mundo de las ciudades cuenta con su destacado cancionero personal. <strong>La pluma de la canci\u00f3n popular ha bailado el ritmo de la capital uruguaya de diferentes maneras y siempre con una est\u00e9tica cuidada<\/strong> gracias a sus poetas de ojo aguzado; desde Mauricio Ubal, Alba San Juan, Daniel Amaro, Jorge Bonaldi, Jaime Roos, Fernando Cabrera o Samantha Navarro, entre otros\u201d, destaca Arenas en el espacio radial.<\/p>\n\n\n\n<p class=\"wp-block-paragraph\">Inmerso ya en la indagaci\u00f3n de la obra, el escritor uruguayo cuenta: \u201cCasi terminando el siglo XX, <strong>Gustavo Nocetti estren\u00f3, con la Orquesta de Tango de la Ciudad de Buenos Aires, dirigida por Ra\u00fal Garello, el tango \u2018Montevideo (Al sur del sur)\u2019<\/strong>, como un regalo de la embajada Argentina al Uruguay, hecho sobre los versos del letrista Andr\u00e9s Tulipano. A\u00f1os m\u00e1s tarde y, de forma algo hartera aunque no il\u00edcita, <strong>Garello grabar\u00eda la misma m\u00fasica con otra letra dedicada a la capital porte\u00f1a<\/strong> bajo el t\u00edtulo de \u2018Un alguien\u2019. Sin duda, una segunda versi\u00f3n carente de la luminosidad primera\u201d.<\/p>\n\n\n\n<p class=\"wp-block-paragraph\">Destacando los distintos matices que la poes\u00eda puede adquirir al momento de contar una ciudad, Arenas dice sobre el tango escrito por Tulipano: \u201cParece ser <strong>una serie de im\u00e1genes, una concatenaci\u00f3n de elementos propios de la ciudad montevideana<\/strong> que, en su conjunto, devienen en retrato o quiz\u00e1, en collage de retratos. En esa forma donde los versos no tienen sentido si no son concebidos en su totalidad, <strong>crea un mapa hist\u00f3rico y est\u00e9tico de Montevideo<\/strong>, de esa ciudad que est\u00e1 al sur de todo sur y sobre un r\u00edo marr\u00f3n que besa y se va sucesivamente\u201d.<\/p>\n\n\n\n<p class=\"wp-block-paragraph\">Y cierra: \u201cBuscando su lugar protag\u00f3nico, queriendo ser la chica linda al menos por unos minutos, este tango vuelve a fundar el sitio. En el nuevo milenio hay una nueva mujer, <strong>Montevideo, que quiere ser refundada para los aires j\u00f3venes del g\u00e9nero orillero<\/strong>\u201d.<\/p>\n\n\n\n<p style=\"color:#ff0004;font-size:22px\" class=\"has-text-color wp-block-paragraph\"><strong>Acerca de La otra orilla<\/strong><\/p>\n\n\n\n<p class=\"wp-block-paragraph\">El micro radial <em>La otra orilla<\/em> es una producci\u00f3n conjunta de Jos\u00e9 Arenas y Doble A que revaloriza la contribuci\u00f3n de la creaci\u00f3n uruguaya al cancionero de la m\u00fasica popular urbana.<\/p>\n\n\n\n<p class=\"wp-block-paragraph\">Un espacio armado y pensado para ofrecer un panorama del tango actual en Uruguay, rescatar algunas joyas olvidadas del repertorio ciudadano de ese pa\u00eds y proponer claves de lectura y escucha en la l\u00edrica del tango cantado.<\/p>\n\n\n\n<p class=\"wp-block-paragraph\"><strong>Escuch\u00e1 el cap\u00edtulo m\u00e1s reciente del micro La otra orilla:<\/strong><\/p>\n\n\n\n<iframe loading=\"lazy\" width=\"600\" height=\"355\" src=\"https:\/\/www.youtube.com\/embed\/4Fl6BTKcMDc\" frameborder=\"0\" allow=\"accelerometer; autoplay; clipboard-write; encrypted-media; gyroscope; picture-in-picture\" allowfullscreen><\/iframe>\n\n\n\n<p class=\"wp-block-paragraph\"><\/p>\n","protected":false},"excerpt":{"rendered":"<p>Una nueva entrega del micro radial emitido por Doble A. Jos\u00e9 Arenas explora el tango \u201cMontevideo (Al sur del sur)\u201d. <\/p>\n","protected":false},"author":1,"featured_media":4435,"comment_status":"open","ping_status":"open","sticky":false,"template":"","format":"standard","meta":{"footnotes":""},"categories":[298],"tags":[292,32,299,300,331,111,332],"class_list":["post-4434","post","type-post","status-publish","format-standard","has-post-thumbnail","hentry","category-doble-a","tag-doble-a","tag-featured","tag-jose-arenas","tag-la-otra-orilla","tag-montevideo","tag-tango","tag-uruguay"],"_links":{"self":[{"href":"https:\/\/www.fracturaexpuesta.com.ar\/tango\/wp-json\/wp\/v2\/posts\/4434","targetHints":{"allow":["GET"]}}],"collection":[{"href":"https:\/\/www.fracturaexpuesta.com.ar\/tango\/wp-json\/wp\/v2\/posts"}],"about":[{"href":"https:\/\/www.fracturaexpuesta.com.ar\/tango\/wp-json\/wp\/v2\/types\/post"}],"author":[{"embeddable":true,"href":"https:\/\/www.fracturaexpuesta.com.ar\/tango\/wp-json\/wp\/v2\/users\/1"}],"replies":[{"embeddable":true,"href":"https:\/\/www.fracturaexpuesta.com.ar\/tango\/wp-json\/wp\/v2\/comments?post=4434"}],"version-history":[{"count":3,"href":"https:\/\/www.fracturaexpuesta.com.ar\/tango\/wp-json\/wp\/v2\/posts\/4434\/revisions"}],"predecessor-version":[{"id":4439,"href":"https:\/\/www.fracturaexpuesta.com.ar\/tango\/wp-json\/wp\/v2\/posts\/4434\/revisions\/4439"}],"wp:featuredmedia":[{"embeddable":true,"href":"https:\/\/www.fracturaexpuesta.com.ar\/tango\/wp-json\/wp\/v2\/media\/4435"}],"wp:attachment":[{"href":"https:\/\/www.fracturaexpuesta.com.ar\/tango\/wp-json\/wp\/v2\/media?parent=4434"}],"wp:term":[{"taxonomy":"category","embeddable":true,"href":"https:\/\/www.fracturaexpuesta.com.ar\/tango\/wp-json\/wp\/v2\/categories?post=4434"},{"taxonomy":"post_tag","embeddable":true,"href":"https:\/\/www.fracturaexpuesta.com.ar\/tango\/wp-json\/wp\/v2\/tags?post=4434"}],"curies":[{"name":"wp","href":"https:\/\/api.w.org\/{rel}","templated":true}]}}