{"id":4462,"date":"2020-10-12T18:33:17","date_gmt":"2020-10-12T18:33:17","guid":{"rendered":"http:\/\/www.fracturaexpuesta.com.ar\/tango\/?p=4462"},"modified":"2020-10-12T18:57:56","modified_gmt":"2020-10-12T18:57:56","slug":"patricio-tripa-bonfiglio-el-tango-es-musica-popular-y-sofisticada-en-un-perfecto-equilibrio","status":"publish","type":"post","link":"https:\/\/www.fracturaexpuesta.com.ar\/tango\/patricio-tripa-bonfiglio-el-tango-es-musica-popular-y-sofisticada-en-un-perfecto-equilibrio\/","title":{"rendered":"Patricio \u201cTripa\u201d Bonfiglio: \u201cEl tango es m\u00fasica popular y sofisticada en un perfecto equilibrio\u201d"},"content":{"rendered":"\n<p class=\"wp-block-paragraph\"><strong>\u00bfUn disco, un libro, una pel\u00edcula?<\/strong><\/p>\n\n\n\n<p class=\"wp-block-paragraph\"><em>After the gold rush<\/em>, de Neil Young<br><em>El Capital<\/em>, de Karl Marx.<br><em>Brutti, sporchi e cattivi<\/em>, de Ettore Scola<\/p>\n\n\n\n<p class=\"wp-block-paragraph\"><strong>\u00bfUn tango imprescindible?<\/strong><\/p>\n\n\n\n<p class=\"wp-block-paragraph\">\u201cResponso\u201d, de Anibal Troilo.<\/p>\n\n\n\n<p class=\"wp-block-paragraph\"><strong>\u00bfQu\u00e9 artista o disco recomienda para conocer lo que suena hoy en el tango?<\/strong><\/p>\n\n\n\n<p class=\"wp-block-paragraph\"><em>Tangos Vivos<\/em>, de Rascasuelos.<\/p>\n\n\n\n<p class=\"wp-block-paragraph\"><strong>\u00bfUn referente cl\u00e1sico que no hay que dejar de escuchar?<\/strong><\/p>\n\n\n\n<p class=\"wp-block-paragraph\">Carlos Gardel.<\/p>\n\n\n\n<p class=\"wp-block-paragraph\"><strong>\u00bfC\u00f3mo y cu\u00e1ndo oye m\u00fasica? \u00bfVinilo, CD, mp3 o plataformas digitales?<\/strong><\/p>\n\n\n\n<p class=\"wp-block-paragraph\">Todos los d\u00edas, en la casa, en la calle, viajando en\nlugares de conciertos. En vivo y en plataformas digitales.<\/p>\n\n\n\n<p class=\"wp-block-paragraph\"><strong>\u00bfQu\u00e9 ama del tango?<\/strong><\/p>\n\n\n\n<p class=\"wp-block-paragraph\">Que es m\u00fasica popular y sofisticada en un perfecto\nequilibrio, y todo lo que queda por hacer, como motivaci\u00f3n cotidiana en el arte.<\/p>\n\n\n\n<p class=\"wp-block-paragraph\"><strong>\u00bfQu\u00e9 detesta del tango?<\/strong><\/p>\n\n\n\n<p class=\"wp-block-paragraph\">La falta de compromiso art\u00edstico (la falta de propuestas\npersonales) de un alto porcentaje de m\u00fasicos y bailarines.<\/p>\n\n\n\n<p class=\"wp-block-paragraph\"><strong>Si no se dedicara al tango \u00bfser\u00eda\u2026?<\/strong><\/p>\n\n\n\n<p class=\"wp-block-paragraph\">M\u00fasico de alg\u00fan otro g\u00e9nero.<\/p>\n\n\n\n<p class=\"wp-block-paragraph\"><strong>\u00bfCu\u00e1l fue su \u00faltimo sue\u00f1o?<\/strong><\/p>\n\n\n\n<p class=\"wp-block-paragraph\">Anoche, una pesadilla. Corriendo, lento por estar\ncargando con el bandone\u00f3n y una mochila, dentro de un aeropuerto para no perder\nel vuelo. Algo que me pas\u00f3 algunas veces estando despierto.<\/p>\n\n\n\n<p class=\"wp-block-paragraph\"><strong>Diga lo que tenga ganas de expresar en este momento\u2026<\/strong><\/p>\n\n\n\n<p class=\"wp-block-paragraph\">Espero que esta pandemia que nos atormenta genere, como beneficio colateral, la reflexi\u00f3n necesaria para construir una sociedad m\u00e1s justa.<\/p>\n\n\n\n<iframe loading=\"lazy\" width=\"600\" height=\"355\" src=\"https:\/\/www.youtube.com\/embed\/VnyLO14BO4w\" frameborder=\"0\" allow=\"accelerometer; autoplay; clipboard-write; encrypted-media; gyroscope; picture-in-picture\" allowfullscreen><\/iframe>\n\n\n\n<p class=\"wp-block-paragraph\"><\/p>\n","protected":false},"excerpt":{"rendered":"<p>Desde Francia, el bandoneonista argentino ofrece sus respuestas al Cuestionario Fractura Expuesta.<\/p>\n","protected":false},"author":1,"featured_media":4463,"comment_status":"open","ping_status":"open","sticky":false,"template":"","format":"standard","meta":{"footnotes":""},"categories":[159],"tags":[161,32,333,108,111],"class_list":["post-4462","post","type-post","status-publish","format-standard","has-post-thumbnail","hentry","category-cuestionario-fractura-expuesta","tag-cuestionario-fractura-expuesta","tag-featured","tag-patricio-tripa-bonfiglio","tag-rascasuelos","tag-tango"],"_links":{"self":[{"href":"https:\/\/www.fracturaexpuesta.com.ar\/tango\/wp-json\/wp\/v2\/posts\/4462","targetHints":{"allow":["GET"]}}],"collection":[{"href":"https:\/\/www.fracturaexpuesta.com.ar\/tango\/wp-json\/wp\/v2\/posts"}],"about":[{"href":"https:\/\/www.fracturaexpuesta.com.ar\/tango\/wp-json\/wp\/v2\/types\/post"}],"author":[{"embeddable":true,"href":"https:\/\/www.fracturaexpuesta.com.ar\/tango\/wp-json\/wp\/v2\/users\/1"}],"replies":[{"embeddable":true,"href":"https:\/\/www.fracturaexpuesta.com.ar\/tango\/wp-json\/wp\/v2\/comments?post=4462"}],"version-history":[{"count":3,"href":"https:\/\/www.fracturaexpuesta.com.ar\/tango\/wp-json\/wp\/v2\/posts\/4462\/revisions"}],"predecessor-version":[{"id":4466,"href":"https:\/\/www.fracturaexpuesta.com.ar\/tango\/wp-json\/wp\/v2\/posts\/4462\/revisions\/4466"}],"wp:featuredmedia":[{"embeddable":true,"href":"https:\/\/www.fracturaexpuesta.com.ar\/tango\/wp-json\/wp\/v2\/media\/4463"}],"wp:attachment":[{"href":"https:\/\/www.fracturaexpuesta.com.ar\/tango\/wp-json\/wp\/v2\/media?parent=4462"}],"wp:term":[{"taxonomy":"category","embeddable":true,"href":"https:\/\/www.fracturaexpuesta.com.ar\/tango\/wp-json\/wp\/v2\/categories?post=4462"},{"taxonomy":"post_tag","embeddable":true,"href":"https:\/\/www.fracturaexpuesta.com.ar\/tango\/wp-json\/wp\/v2\/tags?post=4462"}],"curies":[{"name":"wp","href":"https:\/\/api.w.org\/{rel}","templated":true}]}}