{"id":4495,"date":"2020-11-03T01:24:24","date_gmt":"2020-11-03T01:24:24","guid":{"rendered":"http:\/\/www.fracturaexpuesta.com.ar\/tango\/?p=4495"},"modified":"2020-11-03T13:20:46","modified_gmt":"2020-11-03T13:20:46","slug":"20-anos-no-es-nada-un-panorama-del-tango-del-siglo-xxi","status":"publish","type":"post","link":"https:\/\/www.fracturaexpuesta.com.ar\/tango\/20-anos-no-es-nada-un-panorama-del-tango-del-siglo-xxi\/","title":{"rendered":"\u00bf20 a\u00f1os no es nada? Un panorama del tango del Siglo XXI"},"content":{"rendered":"\n<p class=\"wp-block-paragraph\">Artistas, medios de comunicaci\u00f3n y distintas iniciativas vinculadas al tango de hoy, lanzaron recientemente <strong>la convocatoria para participar del <em>Raconto del Tango en el Siglo XXI<\/em><\/strong>.<\/p>\n\n\n\n<p class=\"wp-block-paragraph\">Se trata de <strong>una encuesta abierta que busca trazar un panorama de la producci\u00f3n tanguera <\/strong>de las dos primeras d\u00e9cadas de este siglo. \u201cUna retrospectiva que propone visualizar el movimiento desde sus creaciones y producciones\u201d, dicen los impulsores del raconto.<\/p>\n\n\n\n<blockquote class=\"wp-block-quote is-layout-flow wp-block-quote-is-layout-flow\"><p>\u00abPropiciar el reconocimiento de la producci\u00f3n de creadores, int\u00e9rpretes, difusores y espacios de tango\u00bb.<\/p><\/blockquote>\n\n\n\n<p class=\"wp-block-paragraph\">A trav\u00e9s de un formulario digital al que se puede acceder desde el enlace <a href=\"https:\/\/forms.gle\/h9NM3AiqpPYCvhY1A\"><em>https:\/\/forms.gle\/h9NM3AiqpPYCvhY1A<\/em><\/a>, <strong>la encuesta re\u00fane 17 categor\u00edas<\/strong> -obras, artistas, shows, espacios, medios de comunicaci\u00f3n, entre otros- que invitan a responder seg\u00fan las preferencias de cada tanguero. <strong>Est\u00e1 dirigida a m\u00fasicos, instrumentistas, cantantes, autores, divulgadores, musicalizadores, programadores, productores y espectadores<\/strong>.<\/p>\n\n\n\n<p class=\"wp-block-paragraph\">Los tangos instrumentales, los tangos cantados, las agrupaciones, los compositores, \u00bfqu\u00e9 tangos de este siglo te gustan para bailar?, los medios (radiales, gr\u00e1ficos, digitales), son algunas de las categor\u00edas que contiene la encuesta <strong>elaborada en un proceso previo de discusi\u00f3n y puesta en com\u00fan grupal<\/strong>.<\/p>\n\n\n\n<iframe loading=\"lazy\" src=\"https:\/\/www.facebook.com\/plugins\/video.php?height=314&#038;href=https%3A%2F%2Fwww.facebook.com%2Fracontotangoenelsigloxxi%2Fvideos%2F335972024147255%2F&#038;show_text=false&#038;width=560\" width=\"560\" height=\"314\" style=\"border:none;overflow:hidden\" scrolling=\"no\" frameborder=\"0\" allowTransparency=\"true\" allow=\"encrypted-media\" allowFullScreen=\"true\"><\/iframe>\n\n\n\n<p class=\"wp-block-paragraph\"><\/p>\n\n\n\n<p class=\"wp-block-paragraph\"><strong>Hasta el 9 de noviembre<\/strong> estar\u00e1 disponible el formulario que, tras su procesamiento, permitir\u00e1 \u201c<strong>apreciar la magnitud del movimiento<\/strong> en todos sus sentidos, advertir con mayor claridad l\u00edneas est\u00e9ticas y compositivas y visualizar el repertorio que marca el pulso del tango en el principio de siglo\u201d, indican sus realizadores.<\/p>\n\n\n\n<p class=\"wp-block-paragraph\">El raconto podr\u00e1 responderse por tramos y <strong>las respuestas permanecer\u00e1n an\u00f3nimas<\/strong>, publicando solo el resultado general. <strong>\u201cEs un viaje por nuestra historia<\/strong>, un viaje que nos permite una perspectiva de estos 20 a\u00f1os para pensar <strong>tambi\u00e9n en nuestro futuro<\/strong>\u201d, resumen los impulsores.<\/p>\n\n\n\n<p style=\"color:#ff0004;font-size:22px\" class=\"has-text-color wp-block-paragraph\"><strong>Para saber m\u00e1s del Raconto<\/strong><\/p>\n\n\n\n<p class=\"wp-block-paragraph\"><strong>\u00bfQui\u00e9n lo organiza?<\/strong><\/p>\n\n\n\n<p class=\"wp-block-paragraph\">Esta producci\u00f3n colectiva es una iniciativa del FeTeM (Festival\nde Tango en Movimiento), quienes convocaron a un amplio arco de divulgadores\ndel g\u00e9nero (programas de radio, publicaciones, p\u00e1ginas web, festivales) para la\nelaboraci\u00f3n de la&nbsp; encuesta y la\ndivulgaci\u00f3n del mismo.<\/p>\n\n\n\n<p class=\"wp-block-paragraph\"><strong>\u00bfQui\u00e9nes son los divulgadores que acompa\u00f1an la propuesta?<\/strong><\/p>\n\n\n\n<p class=\"wp-block-paragraph\">Tinta Roja &#8211; Radio Caff &#8211; Revista El sordo &#8211; Fractura Expuesta &#8211; Ciclo Mistongo &#8211; Guerrilla Cultural Tanguera (Roma) &#8211; Festival Tango Hembra \u2013 Festival de Tango en Movimiento (FETEM) &#8211; Festival de Tango de Boedo &#8211; Trova Tanguera &#8211; Festival de Tango de Valent\u00edn Alsina \u2013 <a href=\"http:\/\/www.fracturaexpuesta.com.ar\/doblearadio\/\" target=\"_blank\" rel=\"noreferrer noopener\" aria-label=\"Doble A Radio (abre en una nueva pesta\u00f1a)\">Doble A Radio<\/a>\u00a0 &#8211; Rituales Urbanos &#8211; Festival de Tango La Boca &#8211; Queda La Palabra &#8211; FACAFF &#8211; Tango de Mi\u00e9rcoles &#8211; Produce El arranque &#8211; Tandas Nuevas &#8211; Ciclo Espiral &#8211; Festival de Tango y Criollismo \u2013 Festival de Tango de Flores \u2013 Mutar (Rosario) \u2013 El Gato Calculista (Berna- Suiza) \u2013 Metatango (Neuqu\u00e9n),\u00a0entre otros<\/p>\n\n\n\n<figure class=\"wp-block-image\"><img loading=\"lazy\" decoding=\"async\" width=\"1024\" height=\"1024\" src=\"https:\/\/www.fracturaexpuesta.com.ar\/tango\/wp-content\/uploads\/raconto-tango-xxi-1024x1024.jpeg\" alt=\"\" class=\"wp-image-4501\" srcset=\"https:\/\/www.fracturaexpuesta.com.ar\/tango\/wp-content\/uploads\/raconto-tango-xxi-1024x1024.jpeg 1024w, https:\/\/www.fracturaexpuesta.com.ar\/tango\/wp-content\/uploads\/raconto-tango-xxi-150x150.jpeg 150w, https:\/\/www.fracturaexpuesta.com.ar\/tango\/wp-content\/uploads\/raconto-tango-xxi-300x300.jpeg 300w, https:\/\/www.fracturaexpuesta.com.ar\/tango\/wp-content\/uploads\/raconto-tango-xxi-768x768.jpeg 768w, https:\/\/www.fracturaexpuesta.com.ar\/tango\/wp-content\/uploads\/raconto-tango-xxi-100x100.jpeg 100w, https:\/\/www.fracturaexpuesta.com.ar\/tango\/wp-content\/uploads\/raconto-tango-xxi.jpeg 1080w\" sizes=\"auto, (max-width: 1024px) 100vw, 1024px\" \/><figcaption>El Raconto se puede responder hasta el 9 de noviembre.<\/figcaption><\/figure>\n\n\n\n<p class=\"wp-block-paragraph\"><strong>\u00bfQu\u00e9 se har\u00e1 con los resultados?<\/strong><\/p>\n\n\n\n<p class=\"wp-block-paragraph\">Los datos obtenidos ser\u00e1n publicados en formato digital,\ncon proyecciones hacia una edici\u00f3n impresa. Ser\u00e1n de f\u00e1cil acceso y servir\u00e1n\ncomo material de consulta para estudios acad\u00e9micos, art\u00edculos period\u00edsticos, programaciones,\ninvestigaciones y estrategias de difusi\u00f3n.<\/p>\n\n\n\n<p class=\"wp-block-paragraph\"><strong>\u00bfCu\u00e1les son sus objetivos?<\/strong><\/p>\n\n\n\n<p class=\"wp-block-paragraph\">Valorizar la producci\u00f3n y el crecimiento del tango en los \u00faltimos 20 a\u00f1os.<br>Propiciar el reconocimiento de la producci\u00f3n de creadores, int\u00e9rpretes, difusores y espacios.<br>Cuantificar y armar una base de datos&nbsp; de producciones y artistas.<br>Favorecer el acceso y conocimiento de material y data para la difusi\u00f3n y programaci\u00f3n.<br>Conectar a&nbsp; divulgadores&nbsp; del&nbsp; tango de este siglo de todo el pa\u00eds y el exterior.<br>Generar una acci\u00f3n que produzca movimiento, reflexi\u00f3n e intercambio colectivo. <br>Generar una construcci\u00f3n colectiva en estos tiempos de aislamiento.<\/p>\n\n\n\n<p class=\"wp-block-paragraph\"><strong>\u00bfEs lo mismo que la Encuesta Federal?<\/strong><\/p>\n\n\n\n<p class=\"wp-block-paragraph\">No, no es lo mismo. Es otro proyecto con otro enfoque, es\nimportante hacer las dos encuestas. La Federal se focaliza en la situaci\u00f3n\nsocio-econ\u00f3mica de los trabajadores del tango en todo el pa\u00eds. El Raconto de\nTango del Siglo XXI es una retrospectiva de la obra y producci\u00f3n de los \u00faltimos\n20 a\u00f1os. <\/p>\n\n\n\n<p class=\"wp-block-paragraph\"><strong>\u00bfC\u00f3mo participo?<\/strong><\/p>\n\n\n\n<p class=\"wp-block-paragraph\">Buscando el link en las redes de todos los impulsores o complet\u00e1 el formulario en <a href=\"https:\/\/forms.gle\/h9NM3AiqpPYCvhY1A\" target=\"_blank\" rel=\"noreferrer noopener\" aria-label=\"https:\/\/forms.gle\/h9NM3AiqpPYCvhY1A (abre en una nueva pesta\u00f1a)\">https:\/\/forms.gle\/h9NM3AiqpPYCvhY1A<\/a><\/p>\n","protected":false},"excerpt":{"rendered":"<p>Presentan una encuesta que apunta a trazar una retrospectiva de la producci\u00f3n de tango de las dos primeras d\u00e9cadas de este siglo.<\/p>\n","protected":false},"author":1,"featured_media":4496,"comment_status":"open","ping_status":"open","sticky":false,"template":"","format":"standard","meta":{"footnotes":""},"categories":[3],"tags":[292,32,338,111],"class_list":["post-4495","post","type-post","status-publish","format-standard","has-post-thumbnail","hentry","category-noticias","tag-doble-a","tag-featured","tag-raconto","tag-tango"],"_links":{"self":[{"href":"https:\/\/www.fracturaexpuesta.com.ar\/tango\/wp-json\/wp\/v2\/posts\/4495","targetHints":{"allow":["GET"]}}],"collection":[{"href":"https:\/\/www.fracturaexpuesta.com.ar\/tango\/wp-json\/wp\/v2\/posts"}],"about":[{"href":"https:\/\/www.fracturaexpuesta.com.ar\/tango\/wp-json\/wp\/v2\/types\/post"}],"author":[{"embeddable":true,"href":"https:\/\/www.fracturaexpuesta.com.ar\/tango\/wp-json\/wp\/v2\/users\/1"}],"replies":[{"embeddable":true,"href":"https:\/\/www.fracturaexpuesta.com.ar\/tango\/wp-json\/wp\/v2\/comments?post=4495"}],"version-history":[{"count":8,"href":"https:\/\/www.fracturaexpuesta.com.ar\/tango\/wp-json\/wp\/v2\/posts\/4495\/revisions"}],"predecessor-version":[{"id":4505,"href":"https:\/\/www.fracturaexpuesta.com.ar\/tango\/wp-json\/wp\/v2\/posts\/4495\/revisions\/4505"}],"wp:featuredmedia":[{"embeddable":true,"href":"https:\/\/www.fracturaexpuesta.com.ar\/tango\/wp-json\/wp\/v2\/media\/4496"}],"wp:attachment":[{"href":"https:\/\/www.fracturaexpuesta.com.ar\/tango\/wp-json\/wp\/v2\/media?parent=4495"}],"wp:term":[{"taxonomy":"category","embeddable":true,"href":"https:\/\/www.fracturaexpuesta.com.ar\/tango\/wp-json\/wp\/v2\/categories?post=4495"},{"taxonomy":"post_tag","embeddable":true,"href":"https:\/\/www.fracturaexpuesta.com.ar\/tango\/wp-json\/wp\/v2\/tags?post=4495"}],"curies":[{"name":"wp","href":"https:\/\/api.w.org\/{rel}","templated":true}]}}