{"id":4506,"date":"2020-11-07T15:44:45","date_gmt":"2020-11-07T15:44:45","guid":{"rendered":"http:\/\/www.fracturaexpuesta.com.ar\/tango\/?p=4506"},"modified":"2020-11-07T15:51:16","modified_gmt":"2020-11-07T15:51:16","slug":"la-otra-orilla-un-tango-dialectico-en-los-anos-neoliberales","status":"publish","type":"post","link":"https:\/\/www.fracturaexpuesta.com.ar\/tango\/la-otra-orilla-un-tango-dialectico-en-los-anos-neoliberales\/","title":{"rendered":"La otra orilla: tango dial\u00e9ctico en tiempos neoliberales"},"content":{"rendered":"\n<p class=\"wp-block-paragraph\">En un nuevo cap\u00edtulo de \u00abLa otra orilla\u00bb emitido por <a href=\"http:\/\/www.fracturaexpuesta.com.ar\/doblearadio\/\" target=\"_blank\" rel=\"noreferrer noopener\" aria-label=\"Doble A (abre en una nueva pesta\u00f1a)\">Doble A<\/a>, el escritor uruguayo Jos\u00e9 Arenas recorre el paisaje del tango-rock <strong>\u00abM\u00fasica de bandone\u00f3n\u00bb, de Walter Bordoni.<\/strong><\/p>\n\n\n\n<p class=\"wp-block-paragraph\">Arenas se sumerge en una obra a la que encuadra <strong>como \u00abun enorme cambalache de brechas\u00bb<\/strong>, entre los que tienen y los que no.<\/p>\n\n\n\n<p class=\"wp-block-paragraph\">\u00abEn una vereda, la voracidad de la clase alta que sigue intacta, en la otra los ni\u00f1os que piden monedas y revuelven la basura en procura de alimento; por un lado las posibilidades de la nueva tecnolog\u00eda conect\u00e1ndonos, a la vez que nos alejan de lo que est\u00e1 al lado. As\u00ed, las estrofas del tema cuentan con <strong>una f\u00f3rmula de oposiciones<\/strong> que, como s\u00edntesis, tienen solamente la pregunta \u00bfqu\u00e9 hacemos?\u00bb, dice el escritor y letrista uruguayo.<\/p>\n\n\n\n<p class=\"wp-block-paragraph\">Situado en los tangos y canciones creadas a inicios del Siglo XXI que dan cuenta de las desigualdades sociales -\u201cConstituci\u00f3n de noche\u201d o \u201cCiudad de nadie\u201d- <strong>Arenas habla de una \u00ab\u00e9tica del tango como fotograf\u00eda\u00bb y \u00abdel universo destruido y robado\u00bb<\/strong> sobre el que se despliegan tangos como \u00abMusica de bandone\u00f3n\u00bb.<\/p>\n\n\n\n<figure class=\"wp-block-image\"><img loading=\"lazy\" decoding=\"async\" width=\"1024\" height=\"536\" src=\"https:\/\/www.fracturaexpuesta.com.ar\/tango\/wp-content\/uploads\/doble-a-publ-face-1024x536.jpg\" alt=\"\" class=\"wp-image-4227\" srcset=\"https:\/\/www.fracturaexpuesta.com.ar\/tango\/wp-content\/uploads\/doble-a-publ-face-1024x536.jpg 1024w, https:\/\/www.fracturaexpuesta.com.ar\/tango\/wp-content\/uploads\/doble-a-publ-face-300x157.jpg 300w, https:\/\/www.fracturaexpuesta.com.ar\/tango\/wp-content\/uploads\/doble-a-publ-face-768x402.jpg 768w, https:\/\/www.fracturaexpuesta.com.ar\/tango\/wp-content\/uploads\/doble-a-publ-face.jpg 1200w\" sizes=\"auto, (max-width: 1024px) 100vw, 1024px\" \/><figcaption>Doble A, la radio online de tango de Fractura Expuesta.<\/figcaption><\/figure>\n\n\n\n<p class=\"wp-block-paragraph\">El micro radial <strong>La otra orilla<\/strong> es una producci\u00f3n conjunta de <strong>Jos\u00e9 Arenas y Doble A<\/strong> que revaloriza la contribuci\u00f3n de la creaci\u00f3n uruguaya al cancionero de la m\u00fasica popular urbana.<\/p>\n\n\n\n<p class=\"wp-block-paragraph\">Un espacio armado y pensado para <strong>ofrecer un panorama del tango actual en Uruguay<\/strong>, rescatar algunas joyas olvidadas del repertorio ciudadano de ese pa\u00eds y proponer claves de lectura y escucha en la l\u00edrica del tango cantado.<\/p>\n\n\n\n<iframe loading=\"lazy\" width=\"600\" height=\"355\" src=\"https:\/\/www.youtube.com\/embed\/Oe_mxy7csM8\" frameborder=\"0\" allow=\"accelerometer; autoplay; clipboard-write; encrypted-media; gyroscope; picture-in-picture\" allowfullscreen><\/iframe>\n\n\n\n<p class=\"wp-block-paragraph\"><\/p>\n","protected":false},"excerpt":{"rendered":"<p>Escuch\u00e1 el nuevo episodio del espacio radial que te acerca un panorama del tango uruguayo.<\/p>\n","protected":false},"author":1,"featured_media":4507,"comment_status":"open","ping_status":"open","sticky":false,"template":"","format":"standard","meta":{"footnotes":""},"categories":[298],"tags":[292,32,299,300],"class_list":["post-4506","post","type-post","status-publish","format-standard","has-post-thumbnail","hentry","category-doble-a","tag-doble-a","tag-featured","tag-jose-arenas","tag-la-otra-orilla"],"_links":{"self":[{"href":"https:\/\/www.fracturaexpuesta.com.ar\/tango\/wp-json\/wp\/v2\/posts\/4506","targetHints":{"allow":["GET"]}}],"collection":[{"href":"https:\/\/www.fracturaexpuesta.com.ar\/tango\/wp-json\/wp\/v2\/posts"}],"about":[{"href":"https:\/\/www.fracturaexpuesta.com.ar\/tango\/wp-json\/wp\/v2\/types\/post"}],"author":[{"embeddable":true,"href":"https:\/\/www.fracturaexpuesta.com.ar\/tango\/wp-json\/wp\/v2\/users\/1"}],"replies":[{"embeddable":true,"href":"https:\/\/www.fracturaexpuesta.com.ar\/tango\/wp-json\/wp\/v2\/comments?post=4506"}],"version-history":[{"count":4,"href":"https:\/\/www.fracturaexpuesta.com.ar\/tango\/wp-json\/wp\/v2\/posts\/4506\/revisions"}],"predecessor-version":[{"id":4512,"href":"https:\/\/www.fracturaexpuesta.com.ar\/tango\/wp-json\/wp\/v2\/posts\/4506\/revisions\/4512"}],"wp:featuredmedia":[{"embeddable":true,"href":"https:\/\/www.fracturaexpuesta.com.ar\/tango\/wp-json\/wp\/v2\/media\/4507"}],"wp:attachment":[{"href":"https:\/\/www.fracturaexpuesta.com.ar\/tango\/wp-json\/wp\/v2\/media?parent=4506"}],"wp:term":[{"taxonomy":"category","embeddable":true,"href":"https:\/\/www.fracturaexpuesta.com.ar\/tango\/wp-json\/wp\/v2\/categories?post=4506"},{"taxonomy":"post_tag","embeddable":true,"href":"https:\/\/www.fracturaexpuesta.com.ar\/tango\/wp-json\/wp\/v2\/tags?post=4506"}],"curies":[{"name":"wp","href":"https:\/\/api.w.org\/{rel}","templated":true}]}}