{"id":4557,"date":"2020-11-18T14:27:16","date_gmt":"2020-11-18T14:27:16","guid":{"rendered":"http:\/\/www.fracturaexpuesta.com.ar\/tango\/?p=4557"},"modified":"2020-11-18T14:34:28","modified_gmt":"2020-11-18T14:34:28","slug":"eva-fiori-puedo-ver-a-cada-persona-desnudarse-en-un-tango-y-compartir-su-alma","status":"publish","type":"post","link":"https:\/\/www.fracturaexpuesta.com.ar\/tango\/eva-fiori-puedo-ver-a-cada-persona-desnudarse-en-un-tango-y-compartir-su-alma\/","title":{"rendered":"Eva Fiori: \u00abPuedo ver a cada persona desnudarse en un tango y compartir su alma\u00bb"},"content":{"rendered":"\n<p class=\"wp-block-paragraph\"><strong>\u00bfUn disco, un libro, una pel\u00edcula?<\/strong><\/p>\n\n\n\n<p class=\"wp-block-paragraph\"><em>Oktubre<\/em>, de Patricio Rey y sus Redonditos de Ricota.<br><em>Mr. V\u00e9rtigo<\/em>, de Paul Auster.<br><em>Mr. Nobody<\/em>, de Jaco Van Dormael.<\/p>\n\n\n\n<p class=\"wp-block-paragraph\"><strong>\u00bfUn tango imprescindible?<\/strong><\/p>\n\n\n\n<p class=\"wp-block-paragraph\">\u201cGar\u00faa\u201d (Troilo \u2013 Cad\u00edcamo).<\/p>\n\n\n\n<p class=\"wp-block-paragraph\"><strong>\u00bfQu\u00e9 artista o disco recomienda para conocer lo que suena hoy en el tango?<\/strong><\/p>\n\n\n\n<p class=\"wp-block-paragraph\">Recomiendo algo que intento siempre, escucharlo todo como si no existiera un ayer ni un ma\u00f1ana sonoro.<\/p>\n\n\n\n<p class=\"wp-block-paragraph\"><strong>\u00bfUn referente cl\u00e1sico que no hay que dejar de escuchar?<\/strong><\/p>\n\n\n\n<p class=\"wp-block-paragraph\">Gardel y Goyeneche.<\/p>\n\n\n\n<p class=\"wp-block-paragraph\"><strong>\u00bfC\u00f3mo y cu\u00e1ndo oye m\u00fasica? \u00bfVinilo, CD, mp3 o plataformas digitales?<\/strong><\/p>\n\n\n\n<p class=\"wp-block-paragraph\">Plataformas digitales. Tengo mis cd\u2019s y mi equipito para reproducirlos, con el cual disfrute mi adolescencia. Pero la verdad es que muchos est\u00e1n rayados y siento que de a poco fui perdiendo el ritual de poner un disco ya que mi computadora no tiene para reproducirlos. Ahora me dieron ganas de desempolvar.<\/p>\n\n\n\n<p class=\"wp-block-paragraph\"><strong>\u00bfQu\u00e9 ama del tango?<\/strong><\/p>\n\n\n\n<p class=\"wp-block-paragraph\">Uf! Me encanta la palabra amor y esta pregunta me dio sensaciones f\u00edsicas. Creo que tanto el amor como las sensaciones f\u00edsicas no me dan ganas de analizarlas pero tratar\u00e9 de responder. Lo primero que se me viene a la cabeza son los arreglos orquestales que despilfarran contrapuntos de cuerdas. Bailar violines de una orquesta  de tango como ser la de Troilo es un viaje sideral. Pero soy cantante y escuchar la perfecci\u00f3n musical de Gardel o la verdad tremenda del Polaco me hace amar el Tango as\u00ed como lo amo. Amo la picard\u00eda de las milongas. Amo cada grave que cae al piano como un derrumbe de glaciares. Amo el encuentro y sobre todo las recaladas que, aunque muchas veces me encuentran un poco pasada de copas para disfrutar mi propio canto, puedo ver a cada persona desnudarse en un tango y compartir su alma sin condicionamientos.<\/p>\n\n\n\n<p class=\"wp-block-paragraph\"><strong>\u00bfQu\u00e9 detesta del tango?<\/strong><\/p>\n\n\n\n<p class=\"wp-block-paragraph\">La s\u00e1tira.<\/p>\n\n\n\n<p class=\"wp-block-paragraph\"><strong>Si no se dedicara al tango \u00bfser\u00eda\u2026?<\/strong><\/p>\n\n\n\n<p class=\"wp-block-paragraph\">En esta vida, quiz\u00e1s docente de algo.<\/p>\n\n\n\n<p class=\"wp-block-paragraph\"><strong>\u00bfCu\u00e1l fue su \u00faltimo sue\u00f1o?<\/strong><\/p>\n\n\n\n<p class=\"wp-block-paragraph\">Dormida tengo mil por noche m\u00e1s o menos. Despierta sue\u00f1o con poder grabar el segundo disco de la Eva Fiori Orquesta, obviamente de la mano de Mat\u00edas D&#8217;Amico y con la ayuda y el amor de Leda Torres y de cada integrante de la orquesta. Tambi\u00e9n sue\u00f1o con poder organizar un poco mejor el tiempo para poder dedicarme a mis composiciones.<\/p>\n\n\n\n<p class=\"wp-block-paragraph\"><strong>Diga lo que tenga ganas de expresar en este momento\u2026<\/strong><\/p>\n\n\n\n<p class=\"wp-block-paragraph\">En este momento deseo que tod@s podamos reaprender a amarnos y amar cada vez m\u00e1s. Deseo que cada ni\u00f1@ tenga un trato exclusivo de respeto y amor por parte de sus educadores, en casa y en la escuela. Deseo que en las escuelas se ense\u00f1e c\u00f3mo cuidar y valorar a cada persona por igual y que se fomente la urgente importancia que tiene el cuidado f\u00edsico y mental de un@ mism@. Deseo que se repiensen los contenidos de cada materia de la escuela, tanto primaria como secundaria y que se dejen de reducir las horas que est\u00e1n ligadas a la m\u00fasica y al arte en general.<br>Que se ense\u00f1e folclore y tango como materias obligatorias para saber de d\u00f3nde venimos y elegir mejor d\u00f3nde vamos.<\/p>\n\n\n\n<iframe loading=\"lazy\" width=\"600\" height=\"355\" src=\"https:\/\/www.youtube.com\/embed\/GSxNcCzEai0\" frameborder=\"0\" allow=\"accelerometer; autoplay; clipboard-write; encrypted-media; gyroscope; picture-in-picture\" allowfullscreen><\/iframe>\n\n\n\n<p class=\"wp-block-paragraph\"><\/p>\n","protected":false},"excerpt":{"rendered":"<p>La cantante se suma al Cuestionario Fractura Expuesta y dice que \u00abbailar violines de una orquesta de tango es un viaje sideral\u00bb. <\/p>\n","protected":false},"author":1,"featured_media":4558,"comment_status":"open","ping_status":"open","sticky":false,"template":"","format":"standard","meta":{"footnotes":""},"categories":[159],"tags":[316,32,339,111],"class_list":["post-4557","post","type-post","status-publish","format-standard","has-post-thumbnail","hentry","category-cuestionario-fractura-expuesta","tag-eva-fiori","tag-featured","tag-fractura-expuesta","tag-tango"],"_links":{"self":[{"href":"https:\/\/www.fracturaexpuesta.com.ar\/tango\/wp-json\/wp\/v2\/posts\/4557","targetHints":{"allow":["GET"]}}],"collection":[{"href":"https:\/\/www.fracturaexpuesta.com.ar\/tango\/wp-json\/wp\/v2\/posts"}],"about":[{"href":"https:\/\/www.fracturaexpuesta.com.ar\/tango\/wp-json\/wp\/v2\/types\/post"}],"author":[{"embeddable":true,"href":"https:\/\/www.fracturaexpuesta.com.ar\/tango\/wp-json\/wp\/v2\/users\/1"}],"replies":[{"embeddable":true,"href":"https:\/\/www.fracturaexpuesta.com.ar\/tango\/wp-json\/wp\/v2\/comments?post=4557"}],"version-history":[{"count":4,"href":"https:\/\/www.fracturaexpuesta.com.ar\/tango\/wp-json\/wp\/v2\/posts\/4557\/revisions"}],"predecessor-version":[{"id":4562,"href":"https:\/\/www.fracturaexpuesta.com.ar\/tango\/wp-json\/wp\/v2\/posts\/4557\/revisions\/4562"}],"wp:featuredmedia":[{"embeddable":true,"href":"https:\/\/www.fracturaexpuesta.com.ar\/tango\/wp-json\/wp\/v2\/media\/4558"}],"wp:attachment":[{"href":"https:\/\/www.fracturaexpuesta.com.ar\/tango\/wp-json\/wp\/v2\/media?parent=4557"}],"wp:term":[{"taxonomy":"category","embeddable":true,"href":"https:\/\/www.fracturaexpuesta.com.ar\/tango\/wp-json\/wp\/v2\/categories?post=4557"},{"taxonomy":"post_tag","embeddable":true,"href":"https:\/\/www.fracturaexpuesta.com.ar\/tango\/wp-json\/wp\/v2\/tags?post=4557"}],"curies":[{"name":"wp","href":"https:\/\/api.w.org\/{rel}","templated":true}]}}