{"id":4667,"date":"2020-12-31T18:36:29","date_gmt":"2020-12-31T18:36:29","guid":{"rendered":"http:\/\/www.fracturaexpuesta.com.ar\/tango\/?p=4667"},"modified":"2020-12-31T18:54:32","modified_gmt":"2020-12-31T18:54:32","slug":"yo-ya-no-muero-la-emotiva-cancion-que-recuerda-a-maradona-en-la-voz-de-cucuza-castiello","status":"publish","type":"post","link":"https:\/\/www.fracturaexpuesta.com.ar\/tango\/yo-ya-no-muero-la-emotiva-cancion-que-recuerda-a-maradona-en-la-voz-de-cucuza-castiello\/","title":{"rendered":"\u00abYo ya no muero\u00bb: la emotiva canci\u00f3n que recuerda a Maradona en la voz de \u00abCucuza\u00bb Castiello"},"content":{"rendered":"\n<p class=\"wp-block-paragraph\">A pocos d\u00edas de cumplirse un mes de la muerte de Maradona, <strong>el poeta y letrista Alejandro Szwarcman, el guitarrista Pablo Covacevich y el cantor \u00abCucuza\u00bb Castiello<\/strong> dieron a conocer un sentido homenaje al futbolista argentino.<\/p>\n\n\n\n<p class=\"wp-block-paragraph\"><em>\u00abMe dec\u00eds adi\u00f3s con tristeza de pueblo\u00bb<\/em>, se escucha en <strong>\u00abYo ya no muero\u00bb<\/strong>, una composici\u00f3n que esta vez salta los l\u00edmites del tango -continente del que proviene este tr\u00edo de artistas- para abrirse a otros sonidos.<\/p>\n\n\n\n<p class=\"wp-block-paragraph\">No es la primera vez que <strong>Cucuza<\/strong> le canta a Maradona. Ya lo hab\u00eda hecho, una d\u00e9cada atr\u00e1s, en \u00ab<strong>Maradoneando\u00bb, uno de los temas del primer disco del Quinteto Negro La Boca<\/strong>. Luego vendr\u00edan <strong>los c\u00e9lebres encuentros con Maradona en persona<\/strong>, donde Cucuza pudo cantarle \u00abEl sue\u00f1o del pibe\u00bb al 10.<\/p>\n\n\n\n<iframe loading=\"lazy\" width=\"600\" height=\"355\" src=\"https:\/\/www.youtube.com\/embed\/vOmgRBcc4C4\" frameborder=\"0\" allow=\"accelerometer; autoplay; clipboard-write; encrypted-media; gyroscope; picture-in-picture\" allowfullscreen=\"\"><\/iframe>\n\n\n\n<p class=\"wp-block-paragraph\"><\/p>\n\n\n\n<p class=\"wp-block-paragraph\">En el caso de <strong>Szwarcman<\/strong>, la palabra sobre Diego tampoco escapa a su historia como letrista. Ya en 2003 <strong>hab\u00eda compuesto la letra de \u00abPompeya para Diego, era Par\u00eds!\u00bb<\/strong>, que incluyeron Patricia Barone y Javier Gonz\u00e1lez en su disco <em>Gestaci\u00f3n<\/em>.<\/p>\n\n\n\n<p class=\"wp-block-paragraph\">Ahora es el turno de \u00abYo ya no muero\u00bb, que esta vez suma <strong>al guitarrista Pablo Covacevich como creador de la m\u00fasica<\/strong>.<\/p>\n\n\n\n<p class=\"wp-block-paragraph\"><em>Hoy te dir\u00e1n que he ca\u00eddo,<br>que al fin me ha vencido un hachazo mortal;<br>hoy te dir\u00e1n que una bala<br>se hundi\u00f3 entre mis alas<br>y al suelo fui a dar\u2026<\/em><\/p>\n\n\n\n<p class=\"wp-block-paragraph\"><em>Hoy te hablar\u00e1n de mi humana<br>costumbre pagana y plebeya de amar\u2026<br>Hoy te dir\u00e1n que no soy<br>un ejemplo, un modelo,<br>ni un \u00e1ngel del cielo<br>ni un dios terrenal.<\/em><\/p>\n\n\n\n<p class=\"wp-block-paragraph\"><em>Hoy te vi,<br>vos llorabas por m\u00ed,<br>me dec\u00edas adi\u00f3s<br>con tristeza de pueblo,<br>y el mundo v\u00ed que llor\u00f3\u2026<\/em><\/p>\n\n\n\n<p class=\"wp-block-paragraph\"><em>Te dir\u00e1n<br>tantas cosas de m\u00ed<br>pero todo es mentira<br>nada es verdadero<br>porque yo\u2026<br>porque yo ya no muero\u2026<br>porque yo ya no muero\u2026<\/em><\/p>\n\n\n\n<p class=\"wp-block-paragraph\"><em>Yo que fui un dios imperfecto,<br>el lado insurrecto<br>de la eternidad,<br>hoy ya soy parte del aire<br>de todos, de nadie,<br>de mi propiedad.<\/em><\/p>\n\n\n\n<p class=\"wp-block-paragraph\"><em>Hoy, veinticinco de un mes<br>de alg\u00fan a\u00f1o cualquiera<br>\u00a1Qu\u00e9 puede importar!<br>Hoy, como ayer y ma\u00f1ana<br>Ser\u00e1 mi bandera<br>la rabia heredera<br>del Sur marginal.<\/em><\/p>\n\n\n\n<p class=\"wp-block-paragraph\">Con un pr\u00f3logo previo que muestra <strong>al periodista Horacio Pagani notablemente emocionado por la p\u00e9rdida de Maradona<\/strong>, \u00abYo ya no muero\u00bb inaugura la lista de un sinf\u00edn de canciones que llegar\u00e1n para mitigar la ausencia del alguien que represent\u00f3 mucho m\u00e1s que las pasiones de un jugador de f\u00fatbol. <\/p>\n\n\n\n<p class=\"wp-block-paragraph\"><strong>Escuch\u00e1 y mir\u00e1 \u00abYo ya no muero\u00bb:<\/strong><\/p>\n\n\n\n<iframe loading=\"lazy\" width=\"600\" height=\"355\" src=\"https:\/\/www.youtube.com\/embed\/fTG36De5meQ\" frameborder=\"0\" allow=\"accelerometer; autoplay; clipboard-write; encrypted-media; gyroscope; picture-in-picture\" allowfullscreen=\"\"><\/iframe>\n\n\n\n<p class=\"wp-block-paragraph\"><\/p>\n","protected":false},"excerpt":{"rendered":"<p>El recuerdo y el dolor por la p\u00e9rdida de Maradona se hacen canci\u00f3n.<\/p>\n","protected":false},"author":1,"featured_media":4668,"comment_status":"open","ping_status":"open","sticky":false,"template":"","format":"standard","meta":{"footnotes":""},"categories":[3,2],"tags":[344,119,340,32,345,233,341,312,232,112],"class_list":["post-4667","post","type-post","status-publish","format-standard","has-post-thumbnail","hentry","category-noticias","category-videos","tag-alejandro-szwarcman","tag-cucuza-castiello","tag-diego-maradona","tag-featured","tag-horacio-pagani","tag-javier-gonzalez","tag-maradona","tag-pablo-covacevich","tag-patricia-barone","tag-quinteto-negro-la-boca"],"_links":{"self":[{"href":"https:\/\/www.fracturaexpuesta.com.ar\/tango\/wp-json\/wp\/v2\/posts\/4667","targetHints":{"allow":["GET"]}}],"collection":[{"href":"https:\/\/www.fracturaexpuesta.com.ar\/tango\/wp-json\/wp\/v2\/posts"}],"about":[{"href":"https:\/\/www.fracturaexpuesta.com.ar\/tango\/wp-json\/wp\/v2\/types\/post"}],"author":[{"embeddable":true,"href":"https:\/\/www.fracturaexpuesta.com.ar\/tango\/wp-json\/wp\/v2\/users\/1"}],"replies":[{"embeddable":true,"href":"https:\/\/www.fracturaexpuesta.com.ar\/tango\/wp-json\/wp\/v2\/comments?post=4667"}],"version-history":[{"count":7,"href":"https:\/\/www.fracturaexpuesta.com.ar\/tango\/wp-json\/wp\/v2\/posts\/4667\/revisions"}],"predecessor-version":[{"id":4675,"href":"https:\/\/www.fracturaexpuesta.com.ar\/tango\/wp-json\/wp\/v2\/posts\/4667\/revisions\/4675"}],"wp:featuredmedia":[{"embeddable":true,"href":"https:\/\/www.fracturaexpuesta.com.ar\/tango\/wp-json\/wp\/v2\/media\/4668"}],"wp:attachment":[{"href":"https:\/\/www.fracturaexpuesta.com.ar\/tango\/wp-json\/wp\/v2\/media?parent=4667"}],"wp:term":[{"taxonomy":"category","embeddable":true,"href":"https:\/\/www.fracturaexpuesta.com.ar\/tango\/wp-json\/wp\/v2\/categories?post=4667"},{"taxonomy":"post_tag","embeddable":true,"href":"https:\/\/www.fracturaexpuesta.com.ar\/tango\/wp-json\/wp\/v2\/tags?post=4667"}],"curies":[{"name":"wp","href":"https:\/\/api.w.org\/{rel}","templated":true}]}}