{"id":4721,"date":"2021-01-24T18:12:07","date_gmt":"2021-01-24T18:12:07","guid":{"rendered":"http:\/\/www.fracturaexpuesta.com.ar\/tango\/?p=4721"},"modified":"2021-01-24T18:31:14","modified_gmt":"2021-01-24T18:31:14","slug":"picadito-de-tango-20-asi-suena-hoy","status":"publish","type":"post","link":"https:\/\/www.fracturaexpuesta.com.ar\/tango\/picadito-de-tango-20-asi-suena-hoy\/","title":{"rendered":"Picadito de tango #20: as\u00ed suena, hoy"},"content":{"rendered":"\n<p style=\"color:#ff0004;font-size:26px\" class=\"has-text-color wp-block-paragraph\"><strong>Schissi inspirado en Spinetta<\/strong><\/p>\n\n\n\n<p class=\"wp-block-paragraph\">Casi en simult\u00e1neo con un nuevo aniversario del nacimiento de Luis Alberto Spinetta, <strong>el pianista Diego Schissi lanz\u00f3 \u201c\u00c1rbol\u201d, un tema adelanto de lo que ser\u00e1 <em>Te<\/em><\/strong>, el pr\u00f3ximo disco junto a su quinteto.<\/p>\n\n\n\n<p class=\"wp-block-paragraph\">Seg\u00fan cont\u00f3 Schissi, <em>Te<\/em> ser\u00e1 un \u00e1lbum en el que cada tema est\u00e1 tomado de una palabra de la canci\u00f3n \u201cPor\u201d, del disco Artaud que public\u00f3 <strong>Spinetta<\/strong> en 1973.<\/p>\n\n\n\n<p class=\"wp-block-paragraph\">\u201c<strong>Siento una fuerza \u00e9tica en lo que \u00e9l hizo<\/strong> y c\u00f3mo se acerc\u00f3 a la m\u00fasica que me pareci\u00f3 un modelo excepcional, \u00fanico\u201d, hab\u00eda dicho <a rel=\"noreferrer noopener\" aria-label=\"Schissi en una nota de Fractura Expuesta (abre en una nueva pesta\u00f1a)\" href=\"http:\/\/www.fracturaexpuesta.com.ar\/schissi-siento-una-fuerza-etica-en-lo-que-spinetta-hizo-que-me-parecio-un-modelo-unico\/\" target=\"_blank\">Schissi sobre Spinetta en una nota de Fractura Expuesta<\/a>.<\/p>\n\n\n\n<p class=\"wp-block-paragraph\">Escuch\u00e1 \u00ab\u00c1rbol\u00bb, lo nuevo de Diego Schissi Quinteto:<\/p>\n\n\n\n<iframe loading=\"lazy\" width=\"600\" height=\"355\" src=\"https:\/\/www.youtube.com\/embed\/V5_D3piBgnA\" frameborder=\"0\" allow=\"accelerometer; autoplay; clipboard-write; encrypted-media; gyroscope; picture-in-picture\" allowfullscreen><\/iframe>\n\n\n\n<p class=\"wp-block-paragraph\"><\/p>\n\n\n\n<p style=\"color:#ff0004;font-size:26px\" class=\"has-text-color wp-block-paragraph\"><strong>Debut discogr\u00e1fico de La Runfla Rioplatense<\/strong><\/p>\n\n\n\n<p class=\"wp-block-paragraph\">La Runfla Rioplatense ya tiene su primer disco circulando en plataformas musicales. <strong><em>Pa\u2019 que canten les muchaches<\/em><\/strong> es el t\u00edtulo de un material que recorre un repertorio de tangos, candombes, murgas y canciones originales.<\/p>\n\n\n\n<p class=\"wp-block-paragraph\">Son 8 temas -grabados en 2018- que, tal como manifestaron\ndesde La Runfla, llegan ahora a los oyentes y buscan \u201creflejar y conservar lo\nmejor posible las energ\u00edas que se mueven en el vivo\u201d. <\/p>\n\n\n\n<p class=\"wp-block-paragraph\">\u201cDe esta canciones venimos y hacia otras canciones vamos\u201d, adelantaron desde <strong>el tr\u00edo integrado por Natalia Baz\u00e1n (voz), Nicol\u00e1s Reverso (guitarra y coros) y Agust\u00edn Alfonso (percusi\u00f3n). <\/strong><\/p>\n\n\n\n<p class=\"wp-block-paragraph\">El material incluye versiones de temas como \u201cCarnaval de mi barrio\u201d (Rubinstein), \u201cSin palabras\u201d (Disc\u00e9polo &#8211; Mores), \u201cTango negro\u00bb (C\u00e1ceres) y canciones como \u201cCandombe de los pezones en flor\u201d, de la propia Baz\u00e1n.<\/p>\n\n\n\n<p class=\"wp-block-paragraph\">Escuch\u00e1 el disco completo:<\/p>\n\n\n\n<iframe loading=\"lazy\" width=\"600\" height=\"355\" src=\"https:\/\/www.youtube.com\/embed\/wvX5DyRUfMg\" frameborder=\"0\" allow=\"accelerometer; autoplay; clipboard-write; encrypted-media; gyroscope; picture-in-picture\" allowfullscreen><\/iframe>\n\n\n\n<p class=\"wp-block-paragraph\"><\/p>\n\n\n\n<p style=\"color:#ff0105;font-size:26px\" class=\"has-text-color wp-block-paragraph\"><strong>M\u00e1s ondas radiales para el nuevo tango<\/strong><\/p>\n\n\n\n<p class=\"wp-block-paragraph\">Los viernes, de 18 a 20<strong>,<\/strong> a trav\u00e9s de la radio online <a rel=\"noreferrer noopener\" aria-label=\"Sonora Sur (abre en una nueva pesta\u00f1a)\" href=\"https:\/\/www.sonorasur.ar\/\" target=\"_blank\">Sonora Sur<\/a> se emite el programa <strong>La morada<\/strong>, un espacio que difunde a las nuevas corrientes del tango.<\/p>\n\n\n\n<p class=\"wp-block-paragraph\"><strong>Conducido por Luciano Porcelli<\/strong>, el programa re\u00fane en sus columnas a destacados m\u00fasicos que abordan distintas <strong>aproximaciones al tango de hoy<\/strong>. As\u00ed, participan la violinista Marcela Vigide, la pianista Paula Gandino, el guitarrista Pablo Sensottera, la cantante Natal\u00ed Di Vincenzo y el bandoneonista Nicol\u00e1s Tognola.<\/p>\n\n\n\n<p class=\"wp-block-paragraph\">La morada se puede seguir tambi\u00e9n desde <a rel=\"noreferrer noopener\" aria-label=\" (abre en una nueva pesta\u00f1a)\" href=\"http:\/\/www.twitch.tv.\/lamoradanuevotango\" target=\"_blank\">http:\/\/www.twitch.tv.\/lamoradanuevotango<\/a><\/p>\n","protected":false},"excerpt":{"rendered":"<p>Con novedades de Diego Schissi, La Runfla Rioplatense y el programa de radio La Morada.<\/p>\n","protected":false},"author":1,"featured_media":4722,"comment_status":"open","ping_status":"open","sticky":false,"template":"","format":"standard","meta":{"footnotes":""},"categories":[3],"tags":[122,32,351,350,201,111],"class_list":["post-4721","post","type-post","status-publish","format-standard","has-post-thumbnail","hentry","category-noticias","tag-diego-schissi","tag-featured","tag-la-morada","tag-la-runfla-rioplatense","tag-picadito","tag-tango"],"_links":{"self":[{"href":"https:\/\/www.fracturaexpuesta.com.ar\/tango\/wp-json\/wp\/v2\/posts\/4721","targetHints":{"allow":["GET"]}}],"collection":[{"href":"https:\/\/www.fracturaexpuesta.com.ar\/tango\/wp-json\/wp\/v2\/posts"}],"about":[{"href":"https:\/\/www.fracturaexpuesta.com.ar\/tango\/wp-json\/wp\/v2\/types\/post"}],"author":[{"embeddable":true,"href":"https:\/\/www.fracturaexpuesta.com.ar\/tango\/wp-json\/wp\/v2\/users\/1"}],"replies":[{"embeddable":true,"href":"https:\/\/www.fracturaexpuesta.com.ar\/tango\/wp-json\/wp\/v2\/comments?post=4721"}],"version-history":[{"count":7,"href":"https:\/\/www.fracturaexpuesta.com.ar\/tango\/wp-json\/wp\/v2\/posts\/4721\/revisions"}],"predecessor-version":[{"id":4729,"href":"https:\/\/www.fracturaexpuesta.com.ar\/tango\/wp-json\/wp\/v2\/posts\/4721\/revisions\/4729"}],"wp:featuredmedia":[{"embeddable":true,"href":"https:\/\/www.fracturaexpuesta.com.ar\/tango\/wp-json\/wp\/v2\/media\/4722"}],"wp:attachment":[{"href":"https:\/\/www.fracturaexpuesta.com.ar\/tango\/wp-json\/wp\/v2\/media?parent=4721"}],"wp:term":[{"taxonomy":"category","embeddable":true,"href":"https:\/\/www.fracturaexpuesta.com.ar\/tango\/wp-json\/wp\/v2\/categories?post=4721"},{"taxonomy":"post_tag","embeddable":true,"href":"https:\/\/www.fracturaexpuesta.com.ar\/tango\/wp-json\/wp\/v2\/tags?post=4721"}],"curies":[{"name":"wp","href":"https:\/\/api.w.org\/{rel}","templated":true}]}}