{"id":4733,"date":"2021-01-28T18:46:38","date_gmt":"2021-01-28T18:46:38","guid":{"rendered":"http:\/\/www.fracturaexpuesta.com.ar\/tango\/?p=4733"},"modified":"2021-01-28T18:51:20","modified_gmt":"2021-01-28T18:51:20","slug":"black-rodriguez-mendez-amo-del-tango-la-cruda-emocion","status":"publish","type":"post","link":"https:\/\/www.fracturaexpuesta.com.ar\/tango\/black-rodriguez-mendez-amo-del-tango-la-cruda-emocion\/","title":{"rendered":"Black Rodr\u00edguez M\u00e9ndez: \u201cAmo del tango la cruda emoci\u00f3n\u201d"},"content":{"rendered":"\n<p class=\"wp-block-paragraph\"><strong>\u00bfUn disco, un libro, una pel\u00edcula?<\/strong><\/p>\n\n\n\n<p class=\"wp-block-paragraph\"><em>The Rosko Show<\/em>, varios int\u00e9rpretes.<br><em>Las ense\u00f1anzas de don Juan<\/em>, de Carlos Castaneda.<br><em>Felicidades<\/em>, de Lucho Bender.<\/p>\n\n\n\n<p class=\"wp-block-paragraph\"><strong>\u00bfUn tango imprescindible?<\/strong><\/p>\n\n\n\n<p class=\"wp-block-paragraph\">\u201cBoedo\u201d, de Julio De Caro y  Dante A. Linyera.<\/p>\n\n\n\n<p class=\"wp-block-paragraph\"><strong>\u00bfQu\u00e9 artista o disco recomienda para conocer lo que suena hoy en el tango?<\/strong><\/p>\n\n\n\n<p class=\"wp-block-paragraph\">Luis Alberto Spinetta.<\/p>\n\n\n\n<iframe loading=\"lazy\" width=\"600\" height=\"355\" src=\"https:\/\/www.youtube.com\/embed\/hFYxqIUipGI\" frameborder=\"0\" allow=\"accelerometer; autoplay; clipboard-write; encrypted-media; gyroscope; picture-in-picture\" allowfullscreen><\/iframe>\n\n\n\n<p class=\"wp-block-paragraph\"><\/p>\n\n\n\n<p class=\"wp-block-paragraph\"><strong>\u00bfUn referente cl\u00e1sico que no hay que dejar de escuchar?<\/strong><\/p>\n\n\n\n<p class=\"wp-block-paragraph\">An\u00edbal Troilo.<\/p>\n\n\n\n<p class=\"wp-block-paragraph\"><strong>\u00bfC\u00f3mo y cu\u00e1ndo oye m\u00fasica? \u00bfVinilo, CD, mp3 o plataformas digitales?<\/strong><\/p>\n\n\n\n<p class=\"wp-block-paragraph\">Escucho siempre que puedo. \u00daltimamente escucho en\u00a0 vinilo y en plataformas digitales. Pronto conecto todo y ampliar\u00e9 la escucha a cd&#8217;s y cassettes.<\/p>\n\n\n\n<p class=\"wp-block-paragraph\"><strong>\u00bfQu\u00e9 ama del tango?<\/strong><\/p>\n\n\n\n<p class=\"wp-block-paragraph\">La cruda emoci\u00f3n.<\/p>\n\n\n\n<p class=\"wp-block-paragraph\"><strong>\u00bfQu\u00e9 detesta del tango?<\/strong><\/p>\n\n\n\n<p class=\"wp-block-paragraph\">No se me ocurre nada ahora.<\/p>\n\n\n\n<p class=\"wp-block-paragraph\"><strong>Si no se dedicara al tango \u00bfser\u00eda\u2026?<\/strong><\/p>\n\n\n\n<p class=\"wp-block-paragraph\">Cantor de m\u00fasica tropical.<\/p>\n\n\n\n<p class=\"wp-block-paragraph\"><strong>\u00bfCu\u00e1l fue su \u00faltimo sue\u00f1o?<\/strong><\/p>\n\n\n\n<p class=\"wp-block-paragraph\">Erradicar la estupidez.<\/p>\n\n\n\n<p class=\"wp-block-paragraph\"><strong>Diga lo que tenga ganas de expresar en este momento\u2026<\/strong><\/p>\n\n\n\n<p class=\"wp-block-paragraph\">Agradezco ser contempor\u00e1neo al kirchnerismo, al feminismo y a la gen\u00e9tica de la marihuana.<\/p>\n\n\n\n<iframe loading=\"lazy\" width=\"600\" height=\"355\" src=\"https:\/\/www.youtube.com\/embed\/Ep7TjgZriGk\" frameborder=\"0\" allow=\"accelerometer; autoplay; clipboard-write; encrypted-media; gyroscope; picture-in-picture\" allowfullscreen><\/iframe>\n\n\n\n<p class=\"wp-block-paragraph\"><\/p>\n","protected":false},"excerpt":{"rendered":"<p>El cantor de grupos como Araca Par\u00eds y La Delio Valdez responde el Cuestionario Fractura Expuesta. Recomienda escuchar a Spinetta para interpretar claves del tango actual.<\/p>\n","protected":false},"author":1,"featured_media":4734,"comment_status":"open","ping_status":"open","sticky":false,"template":"","format":"standard","meta":{"footnotes":""},"categories":[159],"tags":[356,355,161,32,357,111],"class_list":["post-4733","post","type-post","status-publish","format-standard","has-post-thumbnail","hentry","category-cuestionario-fractura-expuesta","tag-araca-paris","tag-black-rodriguez-mendez","tag-cuestionario-fractura-expuesta","tag-featured","tag-la-delio-valdez","tag-tango"],"_links":{"self":[{"href":"https:\/\/www.fracturaexpuesta.com.ar\/tango\/wp-json\/wp\/v2\/posts\/4733","targetHints":{"allow":["GET"]}}],"collection":[{"href":"https:\/\/www.fracturaexpuesta.com.ar\/tango\/wp-json\/wp\/v2\/posts"}],"about":[{"href":"https:\/\/www.fracturaexpuesta.com.ar\/tango\/wp-json\/wp\/v2\/types\/post"}],"author":[{"embeddable":true,"href":"https:\/\/www.fracturaexpuesta.com.ar\/tango\/wp-json\/wp\/v2\/users\/1"}],"replies":[{"embeddable":true,"href":"https:\/\/www.fracturaexpuesta.com.ar\/tango\/wp-json\/wp\/v2\/comments?post=4733"}],"version-history":[{"count":2,"href":"https:\/\/www.fracturaexpuesta.com.ar\/tango\/wp-json\/wp\/v2\/posts\/4733\/revisions"}],"predecessor-version":[{"id":4736,"href":"https:\/\/www.fracturaexpuesta.com.ar\/tango\/wp-json\/wp\/v2\/posts\/4733\/revisions\/4736"}],"wp:featuredmedia":[{"embeddable":true,"href":"https:\/\/www.fracturaexpuesta.com.ar\/tango\/wp-json\/wp\/v2\/media\/4734"}],"wp:attachment":[{"href":"https:\/\/www.fracturaexpuesta.com.ar\/tango\/wp-json\/wp\/v2\/media?parent=4733"}],"wp:term":[{"taxonomy":"category","embeddable":true,"href":"https:\/\/www.fracturaexpuesta.com.ar\/tango\/wp-json\/wp\/v2\/categories?post=4733"},{"taxonomy":"post_tag","embeddable":true,"href":"https:\/\/www.fracturaexpuesta.com.ar\/tango\/wp-json\/wp\/v2\/tags?post=4733"}],"curies":[{"name":"wp","href":"https:\/\/api.w.org\/{rel}","templated":true}]}}